{"id":16824,"date":"2022-05-16T12:21:17","date_gmt":"2022-05-16T15:21:17","guid":{"rendered":"https:\/\/radiorevelacionfm.cl\/?p=16824"},"modified":"2022-05-16T12:21:17","modified_gmt":"2022-05-16T15:21:17","slug":"cisnes-participa-en-proyecto-del-gobierno-y-fao-para-la-conservacion-y-uso-sostenible-de-recursos-marinos-y-costeros","status":"publish","type":"post","link":"https:\/\/radiorevelacionfm.cl\/?p=16824","title":{"rendered":"Cisnes participa en proyecto del Gobierno y FAO para la conservaci\u00f3n y uso sostenible de recursos marinos y costeros"},"content":{"rendered":"<div class=\"flex_column av_one_full  flex_column_div av-zero-column-padding first  avia-builder-el-0  el_before_av_one_full  avia-builder-el-first  \" style='border-radius:0px; '><div  class='avia-image-container  av-styling-    avia-builder-el-1  avia-builder-el-no-sibling  avia-align-center '  itemprop=\"image\" itemscope=\"itemscope\" itemtype=\"https:\/\/schema.org\/ImageObject\"  ><div class='avia-image-container-inner'><div class='avia-image-overlay-wrap'><img decoding=\"async\" class='wp-image-16825 avia-img-lazy-loading-not-16825 avia_image' src=\"https:\/\/radiorevelacionfm.cl\/wp-content\/uploads\/2022\/05\/fao-1-1.jpg\" alt='' title='fao (1) (1)' height=\"600\" width=\"1088\"  itemprop=\"thumbnailUrl\" srcset=\"https:\/\/radiorevelacionfm.cl\/wp-content\/uploads\/2022\/05\/fao-1-1.jpg 1088w, https:\/\/radiorevelacionfm.cl\/wp-content\/uploads\/2022\/05\/fao-1-1-300x165.jpg 300w, https:\/\/radiorevelacionfm.cl\/wp-content\/uploads\/2022\/05\/fao-1-1-1030x568.jpg 1030w, https:\/\/radiorevelacionfm.cl\/wp-content\/uploads\/2022\/05\/fao-1-1-768x424.jpg 768w, https:\/\/radiorevelacionfm.cl\/wp-content\/uploads\/2022\/05\/fao-1-1-705x389.jpg 705w, https:\/\/radiorevelacionfm.cl\/wp-content\/uploads\/2022\/05\/fao-1-1-600x331.jpg 600w\" sizes=\"(max-width: 1088px) 100vw, 1088px\" \/><\/div><\/div><\/div><\/div><div class=\"flex_column av_one_full  flex_column_div av-zero-column-padding first  avia-builder-el-2  el_after_av_one_full  el_before_av_one_full  column-top-margin\" style='border-radius:0px; '><section class=\"av_textblock_section \"  itemscope=\"itemscope\" itemtype=\"https:\/\/schema.org\/BlogPosting\" itemprop=\"blogPost\" ><div class='avia_textblock  '   itemprop=\"text\" ><p style=\"text-align: center;\"><span style=\"font-size: 18pt;\"><strong>Cisnes participa en proyecto del Gobierno y FAO para la conservaci\u00f3n y uso sostenible de recursos marinos y costeros<\/strong><\/span><\/p>\n<div id=\"gtx-trans\" style=\"position: absolute; left: -50px; top: 4.31534px;\">\n<div class=\"gtx-trans-icon\"><\/div>\n<\/div>\n<\/div><\/section><\/div><div class=\"flex_column av_one_full  flex_column_div av-zero-column-padding first  avia-builder-el-4  el_after_av_one_full  el_before_av_hr  column-top-margin\" style='border-radius:0px; '><section class=\"av_textblock_section \"  itemscope=\"itemscope\" itemtype=\"https:\/\/schema.org\/BlogPosting\" itemprop=\"blogPost\" ><div class='avia_textblock  '   itemprop=\"text\" ><p style=\"text-align: justify;\">Este 02 de junio se realizar\u00e1n los talleres de inicio en el gimnasio de Puerto Cisnes de la iniciativa que busca desarrollar e implementar un sistema de gobernanza que integre, coordine y articule las instituciones p\u00fablicas, privadas y de la sociedad civil para la conservaci\u00f3n de los ecosistemas marinos costeros y la diversidad de especies que habitan en ellos.<\/p>\n<p style=\"text-align: justify;\"><em>\u00a0<\/em>Las comunidades locales ser\u00e1n los actores principales del proyecto Gobernanza Marino Costera, que busca avanzar hacia la conservaci\u00f3n y el uso sostenible de los recursos marinos costeros, para las generaciones presentes y futuras.<\/p>\n<p style=\"text-align: justify;\">El proyecto tendr\u00e1 una duraci\u00f3n de 4 a\u00f1os, y ya comenz\u00f3 la etapa de trabajo en los territorios junto a las comunidades, espec\u00edficamente en Ra\u00fal Mar\u00edn Balmaceda, Melimoyu, Puyuhuapi, Puerto Cisnes, Puerto Gala y Puerto Gaviota, todas localidades de la regi\u00f3n de Ays\u00e9n.<\/p>\n<p style=\"text-align: justify;\">Para la ministra del Medio Ambiente, Maisa Rojas, este proyecto significa que \u201ccomo gobierno valoramos la posibilidad de implementar talleres que permitan mejorar nuestra gobernanza marino-costera. La integraci\u00f3n y la articulaci\u00f3n de las instituciones p\u00fablicas, privadas y de la sociedad civil es fundamental para resguardar la diversidad de especies que habitan en estos ecosistemas\u00bb.<\/p>\n<p style=\"text-align: justify;\">Frente a la actividad del 02 de junio sostuvo que \u00abestos talleres ser\u00e1n una oportunidad para aunar criterios y empoderar a las instituciones y a las comunidades para tomar las mejores decisiones en cada territorio con el objetivo de cuidar el medioambiente\u00bb.<\/p>\n<p style=\"text-align: justify;\">El proyecto es implementado por la Organizaci\u00f3n de las Naciones Unidas para la Alimentaci\u00f3n y la Agricultura (FAO) y ejecutado por el Ministerio del Medio Ambiente, junto a la Subsecretar\u00eda de Pesca y Sernapesca.<\/p>\n<p style=\"text-align: justify;\">Junto con la comuna de Cisnes, la otra zona que forma parte de este plan piloto es \u00a0el \u00e1rea costera de las comunas de Freirina y La Higuera, en la regi\u00f3n de Atacama y Coquimbo respectivamente. En ambos lugares se realizar\u00e1n talleres de capacitaci\u00f3n y sensibilizaci\u00f3n, elaboraci\u00f3n de publicaciones, art\u00edculos de divulgaci\u00f3n cient\u00edfica, memorias de pr\u00e1cticas, manuales de cultivos experimentales, intercambio de experiencias entre las \u00e1reas piloto, entre otros.<\/p>\n<p style=\"text-align: justify;\">La Coordinadora Nacional del Proyecto y funcionaria de FAO, Manuela Erazo asegura que \u201clos ecosistemas marino costeros proporcionan muchos recursos que son beneficiosos para nuestra sociedad, donde una buena parte de la poblaci\u00f3n nacional depende de los oc\u00e9anos y las costas para su bienestar econ\u00f3mico y social\u201d. En esta l\u00ednea agreg\u00f3 que \u201cqueremos apoyar m\u00faltiples actores regionales y locales a superar las barreras que impiden una buena gobernanza, para la gesti\u00f3n sustentable de estos vitales ecosistemas\u201d.<\/p>\n<p style=\"text-align: justify;\">El proyecto busca generar beneficios ambientales globales, adem\u00e1s de beneficios socio-econ\u00f3micos. Entre ellos se encuentra mejorar las capacidades de hombres y mujeres que se dedican a actividades pesqueras en comunidades piloto para la implementaci\u00f3n de pr\u00e1cticas y tecnolog\u00edas, as\u00ed como tambi\u00e9n, ecosistemas marinos costeros con gesti\u00f3n y sistemas de gobernanza fortalecidos para su conservaci\u00f3n y uso sostenible. Asimismo, se espera que haya un aumento de sus ingresos asociados al uso sostenible de los recursos y ecosistemas marinos;<\/p>\n<p style=\"text-align: justify;\">La comuna de Cisnes fue escogida por ser un sitio representativo de \u00c1reas Marinas de Importancia Ecol\u00f3gica o Biol\u00f3gicamente Significativa y donde se han desarrollado procesos locales y regionales de ordenamiento y\/o planificaci\u00f3n territorial, tales como microzonificaci\u00f3n del borde costero, Plan Regional de Ordenamiento Territorial (PROT) entre otros. Adem\u00e1s, de ser un municipio comprometido con procesos de planificaci\u00f3n territorial, cuyas comunidades locales demandan una mejor gobernanza y gesti\u00f3n marino costera.<\/p>\n<p style=\"text-align: justify;\">Para el Alcalde de Cisnes, Francisco Roncagliolo Lepio, el proyecto es importante para la zona porque, \u201cbuscamos con esto llegar a una alternativa de gobernanza del litoral que involucre a todos los actores. Ac\u00e1 todas las actividades productivas son bienvenidas en la conversaci\u00f3n y esperamos en este proceso de 4 a\u00f1os lograr una muy buena alternativa que permita ordenar y desarrollar de mejor forma la comuna de Cisnes\u201d, explic\u00f3.<\/p>\n<p style=\"text-align: justify;\">Chile tiene m\u00e1s de 4 mil km lineales de costa y los ecosistemas marino costeros tienen una biodiversidad \u00fanica y muy importante en el mundo. El pa\u00eds es una potencia pesquera y acu\u00edcola a nivel mundial, por esta raz\u00f3n dentro de los socios estrat\u00e9gicos del proyecto est\u00e1 Subsecretar\u00eda de Pesca y Acuicultura y Sernapesca.<\/p>\n<p style=\"text-align: justify;\">Al respecto, el subsecretario Julio Salas, expres\u00f3: \u201cEste proyecto es una oportunidad real que seguro nos permitir\u00e1, en un futuro cercano, replicar esta experiencia en otras latitudes del pa\u00eds. La conservaci\u00f3n de los ecosistemas marinos y el uso sostenible de los recursos marinos requiere que todos los sectores trabajen unidos para proteger, conservar y desarrollar actividades econ\u00f3micas sustentables y sostenibles en el tiempo que aseguren el futuro, desarrollo y bienestar de los pescadores y comunidades que dependen del mar\u201d.\u201d<\/p>\n<p style=\"text-align: justify;\">Por su parte el Director Nacional de Sernapesca, Fernando Naranjo, agrega que \u201cpara Sernapesca es de gran relevancia participar en este proyecto GEF y contribuir al ordenamiento territorial y la gobernanza de las zonas priorizadas, considerando la importante actividad pesquera artesanal que all\u00ed se desarrolla, as\u00ed como tambi\u00e9n la gesti\u00f3n del \u00c1rea Marina Costera Protegida de M\u00faltiples Usos (AMCP-MU) PitiPalenaA\u00f1ihu\u00e9, en la regi\u00f3n de Ays\u00e9n, con el fin de aportar a la conservaci\u00f3n de la biodiversidad marina y uso sustentable de los recursos hidrobiol\u00f3gicos bajo un enfoque ecosist\u00e9mico\u201d, puntualiz\u00f3.<\/p>\n<\/div><\/section><\/div><div  style='height:50px' class='hr hr-invisible   avia-builder-el-6  el_after_av_one_full  el_before_av_social_share '><span class='hr-inner ' ><span class='hr-inner-style'><\/span><\/span><\/div><\/p>\n<div  class='av-social-sharing-box  avia-builder-el-7  el_after_av_hr  el_before_av_hr  '><div class='av-share-box'><h5 class='av-share-link-description av-no-toc '>Compartir esta noticia<\/h5><ul class='av-share-box-list noLightbox'><li class='av-share-link av-social-link-facebook' ><a target=\"_blank\" aria-label=\"Compartir en Facebook\" href='https:\/\/www.facebook.com\/sharer.php?u=https:\/\/radiorevelacionfm.cl\/?p=16824&#038;t=Cisnes%20participa%20en%20proyecto%20del%20Gobierno%20y%20FAO%20para%20la%20conservaci%C3%B3n%20y%20uso%20sostenible%20de%20recursos%20marinos%20y%20costeros' aria-hidden='false' data-av_icon='\ue8f3' data-av_iconfont='entypo-fontello' title='' data-avia-related-tooltip='Compartir en Facebook' rel=\"noopener\"><span class='avia_hidden_link_text'>Compartir en Facebook<\/span><\/a><\/li><li class='av-share-link av-social-link-twitter' ><a target=\"_blank\" aria-label=\"Compartir en Twitter\" href='https:\/\/twitter.com\/share?text=Cisnes%20participa%20en%20proyecto%20del%20Gobierno%20y%20FAO%20para%20la%20conservaci%C3%B3n%20y%20uso%20sostenible%20de%20recursos%20marinos%20y%20costeros&#038;url=https:\/\/radiorevelacionfm.cl\/?p=16824' aria-hidden='false' data-av_icon='\ue8f1' data-av_iconfont='entypo-fontello' title='' data-avia-related-tooltip='Compartir en Twitter' rel=\"noopener\"><span class='avia_hidden_link_text'>Compartir en Twitter<\/span><\/a><\/li><li class='av-share-link av-social-link-whatsapp' ><a target=\"_blank\" aria-label=\"Compartir en Whatsapp\" href='https:\/\/api.whatsapp.com\/send?text=https:\/\/radiorevelacionfm.cl\/?p=16824' aria-hidden='false' data-av_icon='\uf232' data-av_iconfont='entypo-fontello' title='' data-avia-related-tooltip='Compartir en Whatsapp' rel=\"noopener\"><span class='avia_hidden_link_text'>Compartir en Whatsapp<\/span><\/a><\/li><li class='av-share-link av-social-link-linkedin' ><a target=\"_blank\" aria-label=\"Compartir en LinkedIn\" href='https:\/\/linkedin.com\/shareArticle?mini=true&#038;title=Cisnes%20participa%20en%20proyecto%20del%20Gobierno%20y%20FAO%20para%20la%20conservaci%C3%B3n%20y%20uso%20sostenible%20de%20recursos%20marinos%20y%20costeros&#038;url=https:\/\/radiorevelacionfm.cl\/?p=16824' aria-hidden='false' data-av_icon='\ue8fc' data-av_iconfont='entypo-fontello' title='' data-avia-related-tooltip='Compartir en LinkedIn' rel=\"noopener\"><span class='avia_hidden_link_text'>Compartir en LinkedIn<\/span><\/a><\/li><li class='av-share-link av-social-link-mail' ><a  aria-label=\"Compartir por correo\" href='mailto:?subject=Cisnes%20participa%20en%20proyecto%20del%20Gobierno%20y%20FAO%20para%20la%20conservaci%C3%B3n%20y%20uso%20sostenible%20de%20recursos%20marinos%20y%20costeros&#038;body=https:\/\/radiorevelacionfm.cl\/?p=16824' aria-hidden='false' data-av_icon='\ue805' data-av_iconfont='entypo-fontello' title='' data-avia-related-tooltip='Compartir por correo'><span class='avia_hidden_link_text'>Compartir por correo<\/span><\/a><\/li><\/ul><\/div><\/div>\n<div  style='height:50px' class='hr hr-invisible   avia-builder-el-8  el_after_av_social_share  el_before_av_comments_list '><span class='hr-inner ' ><span class='hr-inner-style'><\/span><\/span><\/div>\n<div  class='av-buildercomment  av-blog-meta-html-info-disabled av-blog-meta-tag-disabled  '><\/div>\n","protected":false},"excerpt":{"rendered":"","protected":false},"author":1,"featured_media":16825,"comment_status":"open","ping_status":"open","sticky":false,"template":"","format":"standard","meta":{"footnotes":""},"categories":[39,38],"tags":[],"class_list":["post-16824","post","type-post","status-publish","format-standard","has-post-thumbnail","hentry","category-medio-ambiente","category-regional"],"jetpack_featured_media_url":"https:\/\/radiorevelacionfm.cl\/wp-content\/uploads\/2022\/05\/fao-1-1.jpg","_links":{"self":[{"href":"https:\/\/radiorevelacionfm.cl\/index.php?rest_route=\/wp\/v2\/posts\/16824","targetHints":{"allow":["GET"]}}],"collection":[{"href":"https:\/\/radiorevelacionfm.cl\/index.php?rest_route=\/wp\/v2\/posts"}],"about":[{"href":"https:\/\/radiorevelacionfm.cl\/index.php?rest_route=\/wp\/v2\/types\/post"}],"author":[{"embeddable":true,"href":"https:\/\/radiorevelacionfm.cl\/index.php?rest_route=\/wp\/v2\/users\/1"}],"replies":[{"embeddable":true,"href":"https:\/\/radiorevelacionfm.cl\/index.php?rest_route=%2Fwp%2Fv2%2Fcomments&post=16824"}],"version-history":[{"count":2,"href":"https:\/\/radiorevelacionfm.cl\/index.php?rest_route=\/wp\/v2\/posts\/16824\/revisions"}],"predecessor-version":[{"id":16827,"href":"https:\/\/radiorevelacionfm.cl\/index.php?rest_route=\/wp\/v2\/posts\/16824\/revisions\/16827"}],"wp:featuredmedia":[{"embeddable":true,"href":"https:\/\/radiorevelacionfm.cl\/index.php?rest_route=\/wp\/v2\/media\/16825"}],"wp:attachment":[{"href":"https:\/\/radiorevelacionfm.cl\/index.php?rest_route=%2Fwp%2Fv2%2Fmedia&parent=16824"}],"wp:term":[{"taxonomy":"category","embeddable":true,"href":"https:\/\/radiorevelacionfm.cl\/index.php?rest_route=%2Fwp%2Fv2%2Fcategories&post=16824"},{"taxonomy":"post_tag","embeddable":true,"href":"https:\/\/radiorevelacionfm.cl\/index.php?rest_route=%2Fwp%2Fv2%2Ftags&post=16824"}],"curies":[{"name":"wp","href":"https:\/\/api.w.org\/{rel}","templated":true}]}}