{"id":16790,"date":"2022-05-13T11:04:48","date_gmt":"2022-05-13T14:04:48","guid":{"rendered":"https:\/\/radiorevelacionfm.cl\/?p=16790"},"modified":"2022-05-13T11:04:48","modified_gmt":"2022-05-13T14:04:48","slug":"reserva-nacional-coyhaique-celebra-su-aniversario-74con-acceso-gratuito","status":"publish","type":"post","link":"https:\/\/radiorevelacionfm.cl\/?p=16790","title":{"rendered":"Reserva Nacional Coyhaique celebra su aniversario 74\u00b0con acceso gratuito"},"content":{"rendered":"<div class=\"flex_column av_one_full  flex_column_div av-zero-column-padding first  avia-builder-el-0  el_before_av_one_full  avia-builder-el-first  \" style='border-radius:0px; '><div  class='avia-image-container  av-styling-    avia-builder-el-1  avia-builder-el-no-sibling  avia-align-center '  itemprop=\"image\" itemscope=\"itemscope\" itemtype=\"https:\/\/schema.org\/ImageObject\"  ><div class='avia-image-container-inner'><div class='avia-image-overlay-wrap'><img decoding=\"async\" class='wp-image-16791 avia-img-lazy-loading-not-16791 avia_image' src=\"https:\/\/radiorevelacionfm.cl\/wp-content\/uploads\/2022\/05\/IMG_7078-1-1.jpg\" alt='' title='IMG_7078 (1) (1)' height=\"600\" width=\"800\"  itemprop=\"thumbnailUrl\" srcset=\"https:\/\/radiorevelacionfm.cl\/wp-content\/uploads\/2022\/05\/IMG_7078-1-1.jpg 800w, https:\/\/radiorevelacionfm.cl\/wp-content\/uploads\/2022\/05\/IMG_7078-1-1-300x225.jpg 300w, https:\/\/radiorevelacionfm.cl\/wp-content\/uploads\/2022\/05\/IMG_7078-1-1-768x576.jpg 768w, https:\/\/radiorevelacionfm.cl\/wp-content\/uploads\/2022\/05\/IMG_7078-1-1-705x529.jpg 705w, https:\/\/radiorevelacionfm.cl\/wp-content\/uploads\/2022\/05\/IMG_7078-1-1-600x450.jpg 600w\" sizes=\"(max-width: 800px) 100vw, 800px\" \/><\/div><\/div><\/div><\/div><div class=\"flex_column av_one_full  flex_column_div av-zero-column-padding first  avia-builder-el-2  el_after_av_one_full  el_before_av_one_full  column-top-margin\" style='border-radius:0px; '><section class=\"av_textblock_section \"  itemscope=\"itemscope\" itemtype=\"https:\/\/schema.org\/BlogPosting\" itemprop=\"blogPost\" ><div class='avia_textblock  '   itemprop=\"text\" ><p style=\"text-align: center;\"><span style=\"font-size: 18pt;\"><strong>Reserva Nacional Coyhaique celebra su aniversario 74\u00b0con acceso gratuito<\/strong><\/span><\/p>\n<div id=\"gtx-trans\" style=\"position: absolute; left: -50px; top: 4.31534px;\">\n<div class=\"gtx-trans-icon\"><\/div>\n<\/div>\n<\/div><\/section><\/div><div class=\"flex_column av_one_full  flex_column_div av-zero-column-padding first  avia-builder-el-4  el_after_av_one_full  el_before_av_hr  column-top-margin\" style='border-radius:0px; '><section class=\"av_textblock_section \"  itemscope=\"itemscope\" itemtype=\"https:\/\/schema.org\/BlogPosting\" itemprop=\"blogPost\" ><div class='avia_textblock  '   itemprop=\"text\" ><p style=\"text-align: justify;\">Creada por decreto supremo n.\u00b0 1155 del 13 de mayo de 1948, siendo as\u00ed la segunda m\u00e1s antigua de la regi\u00f3n y con una superficie total de 2.150 hect\u00e1reas, nace la Reserva Nacional Coyhaique, la que est\u00e1 bajo el alero de protecci\u00f3n de la Corporaci\u00f3n Nacional Forestal (CONAF) y que es administrado por la oficina provincial de Coyhaique. Adem\u00e1s, de manera coincidente, la instituci\u00f3n est\u00e1 de aniversario el mismo d\u00eda, cumpliendo 52 a\u00f1os este 2022.<\/p>\n<p style=\"text-align: justify;\">Es considerada el antejard\u00edn de la capital de Coyhaique, resguardando los \u00fanicos pulmones verdes que rodea a esta ciudad con densos bosques nativos como lengas, coig\u00fces y \u00f1ires, y plantaciones de especies ex\u00f3ticas, en su gran mayor\u00eda pinos que fueron plantados en el a\u00f1o 1958 con el fin de recuperar suelos erosionados que fueron dejados por los grandes incendios de anta\u00f1o, que afectaron a gran parte de la Reserva el a\u00f1o 1955 y que hoy gracias a un proyecto financiado por el Gobierno Regional, se est\u00e1n extrayendo estas especies desde el a\u00f1o 2004 remplaz\u00e1ndolas por especies nativas para volver a su estructura inicial.<\/p>\n<p style=\"text-align: justify;\">Este pr\u00edstino espacio cobija a fauna protegida como puma, c\u00f3ndor, zorro colorados, gato de Geoffroy, gui\u00f1a, carpinteros negros, pato silvestre, yeco, aves rapaces entre otros.<\/p>\n<p style=\"text-align: justify;\">Programe este fin de semana y del\u00e9itese visitando las lagunas Venus, Los Sapos, Los Mallines y por supuesto la Verde que cuenta con el sendero universal m\u00e1s extenso de Chile con miradores y una pasarela flotante de 250 metros lo que esto \u00faltimo la hace \u00fanica en las \u00c1reas silvestre protegida en nuestro pa\u00eds.<\/p>\n<p style=\"text-align: justify;\">El ingreso ser\u00e1 desde las 09:00 a las 14:30 para ambos d\u00edas, mientras que el d\u00eda viernes 13 se cerrar\u00e1 a todo p\u00fablico por actividades internas en alusi\u00f3n al aniversario tanto de la unidad como de la CONAF a nivel nacional.<\/p>\n<p style=\"text-align: justify;\">Recuerde que el ingreso vehicular solo se permite a personas con discapacidad y adulto mayor, adem\u00e1s, el sendero Las Piedras (Cumbre Cinchao) se encuentra cerrado por horario invernal y por \u00faltimo, no olvide hacer su reserva previa en <a href=\"http:\/\/www.aspticket.cl\">www.aspticket.cl<\/a>.<\/p>\n<\/div><\/section><\/div><div  style='height:50px' class='hr hr-invisible   avia-builder-el-6  el_after_av_one_full  el_before_av_social_share '><span class='hr-inner ' ><span class='hr-inner-style'><\/span><\/span><\/div><\/p>\n<div  class='av-social-sharing-box  avia-builder-el-7  el_after_av_hr  el_before_av_hr  '><div class='av-share-box'><h5 class='av-share-link-description av-no-toc '>Compartir esta noticia<\/h5><ul class='av-share-box-list noLightbox'><li class='av-share-link av-social-link-facebook' ><a target=\"_blank\" aria-label=\"Compartir en Facebook\" href='https:\/\/www.facebook.com\/sharer.php?u=https:\/\/radiorevelacionfm.cl\/?p=16790&#038;t=Reserva%20Nacional%20Coyhaique%20celebra%20su%20aniversario%2074%C2%B0con%20acceso%20gratuito' aria-hidden='false' data-av_icon='\ue8f3' data-av_iconfont='entypo-fontello' title='' data-avia-related-tooltip='Compartir en Facebook' rel=\"noopener\"><span class='avia_hidden_link_text'>Compartir en Facebook<\/span><\/a><\/li><li class='av-share-link av-social-link-twitter' ><a target=\"_blank\" aria-label=\"Compartir en Twitter\" href='https:\/\/twitter.com\/share?text=Reserva%20Nacional%20Coyhaique%20celebra%20su%20aniversario%2074%C2%B0con%20acceso%20gratuito&#038;url=https:\/\/radiorevelacionfm.cl\/?p=16790' aria-hidden='false' data-av_icon='\ue8f1' data-av_iconfont='entypo-fontello' title='' data-avia-related-tooltip='Compartir en Twitter' rel=\"noopener\"><span class='avia_hidden_link_text'>Compartir en Twitter<\/span><\/a><\/li><li class='av-share-link av-social-link-whatsapp' ><a target=\"_blank\" aria-label=\"Compartir en Whatsapp\" href='https:\/\/api.whatsapp.com\/send?text=https:\/\/radiorevelacionfm.cl\/?p=16790' aria-hidden='false' data-av_icon='\uf232' data-av_iconfont='entypo-fontello' title='' data-avia-related-tooltip='Compartir en Whatsapp' rel=\"noopener\"><span class='avia_hidden_link_text'>Compartir en Whatsapp<\/span><\/a><\/li><li class='av-share-link av-social-link-linkedin' ><a target=\"_blank\" aria-label=\"Compartir en LinkedIn\" href='https:\/\/linkedin.com\/shareArticle?mini=true&#038;title=Reserva%20Nacional%20Coyhaique%20celebra%20su%20aniversario%2074%C2%B0con%20acceso%20gratuito&#038;url=https:\/\/radiorevelacionfm.cl\/?p=16790' aria-hidden='false' data-av_icon='\ue8fc' data-av_iconfont='entypo-fontello' title='' data-avia-related-tooltip='Compartir en LinkedIn' rel=\"noopener\"><span class='avia_hidden_link_text'>Compartir en LinkedIn<\/span><\/a><\/li><li class='av-share-link av-social-link-mail' ><a  aria-label=\"Compartir por correo\" href='mailto:?subject=Reserva%20Nacional%20Coyhaique%20celebra%20su%20aniversario%2074%C2%B0con%20acceso%20gratuito&#038;body=https:\/\/radiorevelacionfm.cl\/?p=16790' aria-hidden='false' data-av_icon='\ue805' data-av_iconfont='entypo-fontello' title='' data-avia-related-tooltip='Compartir por correo'><span class='avia_hidden_link_text'>Compartir por correo<\/span><\/a><\/li><\/ul><\/div><\/div>\n<div  style='height:50px' class='hr hr-invisible   avia-builder-el-8  el_after_av_social_share  el_before_av_comments_list '><span class='hr-inner ' ><span class='hr-inner-style'><\/span><\/span><\/div>\n<div  class='av-buildercomment  av-blog-meta-html-info-disabled av-blog-meta-tag-disabled  '><\/div>\n","protected":false},"excerpt":{"rendered":"","protected":false},"author":1,"featured_media":16791,"comment_status":"open","ping_status":"open","sticky":false,"template":"","format":"standard","meta":{"footnotes":""},"categories":[39,54],"tags":[],"class_list":["post-16790","post","type-post","status-publish","format-standard","has-post-thumbnail","hentry","category-medio-ambiente","category-turismo"],"jetpack_featured_media_url":"https:\/\/radiorevelacionfm.cl\/wp-content\/uploads\/2022\/05\/IMG_7078-1-1.jpg","_links":{"self":[{"href":"https:\/\/radiorevelacionfm.cl\/index.php?rest_route=\/wp\/v2\/posts\/16790","targetHints":{"allow":["GET"]}}],"collection":[{"href":"https:\/\/radiorevelacionfm.cl\/index.php?rest_route=\/wp\/v2\/posts"}],"about":[{"href":"https:\/\/radiorevelacionfm.cl\/index.php?rest_route=\/wp\/v2\/types\/post"}],"author":[{"embeddable":true,"href":"https:\/\/radiorevelacionfm.cl\/index.php?rest_route=\/wp\/v2\/users\/1"}],"replies":[{"embeddable":true,"href":"https:\/\/radiorevelacionfm.cl\/index.php?rest_route=%2Fwp%2Fv2%2Fcomments&post=16790"}],"version-history":[{"count":2,"href":"https:\/\/radiorevelacionfm.cl\/index.php?rest_route=\/wp\/v2\/posts\/16790\/revisions"}],"predecessor-version":[{"id":16793,"href":"https:\/\/radiorevelacionfm.cl\/index.php?rest_route=\/wp\/v2\/posts\/16790\/revisions\/16793"}],"wp:featuredmedia":[{"embeddable":true,"href":"https:\/\/radiorevelacionfm.cl\/index.php?rest_route=\/wp\/v2\/media\/16791"}],"wp:attachment":[{"href":"https:\/\/radiorevelacionfm.cl\/index.php?rest_route=%2Fwp%2Fv2%2Fmedia&parent=16790"}],"wp:term":[{"taxonomy":"category","embeddable":true,"href":"https:\/\/radiorevelacionfm.cl\/index.php?rest_route=%2Fwp%2Fv2%2Fcategories&post=16790"},{"taxonomy":"post_tag","embeddable":true,"href":"https:\/\/radiorevelacionfm.cl\/index.php?rest_route=%2Fwp%2Fv2%2Ftags&post=16790"}],"curies":[{"name":"wp","href":"https:\/\/api.w.org\/{rel}","templated":true}]}}