{"id":16786,"date":"2022-05-12T18:03:32","date_gmt":"2022-05-12T21:03:32","guid":{"rendered":"https:\/\/radiorevelacionfm.cl\/?p=16786"},"modified":"2022-05-12T18:03:32","modified_gmt":"2022-05-12T21:03:32","slug":"diputado-calisto-le-pide-a-directora-de-presupuesto-aumentar-la-cobertura-del-bono-lena","status":"publish","type":"post","link":"https:\/\/radiorevelacionfm.cl\/?p=16786","title":{"rendered":"Diputado Calisto le pide a Directora de Presupuesto aumentar la cobertura del Bono Le\u00f1a"},"content":{"rendered":"<div class=\"flex_column av_one_full  flex_column_div av-zero-column-padding first  avia-builder-el-0  el_before_av_one_full  avia-builder-el-first  \" style='border-radius:0px; '><div  class='avia-image-container  av-styling-    avia-builder-el-1  avia-builder-el-no-sibling  avia-align-center '  itemprop=\"image\" itemscope=\"itemscope\" itemtype=\"https:\/\/schema.org\/ImageObject\"  ><div class='avia-image-container-inner'><div class='avia-image-overlay-wrap'><img decoding=\"async\" class='wp-image-16787 avia-img-lazy-loading-not-16787 avia_image' src=\"https:\/\/radiorevelacionfm.cl\/wp-content\/uploads\/2022\/05\/DIPRES-1-1.jpg\" alt='' title='DIPRES (1) (1)' height=\"600\" width=\"604\"  itemprop=\"thumbnailUrl\" srcset=\"https:\/\/radiorevelacionfm.cl\/wp-content\/uploads\/2022\/05\/DIPRES-1-1.jpg 604w, https:\/\/radiorevelacionfm.cl\/wp-content\/uploads\/2022\/05\/DIPRES-1-1-300x298.jpg 300w, https:\/\/radiorevelacionfm.cl\/wp-content\/uploads\/2022\/05\/DIPRES-1-1-80x80.jpg 80w, https:\/\/radiorevelacionfm.cl\/wp-content\/uploads\/2022\/05\/DIPRES-1-1-36x36.jpg 36w, https:\/\/radiorevelacionfm.cl\/wp-content\/uploads\/2022\/05\/DIPRES-1-1-180x180.jpg 180w, https:\/\/radiorevelacionfm.cl\/wp-content\/uploads\/2022\/05\/DIPRES-1-1-100x100.jpg 100w, https:\/\/radiorevelacionfm.cl\/wp-content\/uploads\/2022\/05\/DIPRES-1-1-600x596.jpg 600w\" sizes=\"(max-width: 604px) 100vw, 604px\" \/><\/div><\/div><\/div><\/div><div class=\"flex_column av_one_full  flex_column_div av-zero-column-padding first  avia-builder-el-2  el_after_av_one_full  el_before_av_one_full  column-top-margin\" style='border-radius:0px; '><section class=\"av_textblock_section \"  itemscope=\"itemscope\" itemtype=\"https:\/\/schema.org\/BlogPosting\" itemprop=\"blogPost\" ><div class='avia_textblock  '   itemprop=\"text\" ><p style=\"text-align: center;\"><strong><span style=\"font-size: 18pt;\">Diputado Calisto le pide a Directora de Presupuesto aumentar la cobertura del Bono Le\u00f1a<\/span><\/strong><\/p>\n<div id=\"gtx-trans\" style=\"position: absolute; left: -50px; top: 4.31534px;\">\n<div class=\"gtx-trans-icon\"><\/div>\n<\/div>\n<\/div><\/section><\/div><div class=\"flex_column av_one_full  flex_column_div av-zero-column-padding first  avia-builder-el-4  el_after_av_one_full  el_before_av_hr  column-top-margin\" style='border-radius:0px; '><section class=\"av_textblock_section \"  itemscope=\"itemscope\" itemtype=\"https:\/\/schema.org\/BlogPosting\" itemprop=\"blogPost\" ><div class='avia_textblock  '   itemprop=\"text\" ><p style=\"font-weight: 400; text-align: justify;\">Contin\u00faan las gestiones del diputado Miguel \u00c1ngel Calisto para aumentar la cobertura del bono le\u00f1a que ser\u00e1 entregado pr\u00f3ximamente, esto porque el legislador se reuni\u00f3 este mi\u00e9rcoles con la Directora de Presupuesto, Javiera Mart\u00ednez, a quien le solicit\u00f3 que se considere que est\u00e9 beneficio le llegue a todas las familias de la regi\u00f3n, lo que seg\u00fan el parlamentario fue bien recibido por la autoridad.<\/p>\n<p style=\"font-weight: 400; text-align: justify;\">A esto se le suma el oficio enviado a trav\u00e9s de la C\u00e1mara de Diputados al Ministro de Hacienda, Mario Marcel, y la propia directora de la Dipres, solicit\u00e1ndole que no queden familias fuera de este beneficio.<\/p>\n<p style=\"font-weight: 400; text-align: justify;\">Seg\u00fan el diputado Calisto, \u201cnos reunimos con la Directora de Presupuesto para plantearle la situaci\u00f3n que vivimos respecto al Bono Le\u00f1a. Nosotros estamos preocupados, porque el bono le\u00f1a va a cubrir a cerca de 28 mil familias, pero ser\u00e1 cerca de 20 mil las que van a quedar sin este beneficio cuando se entregue este dinero ahora en el mes de mayo\u201d.<\/p>\n<p style=\"font-weight: 400; text-align: justify;\">\u201cLa Directora de Presupuesto se ha comprometido a hacer las gestiones para aumentar la cobertura del Bono le\u00f1a y para darle el beneficio a todas las familias que todos los a\u00f1os se quedan fuera. Esta es una realidad que vivimos nosotros ac\u00e1 en la regi\u00f3n\u201d, indic\u00f3.<\/p>\n<p style=\"font-weight: 400; text-align: justify;\">El legislador se\u00f1al\u00f3 que \u201cespero que el Gobierno entienda que el bono le\u00f1a debe ser para todas las familias de la regi\u00f3n, tomando en cuenta el costo adicional que tienen los habitantes de Ays\u00e9n en calefacci\u00f3n todos los inviernos, gastos que en otras partes de Chile no se producen\u201d.<\/p>\n<p style=\"font-weight: 400; text-align: justify;\">Finalmente, el diputado Miguel \u00c1ngel Calisto se\u00f1al\u00f3 que \u201ctambi\u00e9n hay que tomar en cuenta el alza de la ponderaci\u00f3n en el Registro Social de Hogares, que ha hecho que muchas familias aparezcan con un porcentaje mayor a a\u00f1os anteriores. Tambi\u00e9n la le\u00f1a est\u00e1 extremadamente cara, llegando incluso a los 50 mil pesos el metro en algunos lugares\u201d.<\/p>\n<\/div><\/section><\/div><div  style='height:50px' class='hr hr-invisible   avia-builder-el-6  el_after_av_one_full  el_before_av_social_share '><span class='hr-inner ' ><span class='hr-inner-style'><\/span><\/span><\/div><\/p>\n<div  class='av-social-sharing-box  avia-builder-el-7  el_after_av_hr  el_before_av_hr  '><div class='av-share-box'><h5 class='av-share-link-description av-no-toc '>Compartir esta noticia<\/h5><ul class='av-share-box-list noLightbox'><li class='av-share-link av-social-link-facebook' ><a target=\"_blank\" aria-label=\"Compartir en Facebook\" href='https:\/\/www.facebook.com\/sharer.php?u=https:\/\/radiorevelacionfm.cl\/?p=16786&#038;t=Diputado%20Calisto%20le%20pide%20a%20Directora%20de%20Presupuesto%20aumentar%20la%20cobertura%20del%20Bono%20Le%C3%B1a' aria-hidden='false' data-av_icon='\ue8f3' data-av_iconfont='entypo-fontello' title='' data-avia-related-tooltip='Compartir en Facebook' rel=\"noopener\"><span class='avia_hidden_link_text'>Compartir en Facebook<\/span><\/a><\/li><li class='av-share-link av-social-link-twitter' ><a target=\"_blank\" aria-label=\"Compartir en Twitter\" href='https:\/\/twitter.com\/share?text=Diputado%20Calisto%20le%20pide%20a%20Directora%20de%20Presupuesto%20aumentar%20la%20cobertura%20del%20Bono%20Le%C3%B1a&#038;url=https:\/\/radiorevelacionfm.cl\/?p=16786' aria-hidden='false' data-av_icon='\ue8f1' data-av_iconfont='entypo-fontello' title='' data-avia-related-tooltip='Compartir en Twitter' rel=\"noopener\"><span class='avia_hidden_link_text'>Compartir en Twitter<\/span><\/a><\/li><li class='av-share-link av-social-link-whatsapp' ><a target=\"_blank\" aria-label=\"Compartir en Whatsapp\" href='https:\/\/api.whatsapp.com\/send?text=https:\/\/radiorevelacionfm.cl\/?p=16786' aria-hidden='false' data-av_icon='\uf232' data-av_iconfont='entypo-fontello' title='' data-avia-related-tooltip='Compartir en Whatsapp' rel=\"noopener\"><span class='avia_hidden_link_text'>Compartir en Whatsapp<\/span><\/a><\/li><li class='av-share-link av-social-link-linkedin' ><a target=\"_blank\" aria-label=\"Compartir en LinkedIn\" href='https:\/\/linkedin.com\/shareArticle?mini=true&#038;title=Diputado%20Calisto%20le%20pide%20a%20Directora%20de%20Presupuesto%20aumentar%20la%20cobertura%20del%20Bono%20Le%C3%B1a&#038;url=https:\/\/radiorevelacionfm.cl\/?p=16786' aria-hidden='false' data-av_icon='\ue8fc' data-av_iconfont='entypo-fontello' title='' data-avia-related-tooltip='Compartir en LinkedIn' rel=\"noopener\"><span class='avia_hidden_link_text'>Compartir en LinkedIn<\/span><\/a><\/li><li class='av-share-link av-social-link-mail' ><a  aria-label=\"Compartir por correo\" href='mailto:?subject=Diputado%20Calisto%20le%20pide%20a%20Directora%20de%20Presupuesto%20aumentar%20la%20cobertura%20del%20Bono%20Le%C3%B1a&#038;body=https:\/\/radiorevelacionfm.cl\/?p=16786' aria-hidden='false' data-av_icon='\ue805' data-av_iconfont='entypo-fontello' title='' data-avia-related-tooltip='Compartir por correo'><span class='avia_hidden_link_text'>Compartir por correo<\/span><\/a><\/li><\/ul><\/div><\/div>\n<div  style='height:50px' class='hr hr-invisible   avia-builder-el-8  el_after_av_social_share  el_before_av_comments_list '><span class='hr-inner ' ><span class='hr-inner-style'><\/span><\/span><\/div>\n<div  class='av-buildercomment  av-blog-meta-html-info-disabled av-blog-meta-tag-disabled  '><\/div>\n","protected":false},"excerpt":{"rendered":"","protected":false},"author":1,"featured_media":16787,"comment_status":"open","ping_status":"open","sticky":false,"template":"","format":"standard","meta":{"footnotes":""},"categories":[35],"tags":[],"class_list":["post-16786","post","type-post","status-publish","format-standard","has-post-thumbnail","hentry","category-politica"],"jetpack_featured_media_url":"https:\/\/radiorevelacionfm.cl\/wp-content\/uploads\/2022\/05\/DIPRES-1-1.jpg","_links":{"self":[{"href":"https:\/\/radiorevelacionfm.cl\/index.php?rest_route=\/wp\/v2\/posts\/16786","targetHints":{"allow":["GET"]}}],"collection":[{"href":"https:\/\/radiorevelacionfm.cl\/index.php?rest_route=\/wp\/v2\/posts"}],"about":[{"href":"https:\/\/radiorevelacionfm.cl\/index.php?rest_route=\/wp\/v2\/types\/post"}],"author":[{"embeddable":true,"href":"https:\/\/radiorevelacionfm.cl\/index.php?rest_route=\/wp\/v2\/users\/1"}],"replies":[{"embeddable":true,"href":"https:\/\/radiorevelacionfm.cl\/index.php?rest_route=%2Fwp%2Fv2%2Fcomments&post=16786"}],"version-history":[{"count":2,"href":"https:\/\/radiorevelacionfm.cl\/index.php?rest_route=\/wp\/v2\/posts\/16786\/revisions"}],"predecessor-version":[{"id":16789,"href":"https:\/\/radiorevelacionfm.cl\/index.php?rest_route=\/wp\/v2\/posts\/16786\/revisions\/16789"}],"wp:featuredmedia":[{"embeddable":true,"href":"https:\/\/radiorevelacionfm.cl\/index.php?rest_route=\/wp\/v2\/media\/16787"}],"wp:attachment":[{"href":"https:\/\/radiorevelacionfm.cl\/index.php?rest_route=%2Fwp%2Fv2%2Fmedia&parent=16786"}],"wp:term":[{"taxonomy":"category","embeddable":true,"href":"https:\/\/radiorevelacionfm.cl\/index.php?rest_route=%2Fwp%2Fv2%2Fcategories&post=16786"},{"taxonomy":"post_tag","embeddable":true,"href":"https:\/\/radiorevelacionfm.cl\/index.php?rest_route=%2Fwp%2Fv2%2Ftags&post=16786"}],"curies":[{"name":"wp","href":"https:\/\/api.w.org\/{rel}","templated":true}]}}