{"id":16774,"date":"2022-05-12T16:48:48","date_gmt":"2022-05-12T19:48:48","guid":{"rendered":"https:\/\/radiorevelacionfm.cl\/?p=16774"},"modified":"2022-05-12T16:48:48","modified_gmt":"2022-05-12T19:48:48","slug":"avanza-ofensiva-contra-mega-loteos-en-aysen-organizaciones-presentan-17-nuevas-denuncias","status":"publish","type":"post","link":"https:\/\/radiorevelacionfm.cl\/?p=16774","title":{"rendered":"Avanza ofensiva contra mega loteos en Ays\u00e9n: Organizaciones presentan 17 nuevas denuncias"},"content":{"rendered":"<div class=\"flex_column av_one_full  flex_column_div av-zero-column-padding first  avia-builder-el-0  el_before_av_one_full  avia-builder-el-first  \" style='border-radius:0px; '><div  class='avia-image-container  av-styling-    avia-builder-el-1  avia-builder-el-no-sibling  avia-align-center '  itemprop=\"image\" itemscope=\"itemscope\" itemtype=\"https:\/\/schema.org\/ImageObject\"  ><div class='avia-image-container-inner'><div class='avia-image-overlay-wrap'><img decoding=\"async\" class='wp-image-16775 avia-img-lazy-loading-not-16775 avia_image' src=\"https:\/\/radiorevelacionfm.cl\/wp-content\/uploads\/2022\/05\/referencia-de-loteo-geute-conservacion-sur-min-1_optimized.jpeg\" alt='' title='referencia-de-loteo-geute-conservacion-sur-min-(1)_optimized' height=\"600\" width=\"982\"  itemprop=\"thumbnailUrl\" srcset=\"https:\/\/radiorevelacionfm.cl\/wp-content\/uploads\/2022\/05\/referencia-de-loteo-geute-conservacion-sur-min-1_optimized.jpeg 982w, https:\/\/radiorevelacionfm.cl\/wp-content\/uploads\/2022\/05\/referencia-de-loteo-geute-conservacion-sur-min-1_optimized-300x183.jpeg 300w, https:\/\/radiorevelacionfm.cl\/wp-content\/uploads\/2022\/05\/referencia-de-loteo-geute-conservacion-sur-min-1_optimized-768x469.jpeg 768w, https:\/\/radiorevelacionfm.cl\/wp-content\/uploads\/2022\/05\/referencia-de-loteo-geute-conservacion-sur-min-1_optimized-705x431.jpeg 705w, https:\/\/radiorevelacionfm.cl\/wp-content\/uploads\/2022\/05\/referencia-de-loteo-geute-conservacion-sur-min-1_optimized-600x367.jpeg 600w\" sizes=\"(max-width: 982px) 100vw, 982px\" \/><\/div><\/div><\/div><\/div><div class=\"flex_column av_one_full  flex_column_div av-zero-column-padding first  avia-builder-el-2  el_after_av_one_full  el_before_av_one_full  column-top-margin\" style='border-radius:0px; '><section class=\"av_textblock_section \"  itemscope=\"itemscope\" itemtype=\"https:\/\/schema.org\/BlogPosting\" itemprop=\"blogPost\" ><div class='avia_textblock  '   itemprop=\"text\" ><p style=\"text-align: center;\"><strong><span style=\"font-size: 18pt;\">Avanza ofensiva contra mega loteos en Ays\u00e9n: Organizaciones presentan 17 nuevas denuncias<\/span><\/strong><\/p>\n<div id=\"gtx-trans\" style=\"position: absolute; left: -50px; top: 4.31534px;\">\n<div class=\"gtx-trans-icon\"><\/div>\n<\/div>\n<\/div><\/section><\/div><div class=\"flex_column av_one_full  flex_column_div av-zero-column-padding first  avia-builder-el-4  el_after_av_one_full  el_before_av_hr  column-top-margin\" style='border-radius:0px; '><section class=\"av_textblock_section \"  itemscope=\"itemscope\" itemtype=\"https:\/\/schema.org\/BlogPosting\" itemprop=\"blogPost\" ><div class='avia_textblock  '   itemprop=\"text\" ><p class=\"v1MsoNormal\" style=\"text-align: justify;\"><span lang=\"ES\">Un total de 17 nuevas denuncias por \u00abinfracci\u00f3n a la normativa ambiental y elusi\u00f3n al Sistema de Evaluaci\u00f3n de Impacto Ambiental, al tratarse de conjuntos habitacionales con una cantidad igual o superior a ochenta (80) viviendas\u00bb presentaron este martes ante la Superintendencia de Medio Ambiente (SMA) la Corporaci<\/span><span lang=\"X-NONE\">\u00f3n Privada para el Desarrollo de Ays\u00e9n (CODESA) y la Agrupaci\u00f3n Ays\u00e9n Reserva de Vida (Agrupaci\u00f3n ARV).\u00a0<span class=\"v1gmail-Apple-converted-space\">\u00a0<\/span>Se sumaron as\u00ed a los primeros 22 requerimientos que se<span class=\"v1gmail-Apple-converted-space\">\u00a0<\/span><\/span><span lang=\"ES\"><a href=\"https:\/\/www.terram.cl\/2022\/04\/organizaciones-de-aysen-denuncian-mega-loteos-en-la-patagonia-ante-la-sma\/\" target=\"_blank\" rel=\"noopener noreferrer\"><span lang=\"X-NONE\">ingresaron a principios de abril<\/span><\/a><\/span><span lang=\"X-NONE\">, con el respaldo del Gobierno Regional de Ays\u00e9n, llegando ya a 39 proyectos denunciados.<\/span><\/p>\n<p class=\"v1MsoNormal\" style=\"text-align: justify;\"><span lang=\"X-NONE\">El fondo del recurso se basa en el art\u00edculo 3\u00b0 del Reglamento del Sistema de Evaluaci\u00f3n de Impacto Ambiental, que en su letra g) se\u00f1ala que deben someterse a evaluaci\u00f3n ambiental los \u00abconjuntos habitacionales con una cantidad igual o superior a ochenta (80) viviendas\u00bb.\u00a0<span class=\"v1gmail-Apple-converted-space\">\u00a0<\/span>En esta categor\u00eda entrar\u00edan los mega loteos individualizados, toda vez que tienen un fin claramente inmobiliario y que la norma determina que se deben evaluar las actividades \u00absusceptibles de causar impacto ambiental, en cualesquiera de sus fases\u00bb, siendo la subdivisi\u00f3n la primera etapa de un proceso de construcci\u00f3n habitacional.<\/span><\/p>\n<p class=\"v1MsoNormal\" style=\"text-align: justify;\"><span lang=\"X-NONE\">Lo anterior se complementa con el hecho de que \u00abla causal de ingreso no exige que dichas obras existan actualmente, sino que s\u00f3lo deben estar &#8216;contempladas&#8217;, por aplicaci\u00f3n del art\u00edculo 8\u00b0 de la Ley N\u00b019.300 y el principio preventivo\u00bb, lo cual ha sido establecido en varias resoluciones sobre la materia tanto de la SMA como de los tribunales ambientales.<\/span><\/p>\n<p class=\"v1MsoNormal\" style=\"text-align: justify;\"><span lang=\"X-NONE\">En esta \u00faltima presentaci\u00f3n se incluyen 12 grandes parcelaciones de 80 lotes o m\u00e1s, junto con 5 \u00abcuya cantidad total de lotes resultantes es estrechamente menor al n\u00famero contemplado por la norma, raz\u00f3n por la cual esta diferencia no debe considerarse m\u00e1s que un guarismo marginalmente diferente y los proyectos deber\u00e1n entenderse bajo el supuesto del art\u00edculo en cuesti\u00f3n y por ende obligados a ingresar al SEIA\u00bb.\u00a0<span class=\"v1gmail-Apple-converted-space\">\u00a0<\/span>Esta fundamentaci\u00f3n ha sido asentada en una reciente<span class=\"v1gmail-Apple-converted-space\">\u00a0<\/span><\/span><span lang=\"ES\"><a href=\"https:\/\/oficinajudicialvirtual.pjud.cl\/ADIR_871\/suprema\/documentos\/docCausaSuprema.php?valorFile=eyJ0eXAiOiJKV1QiLCJhbGciOiJIUzI1NiJ9.eyJpc3MiOiJodHRwczpcL1wvb2ZpY2luYWp1ZGljaWFsdmlydHVhbC5wanVkLmNsIiwiYXVkIjoiaHR0cHM6XC9cL29maWNpbmFqdWRpY2lhbHZpcnR1YWwucGp1ZC5jbCIsImlhdCI6MTY1MjI5NTYwNSwiZXhwIjoxNjUyMjk5MjA1LCJkYXRhIjp7ImNycklkRG9jdVJlc29sIjoiNDk0MjYxMSIsImNvZFRpcG9BcmNoaXZvIjoiMyIsImNvZFRpcG9UcmFtaXRlIjoiMyIsImZsZ19kb2NvX3BkZiI6IjEiLCJjb2RfY29ydGUiOiIxIn19.qPmGmVDaqT_b7VBGdsFy3QG-aCOy_AHj-PFz5YrWUn8\" target=\"_blank\" rel=\"noopener noreferrer\"><span lang=\"X-NONE\">sentencia<\/span><\/a><\/span><span lang=\"X-NONE\"><span class=\"v1gmail-Apple-converted-space\">\u00a0<\/span>de la Corte Suprema que oblig\u00f3 a la evaluaci\u00f3n ambiental de un proyecto de la Empresa de Servicios Sanitarios San Isidro S.A., relativo a la construcci\u00f3n de una planta de disposici\u00f3n y tratamiento de aguas servidas.<span class=\"v1gmail-Apple-converted-space\">\u00a0<\/span>\u00a0\u00a0Aunque la norma establece que deben ingresar los proyectos que \u00abatiendan a una poblaci\u00f3n igual o mayor a dos mil quinientos (2.500) habitantes\u00bb y \u00e9ste dec\u00eda enfocarse en 2.490, se resolvi\u00f3 que el n\u00famero declarado fue un mecanismo para eludir la normativa.<\/span><\/p>\n<p class=\"v1MsoNormal\" style=\"text-align: justify;\"><span lang=\"ES\">Esta presentaci<\/span><span lang=\"X-NONE\">\u00f3n, al igual que en el caso de las 22 primeras, fue suscrita por el<span class=\"v1gmail-Apple-converted-space\">\u00a0<\/span><b>presidente de CODESA Erwin Sandoval Gallardo<\/b>, el<span class=\"v1gmail-Apple-converted-space\">\u00a0<\/span><b>presidente de la Agrupaci\u00f3n ARV Peter Hartmann\u00a0<span class=\"v1gmail-Apple-converted-space\">\u00a0<\/span>Samhaber<\/b><span class=\"v1gmail-Apple-converted-space\">\u00a0<\/span>y el<span class=\"v1gmail-Apple-converted-space\">\u00a0<\/span><b>periodista Patricio Segura Ortiz<\/b>.\u00a0<span class=\"v1gmail-Apple-converted-space\">\u00a0<\/span>Patrocin\u00f3 la acci\u00f3n el equipo de abogados de la ONG FIMA.<\/span><\/p>\n<p class=\"v1MsoNormal\" style=\"text-align: justify;\"><span lang=\"X-NONE\">\u00abEstos recursos tienen obviamente el objetivo de que se cumpla la legalidad vigente en materia ambiental, que creemos cuenta con herramientas para cautelar la integridad ecosist\u00e9mica de los territorios, as\u00ed como de las comunidades que de \u00e9sta dependen\u00bb se\u00f1al\u00f3 al respecto el abogado de ONG FIMA Marcos Emilfork Orthusteguy.\u00a0\u00a0<span class=\"v1gmail-Apple-converted-space\">\u00a0<\/span><\/span><\/p>\n<p class=\"v1MsoNormal\" style=\"text-align: justify;\"><span lang=\"X-NONE\">Su colega Antonio Madrid Meschi agreg\u00f3 que el crecimiento indiscriminado de loteos de todo tipo en el sur de Chile al margen de la planificaci\u00f3n, particularmente en la Patagonia y en especial en Ays\u00e9n, \u00abamerita acciones de parte de todos los actores, en este caso de las organizaciones de protecci\u00f3n socioambiental.\u00a0<span class=\"v1gmail-Apple-converted-space\">\u00a0<\/span>M\u00e1s a\u00fan en un espacio territorial donde es posible prevenir los graves impactos que los mega loteos ya han ocasionado en el resto del pa\u00eds, como contaminaci\u00f3n de r\u00edos y lagos, escasez h\u00eddrica, deforestaci\u00f3n, problemas con la disposici\u00f3n de residuos, congesti\u00f3n vehicular y tantos otros problemas que se suscitan cuando se deja que el mercado por s\u00ed solo defina d\u00f3nde se crean nuevos n\u00facleos urbanos\u00bb.<\/span><\/p>\n<p class=\"v1MsoNormal\" style=\"text-align: justify;\"><span lang=\"X-NONE\">En estos momentos el equipo prepara un nuevo grupo de denuncias asociadas a proyectos inmobiliarios similares a \u00e9stos, pero que han fragmentado las subdivisiones en m\u00faltiples o m\u00e1s procesos.<\/span><\/p>\n<p class=\"v1MsoNormal\" style=\"text-align: justify;\"><span lang=\"X-NONE\">En paralelo, la Municipalidad de R\u00edo Ib\u00e1\u00f1ez<span class=\"v1gmail-Apple-converted-space\">\u00a0<\/span><\/span><span lang=\"ES\"><a href=\"https:\/\/www.radiosantamaria.cl\/2022\/05\/05\/denuncian-ante-la-superintendencia-de-medio-ambiente-nuevo-proyecto-de-mega-loteo-en-ibanez\/\" target=\"_blank\" rel=\"noopener noreferrer\"><span lang=\"X-NONE\">present\u00f3<\/span><\/a><\/span><span lang=\"X-NONE\"><span class=\"v1gmail-Apple-converted-space\">\u00a0<\/span>hace una semana otra denuncia en contra de un proyecto inmobiliario en el sector Bajada Ib\u00e1\u00f1ez, de 197 hect\u00e1reas subdividida en 178 lotes.<\/span><\/p>\n<p class=\"v1MsoNormal\" style=\"text-align: justify;\"><span lang=\"X-NONE\">Desde las organizaciones se aclar\u00f3 que estas acciones van dirigidas a los loteos masivos y con fines inmobiliarios, y no incluyen las subdivisiones de sucesi\u00f3n hereditaria por fallecimiento del o la propietaria, o la creaci\u00f3n de algunas parcelas por parte de pobladores para fines de capitalizaci\u00f3n, ya que son \u00e9stas acciones que no significar\u00edan una gran intervenci\u00f3n del territorio.<\/span><\/p>\n<\/div><\/section><\/div><div  style='height:50px' class='hr hr-invisible   avia-builder-el-6  el_after_av_one_full  el_before_av_social_share '><span class='hr-inner ' ><span class='hr-inner-style'><\/span><\/span><\/div><\/p>\n<div  class='av-social-sharing-box  avia-builder-el-7  el_after_av_hr  el_before_av_hr  '><div class='av-share-box'><h5 class='av-share-link-description av-no-toc '>Compartir esta noticia<\/h5><ul class='av-share-box-list noLightbox'><li class='av-share-link av-social-link-facebook' ><a target=\"_blank\" aria-label=\"Compartir en Facebook\" href='https:\/\/www.facebook.com\/sharer.php?u=https:\/\/radiorevelacionfm.cl\/?p=16774&#038;t=Avanza%20ofensiva%20contra%20mega%20loteos%20en%20Ays%C3%A9n%3A%20Organizaciones%20presentan%2017%20nuevas%20denuncias' aria-hidden='false' data-av_icon='\ue8f3' data-av_iconfont='entypo-fontello' title='' data-avia-related-tooltip='Compartir en Facebook' rel=\"noopener\"><span class='avia_hidden_link_text'>Compartir en Facebook<\/span><\/a><\/li><li class='av-share-link av-social-link-twitter' ><a target=\"_blank\" aria-label=\"Compartir en Twitter\" href='https:\/\/twitter.com\/share?text=Avanza%20ofensiva%20contra%20mega%20loteos%20en%20Ays%C3%A9n%3A%20Organizaciones%20presentan%2017%20nuevas%20denuncias&#038;url=https:\/\/radiorevelacionfm.cl\/?p=16774' aria-hidden='false' data-av_icon='\ue8f1' data-av_iconfont='entypo-fontello' title='' data-avia-related-tooltip='Compartir en Twitter' rel=\"noopener\"><span class='avia_hidden_link_text'>Compartir en Twitter<\/span><\/a><\/li><li class='av-share-link av-social-link-whatsapp' ><a target=\"_blank\" aria-label=\"Compartir en Whatsapp\" href='https:\/\/api.whatsapp.com\/send?text=https:\/\/radiorevelacionfm.cl\/?p=16774' aria-hidden='false' data-av_icon='\uf232' data-av_iconfont='entypo-fontello' title='' data-avia-related-tooltip='Compartir en Whatsapp' rel=\"noopener\"><span class='avia_hidden_link_text'>Compartir en Whatsapp<\/span><\/a><\/li><li class='av-share-link av-social-link-linkedin' ><a target=\"_blank\" aria-label=\"Compartir en LinkedIn\" href='https:\/\/linkedin.com\/shareArticle?mini=true&#038;title=Avanza%20ofensiva%20contra%20mega%20loteos%20en%20Ays%C3%A9n%3A%20Organizaciones%20presentan%2017%20nuevas%20denuncias&#038;url=https:\/\/radiorevelacionfm.cl\/?p=16774' aria-hidden='false' data-av_icon='\ue8fc' data-av_iconfont='entypo-fontello' title='' data-avia-related-tooltip='Compartir en LinkedIn' rel=\"noopener\"><span class='avia_hidden_link_text'>Compartir en LinkedIn<\/span><\/a><\/li><li class='av-share-link av-social-link-mail' ><a  aria-label=\"Compartir por correo\" href='mailto:?subject=Avanza%20ofensiva%20contra%20mega%20loteos%20en%20Ays%C3%A9n%3A%20Organizaciones%20presentan%2017%20nuevas%20denuncias&#038;body=https:\/\/radiorevelacionfm.cl\/?p=16774' aria-hidden='false' data-av_icon='\ue805' data-av_iconfont='entypo-fontello' title='' data-avia-related-tooltip='Compartir por correo'><span class='avia_hidden_link_text'>Compartir por correo<\/span><\/a><\/li><\/ul><\/div><\/div>\n<div  style='height:50px' class='hr hr-invisible   avia-builder-el-8  el_after_av_social_share  el_before_av_comments_list '><span class='hr-inner ' ><span class='hr-inner-style'><\/span><\/span><\/div>\n<div  class='av-buildercomment  av-blog-meta-html-info-disabled av-blog-meta-tag-disabled  '><\/div>\n","protected":false},"excerpt":{"rendered":"","protected":false},"author":1,"featured_media":16775,"comment_status":"open","ping_status":"open","sticky":false,"template":"","format":"standard","meta":{"footnotes":""},"categories":[39,38,47,57],"tags":[],"class_list":["post-16774","post","type-post","status-publish","format-standard","has-post-thumbnail","hentry","category-medio-ambiente","category-regional","category-reportajes","category-vivienda"],"jetpack_featured_media_url":"https:\/\/radiorevelacionfm.cl\/wp-content\/uploads\/2022\/05\/referencia-de-loteo-geute-conservacion-sur-min-1_optimized.jpeg","_links":{"self":[{"href":"https:\/\/radiorevelacionfm.cl\/index.php?rest_route=\/wp\/v2\/posts\/16774","targetHints":{"allow":["GET"]}}],"collection":[{"href":"https:\/\/radiorevelacionfm.cl\/index.php?rest_route=\/wp\/v2\/posts"}],"about":[{"href":"https:\/\/radiorevelacionfm.cl\/index.php?rest_route=\/wp\/v2\/types\/post"}],"author":[{"embeddable":true,"href":"https:\/\/radiorevelacionfm.cl\/index.php?rest_route=\/wp\/v2\/users\/1"}],"replies":[{"embeddable":true,"href":"https:\/\/radiorevelacionfm.cl\/index.php?rest_route=%2Fwp%2Fv2%2Fcomments&post=16774"}],"version-history":[{"count":2,"href":"https:\/\/radiorevelacionfm.cl\/index.php?rest_route=\/wp\/v2\/posts\/16774\/revisions"}],"predecessor-version":[{"id":16777,"href":"https:\/\/radiorevelacionfm.cl\/index.php?rest_route=\/wp\/v2\/posts\/16774\/revisions\/16777"}],"wp:featuredmedia":[{"embeddable":true,"href":"https:\/\/radiorevelacionfm.cl\/index.php?rest_route=\/wp\/v2\/media\/16775"}],"wp:attachment":[{"href":"https:\/\/radiorevelacionfm.cl\/index.php?rest_route=%2Fwp%2Fv2%2Fmedia&parent=16774"}],"wp:term":[{"taxonomy":"category","embeddable":true,"href":"https:\/\/radiorevelacionfm.cl\/index.php?rest_route=%2Fwp%2Fv2%2Fcategories&post=16774"},{"taxonomy":"post_tag","embeddable":true,"href":"https:\/\/radiorevelacionfm.cl\/index.php?rest_route=%2Fwp%2Fv2%2Ftags&post=16774"}],"curies":[{"name":"wp","href":"https:\/\/api.w.org\/{rel}","templated":true}]}}