{"id":16768,"date":"2022-05-12T12:47:14","date_gmt":"2022-05-12T15:47:14","guid":{"rendered":"https:\/\/radiorevelacionfm.cl\/?p=16768"},"modified":"2022-05-12T12:47:14","modified_gmt":"2022-05-12T15:47:14","slug":"nodo-ciencia-austral-refuerza-trabajo-colaborativo-con-incorporacion-de-nueva-seremi-de-ciencia-de-aysen-y-magallanes","status":"publish","type":"post","link":"https:\/\/radiorevelacionfm.cl\/?p=16768","title":{"rendered":"Nodo Ciencia Austral refuerza trabajo colaborativo con incorporaci\u00f3n de nueva Seremi de Ciencia de Ays\u00e9n y Magallanes"},"content":{"rendered":"<div class=\"flex_column av_one_full  flex_column_div av-zero-column-padding first  avia-builder-el-0  el_before_av_one_full  avia-builder-el-first  \" style='border-radius:0px; '><div  class='avia-image-container  av-styling-    avia-builder-el-1  avia-builder-el-no-sibling  avia-align-center '  itemprop=\"image\" itemscope=\"itemscope\" itemtype=\"https:\/\/schema.org\/ImageObject\"  ><div class='avia-image-container-inner'><div class='avia-image-overlay-wrap'><img decoding=\"async\" class='wp-image-16769 avia-img-lazy-loading-not-16769 avia_image' src=\"https:\/\/radiorevelacionfm.cl\/wp-content\/uploads\/2022\/05\/Fotografia-Comite-Coordinacion-1-1.jpg\" alt='' title='Fotograf\u00eda Comit\u00e9 Coordinaci\u00f3n (1) (1)' height=\"600\" width=\"600\"  itemprop=\"thumbnailUrl\" srcset=\"https:\/\/radiorevelacionfm.cl\/wp-content\/uploads\/2022\/05\/Fotografia-Comite-Coordinacion-1-1.jpg 600w, https:\/\/radiorevelacionfm.cl\/wp-content\/uploads\/2022\/05\/Fotografia-Comite-Coordinacion-1-1-300x300.jpg 300w, https:\/\/radiorevelacionfm.cl\/wp-content\/uploads\/2022\/05\/Fotografia-Comite-Coordinacion-1-1-80x80.jpg 80w, https:\/\/radiorevelacionfm.cl\/wp-content\/uploads\/2022\/05\/Fotografia-Comite-Coordinacion-1-1-36x36.jpg 36w, https:\/\/radiorevelacionfm.cl\/wp-content\/uploads\/2022\/05\/Fotografia-Comite-Coordinacion-1-1-180x180.jpg 180w, https:\/\/radiorevelacionfm.cl\/wp-content\/uploads\/2022\/05\/Fotografia-Comite-Coordinacion-1-1-100x100.jpg 100w\" sizes=\"(max-width: 600px) 100vw, 600px\" \/><\/div><\/div><\/div><\/div><div class=\"flex_column av_one_full  flex_column_div av-zero-column-padding first  avia-builder-el-2  el_after_av_one_full  el_before_av_one_full  column-top-margin\" style='border-radius:0px; '><section class=\"av_textblock_section \"  itemscope=\"itemscope\" itemtype=\"https:\/\/schema.org\/BlogPosting\" itemprop=\"blogPost\" ><div class='avia_textblock  '   itemprop=\"text\" ><p style=\"text-align: center;\"><span style=\"font-size: 18pt;\"><strong>Nodo Ciencia Austral refuerza trabajo colaborativo con incorporaci\u00f3n de nueva Seremi de Ciencia de Ays\u00e9n y Magallanes<\/strong><\/span><\/p>\n<div id=\"gtx-trans\" style=\"position: absolute; left: -50px; top: 4.31534px;\">\n<div class=\"gtx-trans-icon\"><\/div>\n<\/div>\n<\/div><\/section><\/div><div class=\"flex_column av_one_full  flex_column_div av-zero-column-padding first  avia-builder-el-4  el_after_av_one_full  el_before_av_hr  column-top-margin\" style='border-radius:0px; '><section class=\"av_textblock_section \"  itemscope=\"itemscope\" itemtype=\"https:\/\/schema.org\/BlogPosting\" itemprop=\"blogPost\" ><div class='avia_textblock  '   itemprop=\"text\" ><p style=\"text-align: justify;\">Buscando impulsar un sistema de gobernanza en materia de Ciencia, Tecnolog\u00eda, Conocimiento e Innovaci\u00f3n (CTCI), que permita fomentar la articulaci\u00f3n de los actores vinculados a estas tem\u00e1ticas, el proyecto Nodo Ciencia Austral convoca mes a mes al Comit\u00e9 de Coordinaci\u00f3n Macrozonal. En esta sesi\u00f3n de mayo, participaron representantes de universidades, centros de investigaci\u00f3n, gobiernos regionales, servicios p\u00fablicos e instituciones privadas de las regiones australes, destacando la participaci\u00f3n de la Seremi de Ciencia, Ver\u00f3nica Vallejos, quien expres\u00f3 su inter\u00e9s por aportar en el trabajo articulado que lleva adelante el Nodo. \u201cGracias a la informaci\u00f3n presentada por los participantes de Nodo Ciencia Austral pude interiorizarme del trabajo desarrollado hasta ahora. Espero que los resultados del proyecto nos permitan avanzar en la mirada territorial para la gesti\u00f3n de la ciencia y tecnolog\u00eda y apoyar la implementaci\u00f3n de iniciativas que logran robustecer el sistema CTCI, tanto en la regi\u00f3n de Ays\u00e9n como la de Magallanes y de la Ant\u00e1rtica Chilena\u201d, destac\u00f3 la autoridad macrozonal.<\/p>\n<p style=\"text-align: justify;\">As\u00ed tambi\u00e9n, la Seremi de Ciencia -junto a su equipo\u2013 comprometieron su participaci\u00f3n en las comisiones de trabajo que desarrolla Nodo Ciencia Austral en materia de Ciencia Abierta, Gobernanza y Gesti\u00f3n de Iniciativas, liderados por investigadores(as) y profesionales de las instituciones ejecutoras: Universidad de Magallanes, Universidad de Ays\u00e9n, Instituto Ant\u00e1rtico Chileno (INACH) y Centro de Investigaci\u00f3n en Ecosistemas de la Patagonia (CIEP).<\/p>\n<p style=\"text-align: justify;\">En ese contexto, el director del proyecto, Dr. Juan Carlos Aravena, reconoci\u00f3 los avances logrados por esta iniciativa que se encuentra en su segundo a\u00f1o de implementaci\u00f3n, gracias al financiamiento de la Agencia Nacional de Investigaci\u00f3n y Desarrollo (ANID). \u201cHemos podido seguir avanzando en la articulaci\u00f3n y la colaboraci\u00f3n entre las instituciones que est\u00e1n participando en este proyecto y en la informaci\u00f3n de la Hoja de Ruta y nuestra coordinaci\u00f3n con el Nodo de Laboratorios Naturales Subant\u00e1rticos, que es un trabajo colaborativo muy importante para nosotros. Por otro lado, esta \u00faltima sesi\u00f3n permiti\u00f3 dar continuidad al trabajo que hemos estado desarrollando con la Seremia\u201d, expres\u00f3 Aravena, junto con agradecer la presencia de los equipos de la Gobernaci\u00f3n Regional de Ays\u00e9n y la Gobernaci\u00f3n Regional de Magallanes y la Ant\u00e1rtica Chilena.<\/p>\n<p style=\"text-align: justify;\">En esta sesi\u00f3n del Comit\u00e9 de Coordinaci\u00f3n Macrozonal se comparti\u00f3 el estado de avance de los desaf\u00edos del proyecto, entre ellos el proceso de co-dise\u00f1o y validaci\u00f3n participativa de\u00a0la Hoja de Ruta, en miras a contar con una planificaci\u00f3n macrozonal en materia de CTCI hacia el a\u00f1o 2030. Tambi\u00e9n se dieron a conocer las cifras de participaci\u00f3n de la primera encuesta de percepci\u00f3n social de la ciencia para habitantes de la Macrozona Austral, instrumento que se encuentra disponible en www.nodocienciaaustral.cl y que busca alcanzar una amplia muestra de representatividad en ambas regiones en esta \u00faltima semana.<\/p>\n<p style=\"text-align: justify;\"><strong>Alianza con Nodo Laboratorios Naturales<\/strong><\/p>\n<p style=\"text-align: justify;\">Con el esp\u00edritu de fomentar la colaboraci\u00f3n y cooperaci\u00f3n entre iniciativas cient\u00edficas, Nodo Ciencia Austral desarrolla un trabajo en alianza con Nodo Laboratorios Naturales Subant\u00e1rticos, proyecto que tambi\u00e9n se implementa en las regiones de Ays\u00e9n, Magallanes y la Ant\u00e1rtica Chilena con la participaci\u00f3n de diversas universidades y centros de investigaci\u00f3n.<\/p>\n<p style=\"text-align: justify;\">Los resultados y avances de los primeros meses de ejecuci\u00f3n de esta iniciativa fueron presentados por su directora, Dra. Laura S\u00e1nchez Jard\u00f3n, en el Comit\u00e9 de Coordinaci\u00f3n Macrozonal. \u201cEn esta sesi\u00f3n, mencionamos las acciones que se est\u00e1n realizando para consensuar una definici\u00f3n operativa del concepto de Laboratorios Naturales Subant\u00e1rticos, es decir, qu\u00e9 son y d\u00f3nde se encuentran, y para ello se presentaron tres aproximaciones metodol\u00f3gicas que estamos realizando. Primero, la revisi\u00f3n bibliogr\u00e1fica de las definiciones y aplicaciones de este concepto en la literatura. Segundo la planilla de atributos y sitios \u00fanicos que se ha dise\u00f1ado y aplicado en colaboraci\u00f3n con el proyecto Mapa Nacional de Laboratorios Naturales de Chile y, en tercer lugar, la serie de talleres e instancias de discusi\u00f3n que estamos realizando con investigadores y profesionales del equipo t\u00e9cnico del proyecto\u201d.<\/p>\n<\/div><\/section><\/div><div  style='height:50px' class='hr hr-invisible   avia-builder-el-6  el_after_av_one_full  el_before_av_social_share '><span class='hr-inner ' ><span class='hr-inner-style'><\/span><\/span><\/div><\/p>\n<div  class='av-social-sharing-box  avia-builder-el-7  el_after_av_hr  el_before_av_hr  '><div class='av-share-box'><h5 class='av-share-link-description av-no-toc '>Compartir esta noticia<\/h5><ul class='av-share-box-list noLightbox'><li class='av-share-link av-social-link-facebook' ><a target=\"_blank\" aria-label=\"Compartir en Facebook\" href='https:\/\/www.facebook.com\/sharer.php?u=https:\/\/radiorevelacionfm.cl\/?p=16768&#038;t=Nodo%20Ciencia%20Austral%20refuerza%20trabajo%20colaborativo%20con%20incorporaci%C3%B3n%20de%20nueva%20Seremi%20de%20Ciencia%20de%20Ays%C3%A9n%20y%20Magallanes' aria-hidden='false' data-av_icon='\ue8f3' data-av_iconfont='entypo-fontello' title='' data-avia-related-tooltip='Compartir en Facebook' rel=\"noopener\"><span class='avia_hidden_link_text'>Compartir en Facebook<\/span><\/a><\/li><li class='av-share-link av-social-link-twitter' ><a target=\"_blank\" aria-label=\"Compartir en Twitter\" href='https:\/\/twitter.com\/share?text=Nodo%20Ciencia%20Austral%20refuerza%20trabajo%20colaborativo%20con%20incorporaci%C3%B3n%20de%20nueva%20Seremi%20de%20Ciencia%20de%20Ays%C3%A9n%20y%20Magallanes&#038;url=https:\/\/radiorevelacionfm.cl\/?p=16768' aria-hidden='false' data-av_icon='\ue8f1' data-av_iconfont='entypo-fontello' title='' data-avia-related-tooltip='Compartir en Twitter' rel=\"noopener\"><span class='avia_hidden_link_text'>Compartir en Twitter<\/span><\/a><\/li><li class='av-share-link av-social-link-whatsapp' ><a target=\"_blank\" aria-label=\"Compartir en Whatsapp\" href='https:\/\/api.whatsapp.com\/send?text=https:\/\/radiorevelacionfm.cl\/?p=16768' aria-hidden='false' data-av_icon='\uf232' data-av_iconfont='entypo-fontello' title='' data-avia-related-tooltip='Compartir en Whatsapp' rel=\"noopener\"><span class='avia_hidden_link_text'>Compartir en Whatsapp<\/span><\/a><\/li><li class='av-share-link av-social-link-linkedin' ><a target=\"_blank\" aria-label=\"Compartir en LinkedIn\" href='https:\/\/linkedin.com\/shareArticle?mini=true&#038;title=Nodo%20Ciencia%20Austral%20refuerza%20trabajo%20colaborativo%20con%20incorporaci%C3%B3n%20de%20nueva%20Seremi%20de%20Ciencia%20de%20Ays%C3%A9n%20y%20Magallanes&#038;url=https:\/\/radiorevelacionfm.cl\/?p=16768' aria-hidden='false' data-av_icon='\ue8fc' data-av_iconfont='entypo-fontello' title='' data-avia-related-tooltip='Compartir en LinkedIn' rel=\"noopener\"><span class='avia_hidden_link_text'>Compartir en LinkedIn<\/span><\/a><\/li><li class='av-share-link av-social-link-mail' ><a  aria-label=\"Compartir por correo\" href='mailto:?subject=Nodo%20Ciencia%20Austral%20refuerza%20trabajo%20colaborativo%20con%20incorporaci%C3%B3n%20de%20nueva%20Seremi%20de%20Ciencia%20de%20Ays%C3%A9n%20y%20Magallanes&#038;body=https:\/\/radiorevelacionfm.cl\/?p=16768' aria-hidden='false' data-av_icon='\ue805' data-av_iconfont='entypo-fontello' title='' data-avia-related-tooltip='Compartir por correo'><span class='avia_hidden_link_text'>Compartir por correo<\/span><\/a><\/li><\/ul><\/div><\/div>\n<div  style='height:50px' class='hr hr-invisible   avia-builder-el-8  el_after_av_social_share  el_before_av_comments_list '><span class='hr-inner ' ><span class='hr-inner-style'><\/span><\/span><\/div>\n<div  class='av-buildercomment  av-blog-meta-html-info-disabled av-blog-meta-tag-disabled  '><\/div>\n<div class=\"flex_column av_one_full  flex_column_div av-zero-column-padding first  avia-builder-el-10  el_after_av_comments_list  el_before_av_one_full  \" style='border-radius:0px; '><div  class='avia-image-container  av-styling-    avia-builder-el-11  avia-builder-el-no-sibling  avia-align-center '  itemprop=\"image\" itemscope=\"itemscope\" itemtype=\"https:\/\/schema.org\/ImageObject\"  ><div class='avia-image-container-inner'><div class='avia-image-overlay-wrap'><img decoding=\"async\" class='wp-image-0 avia-img-lazy-loading-not-0 avia_image' src=\"http:\/\/radiorevelacionfm.cl\/wp-content\/uploads\/2020\/12\/7ee21_th2.jpg\" alt='' title=''   itemprop=\"thumbnailUrl\"  \/><\/div><\/div><\/div><\/div>\n<div class=\"flex_column av_one_full  flex_column_div av-zero-column-padding first  avia-builder-el-12  el_after_av_one_full  el_before_av_one_full  column-top-margin\" style='border-radius:0px; '><section class=\"av_textblock_section \"  itemscope=\"itemscope\" itemtype=\"https:\/\/schema.org\/BlogPosting\" itemprop=\"blogPost\" ><div class='avia_textblock  '   itemprop=\"text\" ><h2 class=\"title\" style=\"text-align: center;\">SENDA entrega equipos de Narcotest a Carabineros para aumentar controles de Tolerancia Cero<\/h2>\n<div id=\"gtx-trans\" style=\"position: absolute; left: -50px; top: 4.31534px;\">\n<div class=\"gtx-trans-icon\"><\/div>\n<\/div>\n<\/div><\/section><\/div>\n<div class=\"flex_column av_one_full  flex_column_div av-zero-column-padding first  avia-builder-el-14  el_after_av_one_full  el_before_av_hr  column-top-margin\" style='border-radius:0px; '><section class=\"av_textblock_section \"  itemscope=\"itemscope\" itemtype=\"https:\/\/schema.org\/BlogPosting\" itemprop=\"blogPost\" ><div class='avia_textblock  '   itemprop=\"text\" ><p style=\"text-align: justify;\"><span style=\"font-size: 14pt;\">El objetivo es aumentar la cobertura del Programa Tolerancia Cero y realizar controles en otras comunas de la Regi\u00f3n de Ays\u00e9n, junto con seguir generando conciencias en los conductores, con respecto a las consecuencias negativas asociadas a la conducci\u00f3n bajo los efectos de la droga.<\/span><\/p>\n<p style=\"text-align: justify;\"><span style=\"font-size: 14pt;\">Con la participaci\u00f3n de la Intendente Regional de Ays\u00e9n Sra. Geoconda Navarrete, este martes, en dependencias de su direcci\u00f3n regional, SENDA hizo entrega al nuevo Jefe de la XI Zona Ays\u00e9n de Carabineros de Chile, General Hugo Zenteno V\u00e1squez de dos equipos para detectar la presencia de Drogas il\u00edcitas en los conductores que circulen por la Regi\u00f3n de Ays\u00e9n, en el contexto del trabajo permanente del Programa Tolerancia Cero de SENDA que se ejecuta en colaboraci\u00f3n estrat\u00e9gica con Carabineros de Chile y con el prop\u00f3sito claro de fortalecer el trabajo territorial.<\/span><\/p>\n<p><span style=\"font-size: 14pt;\">En la ocasi\u00f3n la Directora Regional de SENDA Annie Katherine Hunter Guti\u00e9rrez manifest\u00f3 \u201cEsta entrega que SENDA hace a Carabineros de Chile, marca un segundo hito, de suma relevancia en el Programa Tolerancia Cero, bajo la direcci\u00f3n de nuestro Director Carlos Charme, quien plante\u00f3 como objetivo, al asumir su cargo, sumar a los hist\u00f3ricos test de alcohol, el control de otras drogas en los conductores. Es as\u00ed como al aparato Narcotest que el a\u00f1o 2019 lleg\u00f3 a la regi\u00f3n bajo administraci\u00f3n de SENDA Ays\u00e9n, hoy se suma dos aparatos que con mucha satisfacci\u00f3n entregamos hoy a Carabineros, con una inversi\u00f3n sectorial de m\u00e1s de $9.000.000\u201d.<\/span><\/p>\n<p><span style=\"font-size: 14pt;\">Por su parte, el Jefe de la XI zona de Carabineros de Ays\u00e9n, General Hugo Zenteno V\u00e1squez se\u00f1al\u00f3: \u201cEsto es una estrategia de una pol\u00edtica de seguridad, donde con estos equipos vamos a hacer nuestro trabajo de mejor forma para poder llevar los medios de prueba al Ministerio P\u00fablico. Todo equipo detector de alguna sustancia il\u00edcita, es esencial para nuestra funci\u00f3n policial. Nuestras estrategias operativas est\u00e1n enfocadas en los puntos m\u00e1s cr\u00edticos y en especial, llega esto, pr\u00f3ximo a las fiestas navide\u00f1as y de fin de a\u00f1o, donde vamos a tener un control m\u00e1s exhaustivo en la ruta para prevenir accidentes y tambi\u00e9n para que las personas est\u00e9n en paz y tranquilidad y no tengamos hechos que lamentar, estamos para brindar un servicio \u00f3ptimo y ese es el enfoque que queremos dar para el a\u00f1o 2021.\u201d<\/span><\/p>\n<p><span style=\"font-size: 14pt;\">A partir de la inversi\u00f3n sectorial de SENDA, Carabineros de Chile de la XI Zona Ays\u00e9n podr\u00e1 someter a cualquier conductor a un examen de saliva, a trav\u00e9s de un kit de prueba desechable, en forma independiente al dispositivo Tolerancia Cero de SENDA, abarcando un territorio mayor, contribuyendo con ello no solo a l control de conductores y fiscalizaci\u00f3n del cumplimiento de la Ley de Tr\u00e1nsito, sino tambi\u00e9n a la labor preventiva que desarrolla SENDA a trav\u00e9s de su programa.<\/span><\/p>\n<p><span style=\"font-size: 14pt;\">Cabe recordar que los Narcotest permiten detectar en terreno la presencia de 5 drogas en el cuerpo de los conductores; coca\u00edna, marihuana, opi\u00e1cidos, metanfetaminas y anfetaminas, hecho que constituye un delito al igual que la conducci\u00f3n en estado de ebriedad.<\/span><\/p>\n<\/div><\/section><\/div>\n<div  style='height:50px' class='hr hr-invisible   avia-builder-el-16  el_after_av_one_full  el_before_av_social_share '><span class='hr-inner ' ><span class='hr-inner-style'><\/span><\/span><\/div>\n<div  class='av-social-sharing-box  avia-builder-el-17  el_after_av_hr  el_before_av_hr  '><div class='av-share-box'><h5 class='av-share-link-description av-no-toc '>Compartir esta noticia<\/h5><ul class='av-share-box-list noLightbox'><li class='av-share-link av-social-link-facebook' ><a target=\"_blank\" aria-label=\"Compartir en Facebook\" href='https:\/\/www.facebook.com\/sharer.php?u=https:\/\/radiorevelacionfm.cl\/?p=16768&#038;t=Nodo%20Ciencia%20Austral%20refuerza%20trabajo%20colaborativo%20con%20incorporaci%C3%B3n%20de%20nueva%20Seremi%20de%20Ciencia%20de%20Ays%C3%A9n%20y%20Magallanes' aria-hidden='false' data-av_icon='\ue8f3' data-av_iconfont='entypo-fontello' title='' data-avia-related-tooltip='Compartir en Facebook' rel=\"noopener\"><span class='avia_hidden_link_text'>Compartir en Facebook<\/span><\/a><\/li><li class='av-share-link av-social-link-twitter' ><a target=\"_blank\" aria-label=\"Compartir en Twitter\" href='https:\/\/twitter.com\/share?text=Nodo%20Ciencia%20Austral%20refuerza%20trabajo%20colaborativo%20con%20incorporaci%C3%B3n%20de%20nueva%20Seremi%20de%20Ciencia%20de%20Ays%C3%A9n%20y%20Magallanes&#038;url=https:\/\/radiorevelacionfm.cl\/?p=16768' aria-hidden='false' data-av_icon='\ue8f1' data-av_iconfont='entypo-fontello' title='' data-avia-related-tooltip='Compartir en Twitter' rel=\"noopener\"><span class='avia_hidden_link_text'>Compartir en Twitter<\/span><\/a><\/li><li class='av-share-link av-social-link-whatsapp' ><a target=\"_blank\" aria-label=\"Compartir en Whatsapp\" href='https:\/\/api.whatsapp.com\/send?text=https:\/\/radiorevelacionfm.cl\/?p=16768' aria-hidden='false' data-av_icon='\uf232' data-av_iconfont='entypo-fontello' title='' data-avia-related-tooltip='Compartir en Whatsapp' rel=\"noopener\"><span class='avia_hidden_link_text'>Compartir en Whatsapp<\/span><\/a><\/li><li class='av-share-link av-social-link-linkedin' ><a target=\"_blank\" aria-label=\"Compartir en LinkedIn\" href='https:\/\/linkedin.com\/shareArticle?mini=true&#038;title=Nodo%20Ciencia%20Austral%20refuerza%20trabajo%20colaborativo%20con%20incorporaci%C3%B3n%20de%20nueva%20Seremi%20de%20Ciencia%20de%20Ays%C3%A9n%20y%20Magallanes&#038;url=https:\/\/radiorevelacionfm.cl\/?p=16768' aria-hidden='false' data-av_icon='\ue8fc' data-av_iconfont='entypo-fontello' title='' data-avia-related-tooltip='Compartir en LinkedIn' rel=\"noopener\"><span class='avia_hidden_link_text'>Compartir en LinkedIn<\/span><\/a><\/li><li class='av-share-link av-social-link-mail' ><a  aria-label=\"Compartir por correo\" href='mailto:?subject=Nodo%20Ciencia%20Austral%20refuerza%20trabajo%20colaborativo%20con%20incorporaci%C3%B3n%20de%20nueva%20Seremi%20de%20Ciencia%20de%20Ays%C3%A9n%20y%20Magallanes&#038;body=https:\/\/radiorevelacionfm.cl\/?p=16768' aria-hidden='false' data-av_icon='\ue805' data-av_iconfont='entypo-fontello' title='' data-avia-related-tooltip='Compartir por correo'><span class='avia_hidden_link_text'>Compartir por correo<\/span><\/a><\/li><\/ul><\/div><\/div>\n<div  style='height:50px' class='hr hr-invisible   avia-builder-el-18  el_after_av_social_share  el_before_av_comments_list '><span class='hr-inner ' ><span class='hr-inner-style'><\/span><\/span><\/div>\n<div  class='av-buildercomment  av-blog-meta-html-info-disabled av-blog-meta-tag-disabled  '><\/div>\n","protected":false},"excerpt":{"rendered":"","protected":false},"author":1,"featured_media":16769,"comment_status":"open","ping_status":"open","sticky":false,"template":"","format":"standard","meta":{"footnotes":""},"categories":[53,35],"tags":[],"class_list":["post-16768","post","type-post","status-publish","format-standard","has-post-thumbnail","hentry","category-ciencia","category-politica"],"jetpack_featured_media_url":"https:\/\/radiorevelacionfm.cl\/wp-content\/uploads\/2022\/05\/Fotografia-Comite-Coordinacion-1-1.jpg","_links":{"self":[{"href":"https:\/\/radiorevelacionfm.cl\/index.php?rest_route=\/wp\/v2\/posts\/16768","targetHints":{"allow":["GET"]}}],"collection":[{"href":"https:\/\/radiorevelacionfm.cl\/index.php?rest_route=\/wp\/v2\/posts"}],"about":[{"href":"https:\/\/radiorevelacionfm.cl\/index.php?rest_route=\/wp\/v2\/types\/post"}],"author":[{"embeddable":true,"href":"https:\/\/radiorevelacionfm.cl\/index.php?rest_route=\/wp\/v2\/users\/1"}],"replies":[{"embeddable":true,"href":"https:\/\/radiorevelacionfm.cl\/index.php?rest_route=%2Fwp%2Fv2%2Fcomments&post=16768"}],"version-history":[{"count":3,"href":"https:\/\/radiorevelacionfm.cl\/index.php?rest_route=\/wp\/v2\/posts\/16768\/revisions"}],"predecessor-version":[{"id":16773,"href":"https:\/\/radiorevelacionfm.cl\/index.php?rest_route=\/wp\/v2\/posts\/16768\/revisions\/16773"}],"wp:featuredmedia":[{"embeddable":true,"href":"https:\/\/radiorevelacionfm.cl\/index.php?rest_route=\/wp\/v2\/media\/16769"}],"wp:attachment":[{"href":"https:\/\/radiorevelacionfm.cl\/index.php?rest_route=%2Fwp%2Fv2%2Fmedia&parent=16768"}],"wp:term":[{"taxonomy":"category","embeddable":true,"href":"https:\/\/radiorevelacionfm.cl\/index.php?rest_route=%2Fwp%2Fv2%2Fcategories&post=16768"},{"taxonomy":"post_tag","embeddable":true,"href":"https:\/\/radiorevelacionfm.cl\/index.php?rest_route=%2Fwp%2Fv2%2Ftags&post=16768"}],"curies":[{"name":"wp","href":"https:\/\/api.w.org\/{rel}","templated":true}]}}