{"id":16764,"date":"2022-05-12T12:13:43","date_gmt":"2022-05-12T15:13:43","guid":{"rendered":"https:\/\/radiorevelacionfm.cl\/?p=16764"},"modified":"2022-05-12T12:13:43","modified_gmt":"2022-05-12T15:13:43","slug":"con-contundente-y-transversal-respaldo-de-la-sala-aprueban-idea-de-legislar-ley-tamara","status":"publish","type":"post","link":"https:\/\/radiorevelacionfm.cl\/?p=16764","title":{"rendered":"Con contundente y transversal respaldo de la Sala aprueban idea de legislar \u00abLey Tamara\u00bb"},"content":{"rendered":"<div class=\"flex_column av_one_full  flex_column_div av-zero-column-padding first  avia-builder-el-0  el_before_av_one_full  avia-builder-el-first  \" style='border-radius:0px; '><div  class='avia-image-container  av-styling-    avia-builder-el-1  avia-builder-el-no-sibling  avia-align-center '  itemprop=\"image\" itemscope=\"itemscope\" itemtype=\"https:\/\/schema.org\/ImageObject\"  ><div class='avia-image-container-inner'><div class='avia-image-overlay-wrap'><img decoding=\"async\" class='wp-image-16765 avia-img-lazy-loading-not-16765 avia_image' src=\"https:\/\/radiorevelacionfm.cl\/wp-content\/uploads\/2022\/05\/ley-Tamara-1-1.jpg\" alt='' title='ley Tamara (1) (1)' height=\"600\" width=\"1024\"  itemprop=\"thumbnailUrl\" srcset=\"https:\/\/radiorevelacionfm.cl\/wp-content\/uploads\/2022\/05\/ley-Tamara-1-1.jpg 1024w, https:\/\/radiorevelacionfm.cl\/wp-content\/uploads\/2022\/05\/ley-Tamara-1-1-300x176.jpg 300w, https:\/\/radiorevelacionfm.cl\/wp-content\/uploads\/2022\/05\/ley-Tamara-1-1-768x450.jpg 768w, https:\/\/radiorevelacionfm.cl\/wp-content\/uploads\/2022\/05\/ley-Tamara-1-1-705x413.jpg 705w, https:\/\/radiorevelacionfm.cl\/wp-content\/uploads\/2022\/05\/ley-Tamara-1-1-600x352.jpg 600w\" sizes=\"(max-width: 1024px) 100vw, 1024px\" \/><\/div><\/div><\/div><\/div><div class=\"flex_column av_one_full  flex_column_div av-zero-column-padding first  avia-builder-el-2  el_after_av_one_full  el_before_av_one_full  column-top-margin\" style='border-radius:0px; '><section class=\"av_textblock_section \"  itemscope=\"itemscope\" itemtype=\"https:\/\/schema.org\/BlogPosting\" itemprop=\"blogPost\" ><div class='avia_textblock  '   itemprop=\"text\" ><div style=\"text-align: center;\"><strong><span style=\"font-size: 18pt;\">Con contundente y transversal respaldo de la Sala aprueban idea de legislar <span style=\"letter-spacing: 0px;\">\u00abLey Tamara\u00bb<\/span><\/span><\/strong><\/div>\n<div id=\"gtx-trans\" style=\"position: absolute; left: -50px; top: 4.31534px;\">\n<div class=\"gtx-trans-icon\"><\/div>\n<\/div>\n<\/div><\/section><\/div><div class=\"flex_column av_one_full  flex_column_div av-zero-column-padding first  avia-builder-el-4  el_after_av_one_full  el_before_av_hr  column-top-margin\" style='border-radius:0px; '><section class=\"av_textblock_section \"  itemscope=\"itemscope\" itemtype=\"https:\/\/schema.org\/BlogPosting\" itemprop=\"blogPost\" ><div class='avia_textblock  '   itemprop=\"text\" ><p style=\"text-align: justify;\">Un contundente respaldo le dio la Sala del Senado al proyecto que busca reforzar la protecci\u00f3n penal a la infancia y a personas en situaci\u00f3n de vulnerabilidad, conocida como \u00abLey Tamara\u00bb, al aprobar por unanimidad la idea de legislar sobre la iniciativa.<\/p>\n<p style=\"text-align: justify;\">Con esta votaci\u00f3n, se dio luz verde al an\u00e1lisis en particular del proyecto por lo que se fij\u00f3 el 17 de junio como plazo para presentarle indicaciones.<\/p>\n<p style=\"text-align: justify;\">Cabe recordar que este proyecto cumple su segundo tr\u00e1mite constitucional\u00a0 en el Senado y tuvo su origen en un mensaje y una moci\u00f3n de un grupo de diputados, entre los que se encuentra el actual senador Mat\u00edas Walker.<\/p>\n<p style=\"text-align: justify;\">En lo fundamental busca establecer una congruencia en el establecimiento de ciertas circunstancias especiales que se han considerado para la apreciaci\u00f3n de determinados delitos, con lo que sucede respecto de la calificaci\u00f3n de las acciones penalmente sancionadas, cuando las v\u00edctimas de delitos sean personas que se encuentran en desprotecci\u00f3n por su edad o condici\u00f3n de salud.<\/p>\n<p style=\"text-align: justify;\">El presidente de la Comisi\u00f3n de Constituci\u00f3n, Mat\u00edas Walker, explic\u00f3 los alcances del proyecto y valor\u00f3 la agilizaci\u00f3n del tr\u00e1mite de esta iniciativa que busca fortalecer la protecci\u00f3n penal a la infancia en casos de delitos en los que los menores resultan como v\u00edctimas. \u00abImpulsamos este proyecto de ley con el objeto de nutrir a nuestra legislaci\u00f3n de las herramientas correctas que impidan espacios de impunidad a delitos tan graves que afectan el valor m\u00e1s alto de nuestra sociedad que son los ni\u00f1os y personas con discapacidad\u00bb.<\/p>\n<p>El Senador por la regi\u00f3n de Ays\u00e9n David Sandoval, en su intervenci\u00f3n se\u00f1al\u00f3: \u00abLos hechos de delincuencia ponen de manifiesto la urgencia y necesidad que este Congreso se manifieste con claridad frente a hechos de esta naturaleza\u2026esta norma viene a perfeccionar la pol\u00edtica criminal frente a casos graves\u00bb<\/p>\n<\/div><\/section><\/div><div  style='height:50px' class='hr hr-invisible   avia-builder-el-6  el_after_av_one_full  el_before_av_social_share '><span class='hr-inner ' ><span class='hr-inner-style'><\/span><\/span><\/div><\/p>\n<div  class='av-social-sharing-box  avia-builder-el-7  el_after_av_hr  el_before_av_hr  '><div class='av-share-box'><h5 class='av-share-link-description av-no-toc '>Compartir esta noticia<\/h5><ul class='av-share-box-list noLightbox'><li class='av-share-link av-social-link-facebook' ><a target=\"_blank\" aria-label=\"Compartir en Facebook\" href='https:\/\/www.facebook.com\/sharer.php?u=https:\/\/radiorevelacionfm.cl\/?p=16764&#038;t=Con%20contundente%20y%20transversal%20respaldo%20de%20la%20Sala%20aprueban%20idea%20de%20legislar%20%C2%ABLey%20Tamara%C2%BB' aria-hidden='false' data-av_icon='\ue8f3' data-av_iconfont='entypo-fontello' title='' data-avia-related-tooltip='Compartir en Facebook' rel=\"noopener\"><span class='avia_hidden_link_text'>Compartir en Facebook<\/span><\/a><\/li><li class='av-share-link av-social-link-twitter' ><a target=\"_blank\" aria-label=\"Compartir en Twitter\" href='https:\/\/twitter.com\/share?text=Con%20contundente%20y%20transversal%20respaldo%20de%20la%20Sala%20aprueban%20idea%20de%20legislar%20%C2%ABLey%20Tamara%C2%BB&#038;url=https:\/\/radiorevelacionfm.cl\/?p=16764' aria-hidden='false' data-av_icon='\ue8f1' data-av_iconfont='entypo-fontello' title='' data-avia-related-tooltip='Compartir en Twitter' rel=\"noopener\"><span class='avia_hidden_link_text'>Compartir en Twitter<\/span><\/a><\/li><li class='av-share-link av-social-link-whatsapp' ><a target=\"_blank\" aria-label=\"Compartir en Whatsapp\" href='https:\/\/api.whatsapp.com\/send?text=https:\/\/radiorevelacionfm.cl\/?p=16764' aria-hidden='false' data-av_icon='\uf232' data-av_iconfont='entypo-fontello' title='' data-avia-related-tooltip='Compartir en Whatsapp' rel=\"noopener\"><span class='avia_hidden_link_text'>Compartir en Whatsapp<\/span><\/a><\/li><li class='av-share-link av-social-link-linkedin' ><a target=\"_blank\" aria-label=\"Compartir en LinkedIn\" href='https:\/\/linkedin.com\/shareArticle?mini=true&#038;title=Con%20contundente%20y%20transversal%20respaldo%20de%20la%20Sala%20aprueban%20idea%20de%20legislar%20%C2%ABLey%20Tamara%C2%BB&#038;url=https:\/\/radiorevelacionfm.cl\/?p=16764' aria-hidden='false' data-av_icon='\ue8fc' data-av_iconfont='entypo-fontello' title='' data-avia-related-tooltip='Compartir en LinkedIn' rel=\"noopener\"><span class='avia_hidden_link_text'>Compartir en LinkedIn<\/span><\/a><\/li><li class='av-share-link av-social-link-mail' ><a  aria-label=\"Compartir por correo\" href='mailto:?subject=Con%20contundente%20y%20transversal%20respaldo%20de%20la%20Sala%20aprueban%20idea%20de%20legislar%20%C2%ABLey%20Tamara%C2%BB&#038;body=https:\/\/radiorevelacionfm.cl\/?p=16764' aria-hidden='false' data-av_icon='\ue805' data-av_iconfont='entypo-fontello' title='' data-avia-related-tooltip='Compartir por correo'><span class='avia_hidden_link_text'>Compartir por correo<\/span><\/a><\/li><\/ul><\/div><\/div>\n<div  style='height:50px' class='hr hr-invisible   avia-builder-el-8  el_after_av_social_share  el_before_av_comments_list '><span class='hr-inner ' ><span class='hr-inner-style'><\/span><\/span><\/div>\n<div  class='av-buildercomment  av-blog-meta-html-info-disabled av-blog-meta-tag-disabled  '><\/div>\n","protected":false},"excerpt":{"rendered":"","protected":false},"author":1,"featured_media":16765,"comment_status":"open","ping_status":"open","sticky":false,"template":"","format":"standard","meta":{"footnotes":""},"categories":[55,61,65],"tags":[],"class_list":["post-16764","post","type-post","status-publish","format-standard","has-post-thumbnail","hentry","category-justicia","category-nacional","category-ninez-y-adolescencia"],"jetpack_featured_media_url":"https:\/\/radiorevelacionfm.cl\/wp-content\/uploads\/2022\/05\/ley-Tamara-1-1.jpg","_links":{"self":[{"href":"https:\/\/radiorevelacionfm.cl\/index.php?rest_route=\/wp\/v2\/posts\/16764","targetHints":{"allow":["GET"]}}],"collection":[{"href":"https:\/\/radiorevelacionfm.cl\/index.php?rest_route=\/wp\/v2\/posts"}],"about":[{"href":"https:\/\/radiorevelacionfm.cl\/index.php?rest_route=\/wp\/v2\/types\/post"}],"author":[{"embeddable":true,"href":"https:\/\/radiorevelacionfm.cl\/index.php?rest_route=\/wp\/v2\/users\/1"}],"replies":[{"embeddable":true,"href":"https:\/\/radiorevelacionfm.cl\/index.php?rest_route=%2Fwp%2Fv2%2Fcomments&post=16764"}],"version-history":[{"count":2,"href":"https:\/\/radiorevelacionfm.cl\/index.php?rest_route=\/wp\/v2\/posts\/16764\/revisions"}],"predecessor-version":[{"id":16772,"href":"https:\/\/radiorevelacionfm.cl\/index.php?rest_route=\/wp\/v2\/posts\/16764\/revisions\/16772"}],"wp:featuredmedia":[{"embeddable":true,"href":"https:\/\/radiorevelacionfm.cl\/index.php?rest_route=\/wp\/v2\/media\/16765"}],"wp:attachment":[{"href":"https:\/\/radiorevelacionfm.cl\/index.php?rest_route=%2Fwp%2Fv2%2Fmedia&parent=16764"}],"wp:term":[{"taxonomy":"category","embeddable":true,"href":"https:\/\/radiorevelacionfm.cl\/index.php?rest_route=%2Fwp%2Fv2%2Fcategories&post=16764"},{"taxonomy":"post_tag","embeddable":true,"href":"https:\/\/radiorevelacionfm.cl\/index.php?rest_route=%2Fwp%2Fv2%2Ftags&post=16764"}],"curies":[{"name":"wp","href":"https:\/\/api.w.org\/{rel}","templated":true}]}}