{"id":16758,"date":"2022-05-12T11:46:44","date_gmt":"2022-05-12T14:46:44","guid":{"rendered":"https:\/\/radiorevelacionfm.cl\/?p=16758"},"modified":"2022-05-12T11:46:44","modified_gmt":"2022-05-12T14:46:44","slug":"vacunacion-la-medida-mas-exitosa-para-el-control-de-pandemias","status":"publish","type":"post","link":"https:\/\/radiorevelacionfm.cl\/?p=16758","title":{"rendered":"Vacunaci\u00f3n: La medida m\u00e1s exitosa para el control de pandemias"},"content":{"rendered":"<div class=\"flex_column av_one_full  flex_column_div av-zero-column-padding first  avia-builder-el-0  el_before_av_one_full  avia-builder-el-first  \" style='border-radius:0px; '><div  class='avia-image-container  av-styling-    avia-builder-el-1  avia-builder-el-no-sibling  avia-align-center '  itemprop=\"image\" itemscope=\"itemscope\" itemtype=\"https:\/\/schema.org\/ImageObject\"  ><div class='avia-image-container-inner'><div class='avia-image-overlay-wrap'><img decoding=\"async\" class='wp-image-16759 avia-img-lazy-loading-not-16759 avia_image' src=\"https:\/\/radiorevelacionfm.cl\/wp-content\/uploads\/2022\/05\/reportaje-vacunaciOn-3-1_optimized.jpg\" alt='' title='reportaje-vacunaci\u00d3n-3-(1)_optimized' height=\"600\" width=\"826\"  itemprop=\"thumbnailUrl\" srcset=\"https:\/\/radiorevelacionfm.cl\/wp-content\/uploads\/2022\/05\/reportaje-vacunaciOn-3-1_optimized.jpg 826w, https:\/\/radiorevelacionfm.cl\/wp-content\/uploads\/2022\/05\/reportaje-vacunaciOn-3-1_optimized-300x218.jpg 300w, https:\/\/radiorevelacionfm.cl\/wp-content\/uploads\/2022\/05\/reportaje-vacunaciOn-3-1_optimized-768x558.jpg 768w, https:\/\/radiorevelacionfm.cl\/wp-content\/uploads\/2022\/05\/reportaje-vacunaciOn-3-1_optimized-705x512.jpg 705w, https:\/\/radiorevelacionfm.cl\/wp-content\/uploads\/2022\/05\/reportaje-vacunaciOn-3-1_optimized-600x436.jpg 600w\" sizes=\"(max-width: 826px) 100vw, 826px\" \/><\/div><\/div><\/div><\/div><div class=\"flex_column av_one_full  flex_column_div av-zero-column-padding first  avia-builder-el-2  el_after_av_one_full  el_before_av_one_full  column-top-margin\" style='border-radius:0px; '><section class=\"av_textblock_section \"  itemscope=\"itemscope\" itemtype=\"https:\/\/schema.org\/BlogPosting\" itemprop=\"blogPost\" ><div class='avia_textblock  '   itemprop=\"text\" ><p style=\"text-align: center;\"><span style=\"font-size: 18pt;\"><b>Vacunaci\u00f3n: La medida m\u00e1s exitosa para el control de pandemias<\/b><\/span><\/p>\n<div id=\"gtx-trans\" style=\"position: absolute; left: -50px; top: 4.31534px;\">\n<div class=\"gtx-trans-icon\"><\/div>\n<\/div>\n<\/div><\/section><\/div><div class=\"flex_column av_one_full  flex_column_div av-zero-column-padding first  avia-builder-el-4  el_after_av_one_full  el_before_av_hr  column-top-margin\" style='border-radius:0px; '><section class=\"av_textblock_section \"  itemscope=\"itemscope\" itemtype=\"https:\/\/schema.org\/BlogPosting\" itemprop=\"blogPost\" ><div class='avia_textblock  '   itemprop=\"text\" ><p class=\"v1MsoNormal\" style=\"text-align: justify;\">Hasta antes del a\u00f1o 2019, cuando aparece el coronavirus (SARS-CoV-2), la humanidad enfrent\u00f3 algunas pandemias focalizadas en determinadas zonas del mundo, tales como el \u00e9bola y la gripe H1N1, pero ninguna tan global como el COVID, que en pocos meses pas\u00f3 de ser un virus que afect\u00f3 a China y Asia a caracter\u00edsticas de pandemia, amenazando cada rinc\u00f3n del planeta, como lo declar\u00f3 la Organizaci\u00f3n Mundial de la Salud (OMS) a principios de 2020 y que hasta ahora supera los seis millones de personas fallecidas a nivel mundial y m\u00e1s de 57 mil en Chile, 184 de ellas en Ays\u00e9n.<\/p>\n<p class=\"v1MsoNormal\" style=\"text-align: justify;\">Es as\u00ed que los esfuerzos de laboratorios y equipos cient\u00edficos se convocaron para elaborar una vacuna que permitiera reducir las consecuencias de la enfermedad, pues est\u00e1 demostrado que la inoculaci\u00f3n intensiva es uno de los caminos m\u00e1s seguros para la protecci\u00f3n de la poblaci\u00f3n, sobre todo aquella que presenta co &#8211; morbilidades o enfermedades cr\u00f3nicas.<\/p>\n<p class=\"v1MsoNormal\" style=\"text-align: justify;\">De este modo fueron varias las vacunas que llegaron a Chile, desde la Coronavac, Pfizer, Astrazeneca, Cansino y \u00faltimamente la Moderna. Todas con probada eficacia para combatir efectos adversos en eventuales contagios y minimizar los riesgos para la salud. \u00abTengo mis cuatro vacunas, m\u00e1s la influenza. No he tenido ning\u00fan problema. Estuve en medio de un brote de covid en un sector rural y llegu\u00e9 ac\u00e1 (Coyhaique) un poquito congestionada, pero sab\u00eda que no pasar\u00eda m\u00e1s all\u00e1, as\u00ed que con toda la confianza del mundo con mis vacunas. Mi mamita se vacun\u00f3, est\u00e1 al d\u00eda y mis cr\u00edas esperando sus turnos en junio y agosto\u00bb, relata Rebeca Flores, presidenta de la Agrupaci\u00f3n de la Discapacidad Sin Fronteras.<\/p>\n<p class=\"v1MsoNormal\" style=\"text-align: justify;\">Por eso, la dirigenta hace un llamado a la poblaci\u00f3n regional, personas mayores, en situaci\u00f3n de discapacidad, ni\u00f1os y ni\u00f1as a vacunarse y acudir a los puntos de vacunaci\u00f3n, y \u00abtambi\u00e9n el autocuidado, que es muy importante\u00bb, precisa la dirigenta.<\/p>\n<p class=\"v1MsoNormal\" style=\"text-align: justify;\">Una opini\u00f3n similar tiene Juan Vargas, presidente de la Junta de Vecinos El Mirador, de Coyhaique. \u00abInvitarlos a acercarse a la red de salud para vacunarse contra la influenza y el coronavirus. Gracias a este proceso de vacunaci\u00f3n hemos podido regresar a nuestros trabajos los adultos, mientras que los ni\u00f1os, ni\u00f1as y j\u00f3venes han vuelto a las escuelas y jardines infantiles. Pero para eso debemos seguir cuid\u00e1ndonos entre todos y la vacunaci\u00f3n nos ayuda a estar mejor preparados para las enfermedades de invierno\u00bb, se\u00f1ala.<\/p>\n<p class=\"v1MsoNormal\" style=\"text-align: justify;\">El Programa Nacional de Inmunizaciones chileno (PNI) mantiene un alto est\u00e1ndar y reconocimiento a nivel internacional, lo que ha permitido erradicar una serie de enfermedades que d\u00e9cadas atr\u00e1s costaban vidas, sobre todo de ni\u00f1os y ni\u00f1as.<\/p>\n<p class=\"v1MsoNormal\" style=\"text-align: justify;\">Tal es el caso de la viruela, tuberculosis, rabia y la poliomelitis, tambi\u00e9n conocida como par\u00e1lisis infantil, que dejaron con secuela a miles de infantes en la primera mitad del siglo XX. Chile fue el tercer pa\u00eds del mundo en erradicarla, gracias a la masiva inoculaci\u00f3n de ni\u00f1os y ni\u00f1as, tras la aparici\u00f3n de la vacuna en 1955.<\/p>\n<p class=\"v1MsoNormal\" style=\"text-align: justify;\">Gracias a su Plan de Inmunizaciones, Chile evit\u00f3 la muerte y secuela en cientos de miles de ni\u00f1os y probablemente si la vacuna hubiese estado disponible antes muchas personas seguir\u00edan con vida.<\/p>\n<p class=\"v1MsoNormal\" style=\"text-align: justify;\">En 1796 se cre\u00f3 la vacuna contra la viruela y llega a Chile en 1815. Al principio tambi\u00e9n existi\u00f3 resistencia por parte de determinados grupos, acompa\u00f1ado del temor y la desconfianza. Pero fue importante la voluntad y el apoyo de la Iglesia, a trav\u00e9s de los discursos y sermones desde los p\u00falpitos que ayudaron a reducir esa resistencia.<\/p>\n<p class=\"v1MsoNormal\" style=\"text-align: justify;\">Elizabeth Nahuelcar, quien perdi\u00f3 a su hermana de 57 a\u00f1os producto del COVID el a\u00f1o pasado, se coloc\u00f3 la cuarta dosis y la anti influenza en el operativo del fin de semana en Feria Las Quintas. \u00abCon las vacunas me siento m\u00e1s protegida, no ando con ese miedo permanente\u00bb, enfatiza.<\/p>\n<p class=\"v1MsoNormal\" style=\"text-align: justify;\">Filomena Vargas, antigua vecina y dirigenta del sector V\u00edctor Domingo Silva, tambi\u00e9n acudi\u00f3 a colocarse la cuarta dosis a la Cruz Roja el pasado fin de semana. \u00abTenemos que continuar protegi\u00e9ndonos y cuid\u00e1ndonos, porque la pandemia no ha terminado, con las vacunas estamos m\u00e1s seguros y protegidos, as\u00ed que los invito a que se acerquen a vacunarse, para tener una mejor calidad de vida y pasar mejor el invierno\u00bb, dijo.<\/p>\n<p class=\"v1MsoNormal\" style=\"text-align: justify;\"><b>Efecto Reba\u00f1o<\/b><\/p>\n<p class=\"v1MsoNormal\" style=\"text-align: justify;\">Para lograr una inmunizaci\u00f3n \u00f3ptima se estima que al menos el 85% de la poblaci\u00f3n objetivo debe estar inoculada, lo que se conoce como el \u00abefecto reba\u00f1o\u00bb, es decir, se genera una protecci\u00f3n natural por efecto de la alta cifra de vacunados.<\/p>\n<p class=\"v1MsoNormal\" style=\"text-align: justify;\">Por eso la preocupaci\u00f3n del sector Salud por ampliar la vacunaci\u00f3n. En estos momentos el grupo m\u00e1s bajo en cobertura son los ni\u00f1os y ni\u00f1as de 3 a 5 a\u00f1os, \u00abya que en primera dosis de vacunaci\u00f3n COVID la cifra se eleva a un poco m\u00e1s del 60%, pero en su segunda administraci\u00f3n llega solo al 40, lo que preocupa al personal de salud, cuando el invierno se hace sentir en la regi\u00f3n de Ays\u00e9n. Esta vacuna permite la confianza necesaria, ya no nos encontramos en una etapa solo de estudio de las vacunas, sino que se ha podido confirmar que los efectos adversos son muy leves y es importante llamar a la confianza de los padres y madres, vacunarlos y protegerlos\u00bb, advierte Leandra Aguilar, encargada del Plan Nacional de Inmunizaciones del Servicio de Salud Ays\u00e9n (PNI).<\/p>\n<p class=\"v1MsoNormal\" style=\"text-align: justify;\">Los estudios indican que a cuatro meses de aplicada la vacuna baja ostensiblemente la inmunidad, por lo que se requiere un refuerzo para mantener la protecci\u00f3n, \u00aby evitar nuevos brotes de la enfermedad en la comunidad\u00bb. La situaci\u00f3n se podr\u00eda ver m\u00e1s compleja con la concomitancia de otros virus, tales como el sincicial o rotavirus, entre otras afecciones invernales que pueden agravar los cuadros en personas mayores o cr\u00f3nicos.<\/p>\n<p class=\"v1MsoNormal\" style=\"text-align: justify;\">\u00abVacunarse es un acto de generosidad no solo para nuestros hijos e hijas, sino para la comunidad general y los m\u00e1s vulnerables, que son nuestros ni\u00f1os, ni\u00f1as, adultos mayores, cr\u00f3nicos y personas inmunodeprimidas\u00bb, advierte Aguilar.<\/p>\n<p class=\"v1MsoNormal\" style=\"text-align: justify;\">De no superar el 80% de cobertura en aplicaci\u00f3n de dosis de refuerzo podr\u00eda significar retrocesos en el Plan Seguimos Cuid\u00e1ndonos con lo que aquello significa en t\u00e9rminos de restricciones a los desplazamientos.<\/p>\n<p class=\"v1MsoNormal\" style=\"text-align: justify;\"><b>Combinaci\u00f3n de vacunas y Programa Nacional de Inmunizaciones en Chile<\/b><\/p>\n<p class=\"v1MsoNormal\" style=\"text-align: justify;\">Est\u00e1 demostrado y existen lineamientos respecto a la mezcla de distintas vacunas, de la oferta que existe en el pa\u00eds y que hace poco sum\u00f3 un mill\u00f3n 700 mil dosis de Moderna. Es decir, no hay peligros respecto a la combinaci\u00f3n de ellas. \u00abSe revisa, hay un registro, personal capacitado, que nos permite tener el historial, si es extranjero tener el carnet de vacuna o sus certificados y se hace una revisi\u00f3n individual, entonces la gente tiene que tener la tranquilidad que se va a revisar caso a caso los lineamientos respectivos\u00bb, cuenta Leandra Aguilar.<\/p>\n<p class=\"v1MsoNormal\" style=\"text-align: justify;\">El Programa Nacional de Inmunizaciones de Chile es uno de los m\u00e1s serios y exitosos a nivel latinoamericano y eso ha permitido la erradicaci\u00f3n prematura de varias enfermedades que hasta hace algunas d\u00e9cadas eran mortales o dejaban secuelas de por vida, tales como la viruela o la poliomelitis y que no se ven, o el t\u00e9tano y la difteria. \u00abHoy nos vemos enfrentados a nuevas pandemias y queremos ver el mismo efecto que en el pasado, de eliminaci\u00f3n y all\u00ed juegan un papel fundamental los procesos de vacunaci\u00f3n y cobertura, sobre el 90% que es lo \u00f3ptimo\u00bb, sentenci\u00f3.<\/p>\n<p class=\"v1MsoNormal\" style=\"text-align: justify;\">El m\u00e9dico infect\u00f3logo del hospital Coyhaique, Carlos Mej\u00edas, concuerda con Aguilar. \u00abChile es l\u00edder a nivel mundial en coberturas y disponibilidad de vacunas y hay una oferta muy amplia de vacunas de manera gratuita y que se vienen administrando hace varias d\u00e9cadas y eso ha llevado a que nuestras estad\u00edsticas de mortalidad infantil o \u00edndice de infecciones sean de las m\u00e1s bajas en la regi\u00f3n\u00bb.<\/p>\n<p class=\"v1MsoNormal\" style=\"text-align: justify;\">Si bien en los \u00faltimos a\u00f1os han existido rebrotes de algunas enfermedades como el sarampi\u00f3n, el desaf\u00edo que signific\u00f3 enfrentar una patolog\u00eda totalmente nueva como el covid estres\u00f3 los sistemas hospitalarios y puso contra el tiempo a los laboratorios para disponer de una vacuna que cumpla con los est\u00e1ndares de la Organizaci\u00f3n Mundial de la Salud (OMS), \u00ablo cual oblig\u00f3 a generar de la nada una vacuna y en el camino se hicieron muchas plataformas de vacuna que fueron todas \u00fatiles y pasamos de tener una poblaci\u00f3n con cero anticuerpos a tener alg\u00fan grado de respuesta, con algunas con mejor efectividad que otras\u00bb, como indic\u00f3 el Dr. Mej\u00edas.<\/p>\n<p class=\"v1MsoNormal\" style=\"text-align: justify;\">Mej\u00edas destaca el acceso que tuvieron los chilenos y chilenas a la vacuna Sinovac, en un momento en que \u00ablos pa\u00edses se peleaban por la vacuna, el haber tenido un acceso amplio y masivo nos llev\u00f3 a tener en poco tiempo a gran parte de la poblaci\u00f3n vacunada y con alg\u00fan grado de protecci\u00f3n y eso evit\u00f3 cat\u00e1strofes que vimos en pa\u00edses vecinos\u00bb.<\/p>\n<p class=\"v1MsoNormal\" style=\"text-align: justify;\">La idea de estos procesos es que la enfermedad, en caso de ocurrir, no signifique una hospitalizaci\u00f3n o un agravamiento.<\/p>\n<p class=\"v1MsoNormal\" style=\"text-align: justify;\">Con la excepci\u00f3n del agua potable, ninguna medida ha tenido mayor impacto que las vacunas en la reducci\u00f3n de la mortalidad de la poblaci\u00f3n en Chile y el mundo.<\/p>\n<p class=\"v1MsoNormal\" style=\"text-align: justify;\">La viruela se erradic\u00f3 muchos a\u00f1os antes que el resto del mundo, siendo un gran hito para el pa\u00eds, como asimismo enfermedades infecciosas que causaban secuelas y mortalidad en d\u00e9cadas pasadas. \u00abEn 1975 se erradic\u00f3 la poliomelitis y se logr\u00f3 eliminar el sarampi\u00f3n aut\u00f3ctono en 1993 gracias al uso de vacunas. Las vacunas est\u00e1n consideradas sin discusi\u00f3n como una de las intervenciones m\u00e1s costo efectivas y equitativas en la salud p\u00fablica del pa\u00eds, como bien p\u00fablico y una herramienta poderosa que tiene la salud p\u00fablica para proteger a la poblaci\u00f3n\u00bb, explica Sany Ojeda, encargada PNI de la Seremi de Salud Ays\u00e9n.<\/p>\n<p class=\"v1MsoNormal\" style=\"text-align: justify;\">La vacuna contra el COVID ha \u00abpermitido reducir de manera importante los casos graves, hospitalizaciones o muertes. Sigamos completando nuestros esquemas de vacunaci\u00f3n, es responsabilidad de todos cuidarnos y seguir administr\u00e1ndose las vacunas para los refuerzos\u00bb, a\u00f1ade Ojeda.<\/p>\n<p class=\"v1MsoNormal\" style=\"text-align: justify;\">Los esquemas de vacunaci\u00f3n han demostrado ser eficientes en la contenci\u00f3n y eso qued\u00f3 confirmado en la \u00faltima ola de casos en que pr\u00e1cticamente ning\u00fan paciente ingres\u00f3 con un cuadro complejo al Hospital Coyhaique.<\/p>\n<p class=\"v1MsoNormal\" style=\"text-align: justify;\"><b>Mitos de la Vacunaci\u00f3n<\/b><\/p>\n<p class=\"v1MsoNormal\" style=\"text-align: justify;\">A esta altura es dif\u00edcil hablar de vacunas experimentales cuando se han administrado casi 12 mil millones de dosis en todo el mundo, \u00abtodas pasaron por sus procesos de estudios antes que se licenciaran y luego un seguimiento en el mundo real, en millones de dosis administradas. Cualquier medicamento usado de manera masiva puede genera que aparezcan efectos que no aparecen en los estudios, pero los riesgos han sido muy bajos y comparado con la protecci\u00f3n que se ofrece en cuanto a enfermedad grave o muerte por COVID que es muy grande incluso en ni\u00f1os a nivel mundial o secuelados, as\u00ed que, entre riesgos y beneficios, estos \u00faltimos favorecen a las vacunas\u00bb, puntualiza el infect\u00f3logo Carlos Mej\u00edas.<\/p>\n<p class=\"v1MsoNormal\" style=\"text-align: justify;\">Los efectos secundarios de las vacunas son muy escasos en comparaci\u00f3n con la cantidad de dosis que se administran diariamente en el mundo \u00aby los catalogados como graves son mucho menores todav\u00eda, algunas son reactog\u00e9nicas, es decir, generan alguna molestia como dolor en el brazo, un poquito de fiebre, decaimiento y eso ocurre en ni\u00f1os y adultos, pero no como efecto adverso, pero de ninguna manera graves, lo cual es muy inusual\u00bb.<\/p>\n<p class=\"v1MsoNormal\" style=\"text-align: justify;\">\u00abGran parte de lo que estamos viviendo ahora, de esta reapertura es gracias a las vacunas, porque la gente sabe que gracias a ellas no va a tener un desenlace fatal, y no como hace dos a\u00f1os atr\u00e1s que no sab\u00edamos lo que podr\u00eda pasar y esa seguridad est\u00e1 dada por la vacuna, porque la gente sabe que est\u00e1 protegida\u00bb, manifiesta el especialista.<\/p>\n<p class=\"v1MsoNormal\" style=\"text-align: justify;\"><b>Relaci\u00f3n con otros virus<\/b><\/p>\n<p class=\"v1MsoNormal\" style=\"text-align: justify;\">Hace dos a\u00f1os cuando aparece el coronavirus, los dem\u00e1s virus invernales pasaron a un segundo plano, pero ahora con mayor circulaci\u00f3n y desplazamiento humano es natural que reaparezcan los adenovirus, sincicial o rotavirus, entre otros pat\u00f3genos invernales, donde por lo dem\u00e1s, los s\u00edntomas pueden ser indistinguibles, \u00absin embargo nos enteramos que en concomitancia con otros virus se generan cuadros m\u00e1s graves\u00bb, matiza Mej\u00edas.<\/p>\n<p class=\"v1MsoNormal\" style=\"text-align: justify;\">\u00abEl llamado es a vacunarse e ir con toda confianza, su efectividad est\u00e1 avalada en el mundo real, m\u00e1s que por estudios y esto de movernos, andar tranquilamente, sin temores es porque estamos con protecci\u00f3n, pero a\u00fan queda gente que no se vacuna y que todos los d\u00edas se muere, hemos normalizado eso de que todos los d\u00edas mueren 50 personas por COVID y por lo general son pacientes sin su esquema de vacunaci\u00f3n completo o no vacunados\u00bb.<\/p>\n<p class=\"v1MsoNormal\" style=\"text-align: justify;\"><b>Alza en nivel de positividad: La antesala de un brote<\/b><\/p>\n<p class=\"v1MsoNormal\" style=\"text-align: justify;\">Ays\u00e9n en las \u00faltimas diez semanas present\u00f3 un descenso importante en la incidencia de casos y en la positividad, sin embargo, la \u00faltima semana se nota un incremento en los contagios y particularmente en las comunas de Cisnes, Cochrane, O&#8217;Higgins y Guaitecas, as\u00ed tambi\u00e9n hay una leve alza a nivel regional en positividad. \u00abEsto se ha descrito en otras partes del mundo, donde se ha producido un rebrote de COVID a prop\u00f3sito que se han flexibilizado las medidas de salud p\u00fablica y donde la comunidad est\u00e1 con un desgaste y agotamiento pand\u00e9mico\u00bb, explica Marco Acu\u00f1a, epidemi\u00f3logo de la Seremi de Salud.<\/p>\n<p class=\"v1MsoNormal\" style=\"text-align: justify;\">Otro factor que incide en el aumento de las cifras es la no vacunaci\u00f3n con la dosis de refuerzo, sobre todo considerando que la variante \u00d3micron es altamente transmisible y puede \u00abproducir reinfecciones en periodos de sesenta d\u00edas e incluso menos\u00bb.<\/p>\n<p class=\"v1MsoNormal\" style=\"text-align: justify;\">Por eso la importancia de mantener los esquemas de vacunaci\u00f3n al d\u00eda, incluyendo las dosis de refuerzo.<\/p>\n<p class=\"v1MsoNormal\" style=\"text-align: justify;\"><b>Medidas de prevenci\u00f3n<\/b><\/p>\n<p class=\"v1MsoNormal\" style=\"text-align: justify;\">La experiencia demuestra que las medidas de prevenci\u00f3n son efectivas para evitar la transmisi\u00f3n del virus, siendo la m\u00e1s importante el uso correcto de la mascarilla, tapando nariz y boca, especialmente en espacios cerrados, como asimismo mantener un m\u00ednimo de un metro de distancia, lo que se suma al lavado de manos frecuente y la ventilaci\u00f3n de los espacios.<\/p>\n<p class=\"v1MsoNormal\" style=\"text-align: justify;\">A juicio del equipo de salud se debe continuar con la b\u00fasqueda activa de casaos (BAC) y la toma de PCR o test de ant\u00edgenos, \u00abes una estrategia muy importante, porque cerca del 20% de los casos positivos no tienen s\u00edntomas, de modo que la BAC puede identificar tempranamente a personas sanas, pero que portan el virus y lo transmiten\u00bb.<\/p>\n<p class=\"v1MsoNormal\" style=\"text-align: justify;\">Las medidas deben considerar los niveles individuales, familiares y laborales, ya que en estas \u00faltimas semanas se han generado algunos brotes en establecimientos educacionales, pero dentro del grupo de los profesores, lo que indica que debemos continuar cuid\u00e1ndonos del COVID y de otras afecciones respiratorias del invierno como el adenovirus, virus sincicial, parvovirus, rotavirus e influenza que en combinaci\u00f3n con el COVID puede generar un complejo escenario estacional.<\/p>\n<\/div><\/section><\/div><div  style='height:50px' class='hr hr-invisible   avia-builder-el-6  el_after_av_one_full  el_before_av_social_share '><span class='hr-inner ' ><span class='hr-inner-style'><\/span><\/span><\/div><\/p>\n<div  class='av-social-sharing-box  avia-builder-el-7  el_after_av_hr  el_before_av_hr  '><div class='av-share-box'><h5 class='av-share-link-description av-no-toc '>Compartir esta noticia<\/h5><ul class='av-share-box-list noLightbox'><li class='av-share-link av-social-link-facebook' ><a target=\"_blank\" aria-label=\"Compartir en Facebook\" href='https:\/\/www.facebook.com\/sharer.php?u=https:\/\/radiorevelacionfm.cl\/?p=16758&#038;t=Vacunaci%C3%B3n%3A%20La%20medida%20m%C3%A1s%20exitosa%20para%20el%20control%20de%20pandemias' aria-hidden='false' data-av_icon='\ue8f3' data-av_iconfont='entypo-fontello' title='' data-avia-related-tooltip='Compartir en Facebook' rel=\"noopener\"><span class='avia_hidden_link_text'>Compartir en Facebook<\/span><\/a><\/li><li class='av-share-link av-social-link-twitter' ><a target=\"_blank\" aria-label=\"Compartir en Twitter\" href='https:\/\/twitter.com\/share?text=Vacunaci%C3%B3n%3A%20La%20medida%20m%C3%A1s%20exitosa%20para%20el%20control%20de%20pandemias&#038;url=https:\/\/radiorevelacionfm.cl\/?p=16758' aria-hidden='false' data-av_icon='\ue8f1' data-av_iconfont='entypo-fontello' title='' data-avia-related-tooltip='Compartir en Twitter' rel=\"noopener\"><span class='avia_hidden_link_text'>Compartir en Twitter<\/span><\/a><\/li><li class='av-share-link av-social-link-whatsapp' ><a target=\"_blank\" aria-label=\"Compartir en Whatsapp\" href='https:\/\/api.whatsapp.com\/send?text=https:\/\/radiorevelacionfm.cl\/?p=16758' aria-hidden='false' data-av_icon='\uf232' data-av_iconfont='entypo-fontello' title='' data-avia-related-tooltip='Compartir en Whatsapp' rel=\"noopener\"><span class='avia_hidden_link_text'>Compartir en Whatsapp<\/span><\/a><\/li><li class='av-share-link av-social-link-linkedin' ><a target=\"_blank\" aria-label=\"Compartir en LinkedIn\" href='https:\/\/linkedin.com\/shareArticle?mini=true&#038;title=Vacunaci%C3%B3n%3A%20La%20medida%20m%C3%A1s%20exitosa%20para%20el%20control%20de%20pandemias&#038;url=https:\/\/radiorevelacionfm.cl\/?p=16758' aria-hidden='false' data-av_icon='\ue8fc' data-av_iconfont='entypo-fontello' title='' data-avia-related-tooltip='Compartir en LinkedIn' rel=\"noopener\"><span class='avia_hidden_link_text'>Compartir en LinkedIn<\/span><\/a><\/li><li class='av-share-link av-social-link-mail' ><a  aria-label=\"Compartir por correo\" href='mailto:?subject=Vacunaci%C3%B3n%3A%20La%20medida%20m%C3%A1s%20exitosa%20para%20el%20control%20de%20pandemias&#038;body=https:\/\/radiorevelacionfm.cl\/?p=16758' aria-hidden='false' data-av_icon='\ue805' data-av_iconfont='entypo-fontello' title='' data-avia-related-tooltip='Compartir por correo'><span class='avia_hidden_link_text'>Compartir por correo<\/span><\/a><\/li><\/ul><\/div><\/div>\n<div  style='height:50px' class='hr hr-invisible   avia-builder-el-8  el_after_av_social_share  el_before_av_comments_list '><span class='hr-inner ' ><span class='hr-inner-style'><\/span><\/span><\/div>\n<div  class='av-buildercomment  av-blog-meta-html-info-disabled av-blog-meta-tag-disabled  '><\/div>\n","protected":false},"excerpt":{"rendered":"","protected":false},"author":1,"featured_media":16759,"comment_status":"open","ping_status":"open","sticky":false,"template":"","format":"standard","meta":{"footnotes":""},"categories":[46],"tags":[],"class_list":["post-16758","post","type-post","status-publish","format-standard","has-post-thumbnail","hentry","category-salud"],"jetpack_featured_media_url":"https:\/\/radiorevelacionfm.cl\/wp-content\/uploads\/2022\/05\/reportaje-vacunaciOn-3-1_optimized.jpg","_links":{"self":[{"href":"https:\/\/radiorevelacionfm.cl\/index.php?rest_route=\/wp\/v2\/posts\/16758","targetHints":{"allow":["GET"]}}],"collection":[{"href":"https:\/\/radiorevelacionfm.cl\/index.php?rest_route=\/wp\/v2\/posts"}],"about":[{"href":"https:\/\/radiorevelacionfm.cl\/index.php?rest_route=\/wp\/v2\/types\/post"}],"author":[{"embeddable":true,"href":"https:\/\/radiorevelacionfm.cl\/index.php?rest_route=\/wp\/v2\/users\/1"}],"replies":[{"embeddable":true,"href":"https:\/\/radiorevelacionfm.cl\/index.php?rest_route=%2Fwp%2Fv2%2Fcomments&post=16758"}],"version-history":[{"count":2,"href":"https:\/\/radiorevelacionfm.cl\/index.php?rest_route=\/wp\/v2\/posts\/16758\/revisions"}],"predecessor-version":[{"id":16767,"href":"https:\/\/radiorevelacionfm.cl\/index.php?rest_route=\/wp\/v2\/posts\/16758\/revisions\/16767"}],"wp:featuredmedia":[{"embeddable":true,"href":"https:\/\/radiorevelacionfm.cl\/index.php?rest_route=\/wp\/v2\/media\/16759"}],"wp:attachment":[{"href":"https:\/\/radiorevelacionfm.cl\/index.php?rest_route=%2Fwp%2Fv2%2Fmedia&parent=16758"}],"wp:term":[{"taxonomy":"category","embeddable":true,"href":"https:\/\/radiorevelacionfm.cl\/index.php?rest_route=%2Fwp%2Fv2%2Fcategories&post=16758"},{"taxonomy":"post_tag","embeddable":true,"href":"https:\/\/radiorevelacionfm.cl\/index.php?rest_route=%2Fwp%2Fv2%2Ftags&post=16758"}],"curies":[{"name":"wp","href":"https:\/\/api.w.org\/{rel}","templated":true}]}}