{"id":16755,"date":"2022-05-11T20:09:31","date_gmt":"2022-05-11T23:09:31","guid":{"rendered":"https:\/\/radiorevelacionfm.cl\/?p=16755"},"modified":"2022-05-11T20:09:31","modified_gmt":"2022-05-11T23:09:31","slug":"escuela-aysen-hace-entrega-de-mas-de-un-centenar-de-buzos-institucionales-a-comunidad-educativa","status":"publish","type":"post","link":"https:\/\/radiorevelacionfm.cl\/?p=16755","title":{"rendered":"Escuela Ays\u00e9n hace entrega de m\u00e1s de un centenar de buzos institucionales a comunidad educativa"},"content":{"rendered":"<div class=\"flex_column av_one_full  flex_column_div av-zero-column-padding first  avia-builder-el-0  el_before_av_one_full  avia-builder-el-first  \" style='border-radius:0px; '><div  class='avia-image-container  av-styling-    avia-builder-el-1  avia-builder-el-no-sibling  avia-align-center '  itemprop=\"image\" itemscope=\"itemscope\" itemtype=\"https:\/\/schema.org\/ImageObject\"  ><div class='avia-image-container-inner'><div class='avia-image-overlay-wrap'><img decoding=\"async\" class='wp-image-16756 avia-img-lazy-loading-not-16756 avia_image' src=\"https:\/\/radiorevelacionfm.cl\/wp-content\/uploads\/2022\/05\/279915006_5012376478889306_1993186975481387016_n-1-1-1.jpg\" alt='' title='279915006_5012376478889306_1993186975481387016_n (1) (1) (1)' height=\"600\" width=\"800\"  itemprop=\"thumbnailUrl\" srcset=\"https:\/\/radiorevelacionfm.cl\/wp-content\/uploads\/2022\/05\/279915006_5012376478889306_1993186975481387016_n-1-1-1.jpg 800w, https:\/\/radiorevelacionfm.cl\/wp-content\/uploads\/2022\/05\/279915006_5012376478889306_1993186975481387016_n-1-1-1-300x225.jpg 300w, https:\/\/radiorevelacionfm.cl\/wp-content\/uploads\/2022\/05\/279915006_5012376478889306_1993186975481387016_n-1-1-1-768x576.jpg 768w, https:\/\/radiorevelacionfm.cl\/wp-content\/uploads\/2022\/05\/279915006_5012376478889306_1993186975481387016_n-1-1-1-705x529.jpg 705w, https:\/\/radiorevelacionfm.cl\/wp-content\/uploads\/2022\/05\/279915006_5012376478889306_1993186975481387016_n-1-1-1-600x450.jpg 600w\" sizes=\"(max-width: 800px) 100vw, 800px\" \/><\/div><\/div><\/div><\/div><div class=\"flex_column av_one_full  flex_column_div av-zero-column-padding first  avia-builder-el-2  el_after_av_one_full  el_before_av_one_full  column-top-margin\" style='border-radius:0px; '><section class=\"av_textblock_section \"  itemscope=\"itemscope\" itemtype=\"https:\/\/schema.org\/BlogPosting\" itemprop=\"blogPost\" ><div class='avia_textblock  '   itemprop=\"text\" ><p style=\"text-align: center;\"><strong><span style=\"font-size: 18pt;\">Escuela Ays\u00e9n hace entrega de m\u00e1s de un centenar de buzos institucionales a comunidad educativa<\/span><\/strong><\/p>\n<div id=\"gtx-trans\" style=\"position: absolute; left: -50px; top: 4.31534px;\">\n<div class=\"gtx-trans-icon\"><\/div>\n<\/div>\n<\/div><\/section><\/div><div class=\"flex_column av_one_full  flex_column_div av-zero-column-padding first  avia-builder-el-4  el_after_av_one_full  el_before_av_hr  column-top-margin\" style='border-radius:0px; '><section class=\"av_textblock_section \"  itemscope=\"itemscope\" itemtype=\"https:\/\/schema.org\/BlogPosting\" itemprop=\"blogPost\" ><div class='avia_textblock  '   itemprop=\"text\" ><p style=\"text-align: justify;\">Como una propuesta impulsada por la escuela Ays\u00e9n, en Puerto Ays\u00e9n, y con el fin de alivianar el bolsillo de la familia aysenina de cara a los altos costos respecto a la adquisici\u00f3n de los uniformes escolares, se levant\u00f3 el proyecto \u201cBeneficios escolares: todos somos comunidad\u201d.<\/p>\n<p style=\"text-align: justify;\">De esta manera, a trav\u00e9s de los fondos pertenecientes a la Subvenci\u00f3n Escolar Preferencial, recientemente se llev\u00f3 a cabo a ceremonia de la entrega simb\u00f3lica de esta gesti\u00f3n, que se traduce en la entrega de m\u00e1s de cien buzos que ir\u00e1n en directo beneficio de los alumnos y alumnas prioritarios de la comunidad educativa.<\/p>\n<p style=\"text-align: justify;\">La instancia -que busca seguir fortaleciendo la educaci\u00f3n municipal, especialmente en este proceso de retorno presencial a la aulas-, fue acompa\u00f1ada por la directora del DEM Ays\u00e9n, Tamara Villegas; el director de la escuela, Luis Seguel; equipo directivo y t\u00e9cnico; y padres y apoderados, quienes se mostraron felices por esta iniciativa.<\/p>\n<p style=\"text-align: justify;\">\u201cEs una alegr\u00eda, para los apoderados, para los profesores. Pero especialmente para los alumnos m\u00e1s vulnerables porque despu\u00e9s de dos a\u00f1os de pandemia, acceder al uniforme ya resulta caro. A\u00fan hay familias que se encuentran sin trabajo, as\u00ed que se agradece mucho. M\u00e1s a\u00fan, que sea el buzo, que resulta mucho m\u00e1s c\u00f3modo para nuestros ni\u00f1os. As\u00ed que relevar este tremendo aporte, la calidad del buzo y el bonito gesto que significa para todos nosotros como apoderados\u201d, manifest\u00f3 Yohana Z\u00fa\u00f1iga, apoderada del establecimiento, madre del peque\u00f1o Jorge de quinto a\u00f1o b\u00e1sico.<\/p>\n<p style=\"text-align: justify;\">Por su parte, el director de la escuela, Luis Seguel, \u201cIniciamos este proyecto el a\u00f1o pasado, pensando en el inicio de clases de este a\u00f1o, en c\u00f3mo nosotros pod\u00edamos aportarles de forma concreta a nuestros apoderados, a nuestros alumnos ya que las condiciones no son siempre las \u00f3ptimas. Comprar un buzo para algunas familias es tremendamente complejo. Por eso este a\u00f1o regalamos el buzo, para que los apoderados y padres descansaran con respecto a ello, y adem\u00e1s como comunidad educativa generemos una mayor identidad, y permitir as\u00ed que los estudiantes sientan mayor pertenencia de su escuela\u201d, culmin\u00f3.<\/p>\n<\/div><\/section><\/div><div  style='height:50px' class='hr hr-invisible   avia-builder-el-6  el_after_av_one_full  el_before_av_social_share '><span class='hr-inner ' ><span class='hr-inner-style'><\/span><\/span><\/div><\/p>\n<div  class='av-social-sharing-box  avia-builder-el-7  el_after_av_hr  el_before_av_hr  '><div class='av-share-box'><h5 class='av-share-link-description av-no-toc '>Compartir esta noticia<\/h5><ul class='av-share-box-list noLightbox'><li class='av-share-link av-social-link-facebook' ><a target=\"_blank\" aria-label=\"Compartir en Facebook\" href='https:\/\/www.facebook.com\/sharer.php?u=https:\/\/radiorevelacionfm.cl\/?p=16755&#038;t=Escuela%20Ays%C3%A9n%20hace%20entrega%20de%20m%C3%A1s%20de%20un%20centenar%20de%20buzos%20institucionales%20a%20comunidad%20educativa' aria-hidden='false' data-av_icon='\ue8f3' data-av_iconfont='entypo-fontello' title='' data-avia-related-tooltip='Compartir en Facebook' rel=\"noopener\"><span class='avia_hidden_link_text'>Compartir en Facebook<\/span><\/a><\/li><li class='av-share-link av-social-link-twitter' ><a target=\"_blank\" aria-label=\"Compartir en Twitter\" href='https:\/\/twitter.com\/share?text=Escuela%20Ays%C3%A9n%20hace%20entrega%20de%20m%C3%A1s%20de%20un%20centenar%20de%20buzos%20institucionales%20a%20comunidad%20educativa&#038;url=https:\/\/radiorevelacionfm.cl\/?p=16755' aria-hidden='false' data-av_icon='\ue8f1' data-av_iconfont='entypo-fontello' title='' data-avia-related-tooltip='Compartir en Twitter' rel=\"noopener\"><span class='avia_hidden_link_text'>Compartir en Twitter<\/span><\/a><\/li><li class='av-share-link av-social-link-whatsapp' ><a target=\"_blank\" aria-label=\"Compartir en Whatsapp\" href='https:\/\/api.whatsapp.com\/send?text=https:\/\/radiorevelacionfm.cl\/?p=16755' aria-hidden='false' data-av_icon='\uf232' data-av_iconfont='entypo-fontello' title='' data-avia-related-tooltip='Compartir en Whatsapp' rel=\"noopener\"><span class='avia_hidden_link_text'>Compartir en Whatsapp<\/span><\/a><\/li><li class='av-share-link av-social-link-linkedin' ><a target=\"_blank\" aria-label=\"Compartir en LinkedIn\" href='https:\/\/linkedin.com\/shareArticle?mini=true&#038;title=Escuela%20Ays%C3%A9n%20hace%20entrega%20de%20m%C3%A1s%20de%20un%20centenar%20de%20buzos%20institucionales%20a%20comunidad%20educativa&#038;url=https:\/\/radiorevelacionfm.cl\/?p=16755' aria-hidden='false' data-av_icon='\ue8fc' data-av_iconfont='entypo-fontello' title='' data-avia-related-tooltip='Compartir en LinkedIn' rel=\"noopener\"><span class='avia_hidden_link_text'>Compartir en LinkedIn<\/span><\/a><\/li><li class='av-share-link av-social-link-mail' ><a  aria-label=\"Compartir por correo\" href='mailto:?subject=Escuela%20Ays%C3%A9n%20hace%20entrega%20de%20m%C3%A1s%20de%20un%20centenar%20de%20buzos%20institucionales%20a%20comunidad%20educativa&#038;body=https:\/\/radiorevelacionfm.cl\/?p=16755' aria-hidden='false' data-av_icon='\ue805' data-av_iconfont='entypo-fontello' title='' data-avia-related-tooltip='Compartir por correo'><span class='avia_hidden_link_text'>Compartir por correo<\/span><\/a><\/li><\/ul><\/div><\/div>\n<div  style='height:50px' class='hr hr-invisible   avia-builder-el-8  el_after_av_social_share  el_before_av_comments_list '><span class='hr-inner ' ><span class='hr-inner-style'><\/span><\/span><\/div>\n<div  class='av-buildercomment  av-blog-meta-html-info-disabled av-blog-meta-tag-disabled  '><\/div>\n","protected":false},"excerpt":{"rendered":"","protected":false},"author":1,"featured_media":16756,"comment_status":"open","ping_status":"open","sticky":false,"template":"","format":"standard","meta":{"footnotes":""},"categories":[49],"tags":[],"class_list":["post-16755","post","type-post","status-publish","format-standard","has-post-thumbnail","hentry","category-educacion"],"jetpack_featured_media_url":"https:\/\/radiorevelacionfm.cl\/wp-content\/uploads\/2022\/05\/279915006_5012376478889306_1993186975481387016_n-1-1-1.jpg","_links":{"self":[{"href":"https:\/\/radiorevelacionfm.cl\/index.php?rest_route=\/wp\/v2\/posts\/16755","targetHints":{"allow":["GET"]}}],"collection":[{"href":"https:\/\/radiorevelacionfm.cl\/index.php?rest_route=\/wp\/v2\/posts"}],"about":[{"href":"https:\/\/radiorevelacionfm.cl\/index.php?rest_route=\/wp\/v2\/types\/post"}],"author":[{"embeddable":true,"href":"https:\/\/radiorevelacionfm.cl\/index.php?rest_route=\/wp\/v2\/users\/1"}],"replies":[{"embeddable":true,"href":"https:\/\/radiorevelacionfm.cl\/index.php?rest_route=%2Fwp%2Fv2%2Fcomments&post=16755"}],"version-history":[{"count":2,"href":"https:\/\/radiorevelacionfm.cl\/index.php?rest_route=\/wp\/v2\/posts\/16755\/revisions"}],"predecessor-version":[{"id":16763,"href":"https:\/\/radiorevelacionfm.cl\/index.php?rest_route=\/wp\/v2\/posts\/16755\/revisions\/16763"}],"wp:featuredmedia":[{"embeddable":true,"href":"https:\/\/radiorevelacionfm.cl\/index.php?rest_route=\/wp\/v2\/media\/16756"}],"wp:attachment":[{"href":"https:\/\/radiorevelacionfm.cl\/index.php?rest_route=%2Fwp%2Fv2%2Fmedia&parent=16755"}],"wp:term":[{"taxonomy":"category","embeddable":true,"href":"https:\/\/radiorevelacionfm.cl\/index.php?rest_route=%2Fwp%2Fv2%2Fcategories&post=16755"},{"taxonomy":"post_tag","embeddable":true,"href":"https:\/\/radiorevelacionfm.cl\/index.php?rest_route=%2Fwp%2Fv2%2Ftags&post=16755"}],"curies":[{"name":"wp","href":"https:\/\/api.w.org\/{rel}","templated":true}]}}