{"id":16752,"date":"2022-05-11T19:25:29","date_gmt":"2022-05-11T22:25:29","guid":{"rendered":"https:\/\/radiorevelacionfm.cl\/?p=16752"},"modified":"2022-05-11T19:25:29","modified_gmt":"2022-05-11T22:25:29","slug":"constituyen-primer-comite-de-gestion-del-riesgo-de-desastres-en-la-region-de-aysen","status":"publish","type":"post","link":"https:\/\/radiorevelacionfm.cl\/?p=16752","title":{"rendered":"Constituyen primer Comit\u00e9 de Gesti\u00f3n del   Riesgo de Desastres en la Regi\u00f3n de Ays\u00e9n"},"content":{"rendered":"<div class=\"flex_column av_one_full  flex_column_div av-zero-column-padding first  avia-builder-el-0  el_before_av_one_full  avia-builder-el-first  \" style='border-radius:0px; '><div  class='avia-image-container  av-styling-    avia-builder-el-1  avia-builder-el-no-sibling  avia-align-center '  itemprop=\"image\" itemscope=\"itemscope\" itemtype=\"https:\/\/schema.org\/ImageObject\"  ><div class='avia-image-container-inner'><div class='avia-image-overlay-wrap'><img decoding=\"async\" class='wp-image-16753 avia-img-lazy-loading-not-16753 avia_image' src=\"https:\/\/radiorevelacionfm.cl\/wp-content\/uploads\/2022\/05\/20220511_113049-1_optimized.jpg\" alt='' title='20220511_113049-(1)_optimized' height=\"600\" width=\"860\"  itemprop=\"thumbnailUrl\" srcset=\"https:\/\/radiorevelacionfm.cl\/wp-content\/uploads\/2022\/05\/20220511_113049-1_optimized.jpg 860w, https:\/\/radiorevelacionfm.cl\/wp-content\/uploads\/2022\/05\/20220511_113049-1_optimized-300x209.jpg 300w, https:\/\/radiorevelacionfm.cl\/wp-content\/uploads\/2022\/05\/20220511_113049-1_optimized-768x536.jpg 768w, https:\/\/radiorevelacionfm.cl\/wp-content\/uploads\/2022\/05\/20220511_113049-1_optimized-705x492.jpg 705w, https:\/\/radiorevelacionfm.cl\/wp-content\/uploads\/2022\/05\/20220511_113049-1_optimized-600x419.jpg 600w\" sizes=\"(max-width: 860px) 100vw, 860px\" \/><\/div><\/div><\/div><\/div><div class=\"flex_column av_one_full  flex_column_div av-zero-column-padding first  avia-builder-el-2  el_after_av_one_full  el_before_av_one_full  column-top-margin\" style='border-radius:0px; '><section class=\"av_textblock_section \"  itemscope=\"itemscope\" itemtype=\"https:\/\/schema.org\/BlogPosting\" itemprop=\"blogPost\" ><div class='avia_textblock  '   itemprop=\"text\" ><p style=\"font-weight: 400; text-align: center;\"><span style=\"font-size: 18pt;\"><strong>Constituyen primer Comit\u00e9 de Gesti\u00f3n del\u00a0<\/strong><strong>\u00a0Riesgo de Desastres en la Regi\u00f3n de Ays\u00e9n<\/strong><\/span><\/p>\n<div id=\"gtx-trans\" style=\"position: absolute; left: -50px; top: 4.31534px;\">\n<div class=\"gtx-trans-icon\"><\/div>\n<\/div>\n<\/div><\/section><\/div><div class=\"flex_column av_one_full  flex_column_div av-zero-column-padding first  avia-builder-el-4  el_after_av_one_full  el_before_av_hr  column-top-margin\" style='border-radius:0px; '><section class=\"av_textblock_section \"  itemscope=\"itemscope\" itemtype=\"https:\/\/schema.org\/BlogPosting\" itemprop=\"blogPost\" ><div class='avia_textblock  '   itemprop=\"text\" ><p style=\"text-align: justify;\">En dependencias de la Oficina Nacional de Emergencias (Onemi), se constituy\u00f3 el nuevo Comit\u00e9 para la Gesti\u00f3n del Riesgo de Desastres (COGRID), instancia responsable de la planificaci\u00f3n y coordinaci\u00f3n del sistema a nivel regional, adem\u00e1s de constituirse y ejercer las funciones para abordar las fases del ciclo del riesgo de desastres.<\/p>\n<p style=\"text-align: justify;\">El Comit\u00e9 fue encabezado por el Delegado Presidencial Regional, Rodrigo Araya, junto al director regional de Onemi, Sidi Bravo, y los seremis de Gobierno, Tatiana Pl\u00e1; Obras P\u00fablicas, Patricio Sanhueza; Educaci\u00f3n, Isabel Garrido; Agricultura, Alan Espinoza; Vivienda, Paulina Ruz; Medio Ambiente, Juli\u00e1n C\u00e1rdenas; Energ\u00eda, Carlos Vial; Salud, Carmen Monsalve; y Transportes, Claudia Cantero.<\/p>\n<p style=\"text-align: justify;\">\u201cTiene que ver justamente con la respuesta que el Estado tiene que tener en las etapas de mitigaci\u00f3n y prevenci\u00f3n, como tambi\u00e9n en la actuaci\u00f3n ante la ocurrencia de desastres. Esta coordinaci\u00f3n es vital para trabajar en forma coordinada con los territorios, con las comunidades y con los municipios, en todo lo que tiene que ver con la con la prevenci\u00f3n y actuaci\u00f3n oportuna con la institucionalidad que tiene que ver con todo el manejo y prevenci\u00f3n de riesgo de desastres\u201d, recalc\u00f3 Rodrigo Araya.<\/p>\n<p style=\"text-align: justify;\">Sidi Bravo a\u00f1adi\u00f3 que se trata de un trabajo sostenido que favorece la prevenci\u00f3n y capacidad de respuesta. \u201cCapacitar e instruir y dar los lineamientos emanados desde el Comit\u00e9 de Gesti\u00f3n de Riesgos de Desastres, a trav\u00e9s de la nueva ley, impulsado por el Delegado Presidencial Regional, quien ha convocado a este comit\u00e9 para trabajar en todas las medidas de planificaci\u00f3n en la prevenci\u00f3n, mitigaci\u00f3n como tambi\u00e9n en la respuesta\u201d, se\u00f1al\u00f3.<\/p>\n<p style=\"text-align: justify;\">Agreg\u00f3 que \u201cnuestra regi\u00f3n no escapa a tener amenazas de distintos tipos y, por lo tanto, tenemos que estar preparados multisectorialmente y con los organismos p\u00fablicos y privados. Por lo tanto, es de suma relevancia estar monitoreando y trabajando con los sectores apuntando a nuestra plataforma este a\u00f1o, para identificar todos nuestros riesgos, todas nuestras amenazas y, a su vez, hacer una planificaci\u00f3n de gesti\u00f3n del riesgo, a trav\u00e9s del Gobierno Regional\u201d.<\/p>\n<p style=\"text-align: justify;\">El Comit\u00e9 Regional para la Gesti\u00f3n del Riesgo de Desastres, que se constituye en cada una de las regiones, se encargar\u00e1 de la planificaci\u00f3n y coordinaci\u00f3n del Sistema a nivel regional, adem\u00e1s de constituirse y ejercer las funciones descritas en la ley y el reglamento para abordar las fases del ciclo del riesgo de desastres.<\/p>\n<\/div><\/section><\/div><div  style='height:50px' class='hr hr-invisible   avia-builder-el-6  el_after_av_one_full  el_before_av_social_share '><span class='hr-inner ' ><span class='hr-inner-style'><\/span><\/span><\/div><\/p>\n<div  class='av-social-sharing-box  avia-builder-el-7  el_after_av_hr  el_before_av_hr  '><div class='av-share-box'><h5 class='av-share-link-description av-no-toc '>Compartir esta noticia<\/h5><ul class='av-share-box-list noLightbox'><li class='av-share-link av-social-link-facebook' ><a target=\"_blank\" aria-label=\"Compartir en Facebook\" href='https:\/\/www.facebook.com\/sharer.php?u=https:\/\/radiorevelacionfm.cl\/?p=16752&#038;t=Constituyen%20primer%20Comit%C3%A9%20de%20Gesti%C3%B3n%20del%20%20%20Riesgo%20de%20Desastres%20en%20la%20Regi%C3%B3n%20de%20Ays%C3%A9n' aria-hidden='false' data-av_icon='\ue8f3' data-av_iconfont='entypo-fontello' title='' data-avia-related-tooltip='Compartir en Facebook' rel=\"noopener\"><span class='avia_hidden_link_text'>Compartir en Facebook<\/span><\/a><\/li><li class='av-share-link av-social-link-twitter' ><a target=\"_blank\" aria-label=\"Compartir en Twitter\" href='https:\/\/twitter.com\/share?text=Constituyen%20primer%20Comit%C3%A9%20de%20Gesti%C3%B3n%20del%20%20%20Riesgo%20de%20Desastres%20en%20la%20Regi%C3%B3n%20de%20Ays%C3%A9n&#038;url=https:\/\/radiorevelacionfm.cl\/?p=16752' aria-hidden='false' data-av_icon='\ue8f1' data-av_iconfont='entypo-fontello' title='' data-avia-related-tooltip='Compartir en Twitter' rel=\"noopener\"><span class='avia_hidden_link_text'>Compartir en Twitter<\/span><\/a><\/li><li class='av-share-link av-social-link-whatsapp' ><a target=\"_blank\" aria-label=\"Compartir en Whatsapp\" href='https:\/\/api.whatsapp.com\/send?text=https:\/\/radiorevelacionfm.cl\/?p=16752' aria-hidden='false' data-av_icon='\uf232' data-av_iconfont='entypo-fontello' title='' data-avia-related-tooltip='Compartir en Whatsapp' rel=\"noopener\"><span class='avia_hidden_link_text'>Compartir en Whatsapp<\/span><\/a><\/li><li class='av-share-link av-social-link-linkedin' ><a target=\"_blank\" aria-label=\"Compartir en LinkedIn\" href='https:\/\/linkedin.com\/shareArticle?mini=true&#038;title=Constituyen%20primer%20Comit%C3%A9%20de%20Gesti%C3%B3n%20del%20%20%20Riesgo%20de%20Desastres%20en%20la%20Regi%C3%B3n%20de%20Ays%C3%A9n&#038;url=https:\/\/radiorevelacionfm.cl\/?p=16752' aria-hidden='false' data-av_icon='\ue8fc' data-av_iconfont='entypo-fontello' title='' data-avia-related-tooltip='Compartir en LinkedIn' rel=\"noopener\"><span class='avia_hidden_link_text'>Compartir en LinkedIn<\/span><\/a><\/li><li class='av-share-link av-social-link-mail' ><a  aria-label=\"Compartir por correo\" href='mailto:?subject=Constituyen%20primer%20Comit%C3%A9%20de%20Gesti%C3%B3n%20del%20%20%20Riesgo%20de%20Desastres%20en%20la%20Regi%C3%B3n%20de%20Ays%C3%A9n&#038;body=https:\/\/radiorevelacionfm.cl\/?p=16752' aria-hidden='false' data-av_icon='\ue805' data-av_iconfont='entypo-fontello' title='' data-avia-related-tooltip='Compartir por correo'><span class='avia_hidden_link_text'>Compartir por correo<\/span><\/a><\/li><\/ul><\/div><\/div>\n<div  style='height:50px' class='hr hr-invisible   avia-builder-el-8  el_after_av_social_share  el_before_av_comments_list '><span class='hr-inner ' ><span class='hr-inner-style'><\/span><\/span><\/div>\n<div  class='av-buildercomment  av-blog-meta-html-info-disabled av-blog-meta-tag-disabled  '><\/div>\n","protected":false},"excerpt":{"rendered":"","protected":false},"author":1,"featured_media":16753,"comment_status":"open","ping_status":"open","sticky":false,"template":"","format":"standard","meta":{"footnotes":""},"categories":[38],"tags":[],"class_list":["post-16752","post","type-post","status-publish","format-standard","has-post-thumbnail","hentry","category-regional"],"jetpack_featured_media_url":"https:\/\/radiorevelacionfm.cl\/wp-content\/uploads\/2022\/05\/20220511_113049-1_optimized.jpg","_links":{"self":[{"href":"https:\/\/radiorevelacionfm.cl\/index.php?rest_route=\/wp\/v2\/posts\/16752","targetHints":{"allow":["GET"]}}],"collection":[{"href":"https:\/\/radiorevelacionfm.cl\/index.php?rest_route=\/wp\/v2\/posts"}],"about":[{"href":"https:\/\/radiorevelacionfm.cl\/index.php?rest_route=\/wp\/v2\/types\/post"}],"author":[{"embeddable":true,"href":"https:\/\/radiorevelacionfm.cl\/index.php?rest_route=\/wp\/v2\/users\/1"}],"replies":[{"embeddable":true,"href":"https:\/\/radiorevelacionfm.cl\/index.php?rest_route=%2Fwp%2Fv2%2Fcomments&post=16752"}],"version-history":[{"count":2,"href":"https:\/\/radiorevelacionfm.cl\/index.php?rest_route=\/wp\/v2\/posts\/16752\/revisions"}],"predecessor-version":[{"id":16761,"href":"https:\/\/radiorevelacionfm.cl\/index.php?rest_route=\/wp\/v2\/posts\/16752\/revisions\/16761"}],"wp:featuredmedia":[{"embeddable":true,"href":"https:\/\/radiorevelacionfm.cl\/index.php?rest_route=\/wp\/v2\/media\/16753"}],"wp:attachment":[{"href":"https:\/\/radiorevelacionfm.cl\/index.php?rest_route=%2Fwp%2Fv2%2Fmedia&parent=16752"}],"wp:term":[{"taxonomy":"category","embeddable":true,"href":"https:\/\/radiorevelacionfm.cl\/index.php?rest_route=%2Fwp%2Fv2%2Fcategories&post=16752"},{"taxonomy":"post_tag","embeddable":true,"href":"https:\/\/radiorevelacionfm.cl\/index.php?rest_route=%2Fwp%2Fv2%2Ftags&post=16752"}],"curies":[{"name":"wp","href":"https:\/\/api.w.org\/{rel}","templated":true}]}}