{"id":16748,"date":"2022-05-11T19:06:34","date_gmt":"2022-05-11T22:06:34","guid":{"rendered":"https:\/\/radiorevelacionfm.cl\/?p=16748"},"modified":"2022-05-11T19:06:34","modified_gmt":"2022-05-11T22:06:34","slug":"termina-implementacion-de-un-centro-de-produccion-de-lena-y-biocombustibles","status":"publish","type":"post","link":"https:\/\/radiorevelacionfm.cl\/?p=16748","title":{"rendered":"Termina implementaci\u00f3n de un Centro de Producci\u00f3n de Le\u00f1a y Biocombustibles"},"content":{"rendered":"<div class=\"flex_column av_one_full  flex_column_div av-zero-column-padding first  avia-builder-el-0  el_before_av_one_full  avia-builder-el-first  \" style='border-radius:0px; '><div  class='avia-image-container  av-styling-    avia-builder-el-1  avia-builder-el-no-sibling  avia-align-center '  itemprop=\"image\" itemscope=\"itemscope\" itemtype=\"https:\/\/schema.org\/ImageObject\"  ><div class='avia-image-container-inner'><div class='avia-image-overlay-wrap'><img decoding=\"async\" class='wp-image-16749 avia-img-lazy-loading-not-16749 avia_image' src=\"https:\/\/radiorevelacionfm.cl\/wp-content\/uploads\/2022\/05\/Foto-2-10-1-1.jpeg\" alt='' title='Foto 2 (10) (1) (1)' height=\"600\" width=\"900\"  itemprop=\"thumbnailUrl\" srcset=\"https:\/\/radiorevelacionfm.cl\/wp-content\/uploads\/2022\/05\/Foto-2-10-1-1.jpeg 900w, https:\/\/radiorevelacionfm.cl\/wp-content\/uploads\/2022\/05\/Foto-2-10-1-1-300x200.jpeg 300w, https:\/\/radiorevelacionfm.cl\/wp-content\/uploads\/2022\/05\/Foto-2-10-1-1-768x512.jpeg 768w, https:\/\/radiorevelacionfm.cl\/wp-content\/uploads\/2022\/05\/Foto-2-10-1-1-705x470.jpeg 705w, https:\/\/radiorevelacionfm.cl\/wp-content\/uploads\/2022\/05\/Foto-2-10-1-1-600x400.jpeg 600w\" sizes=\"(max-width: 900px) 100vw, 900px\" \/><\/div><\/div><\/div><\/div><div class=\"flex_column av_one_full  flex_column_div av-zero-column-padding first  avia-builder-el-2  el_after_av_one_full  el_before_av_one_full  column-top-margin\" style='border-radius:0px; '><section class=\"av_textblock_section \"  itemscope=\"itemscope\" itemtype=\"https:\/\/schema.org\/BlogPosting\" itemprop=\"blogPost\" ><div class='avia_textblock  '   itemprop=\"text\" ><p style=\"text-align: center;\"><span style=\"font-size: 18pt;\"><b>Termina implementaci\u00f3n de un Centro de Producci\u00f3n de Le\u00f1a y Biocombustibles<\/b><\/span><\/p>\n<div id=\"gtx-trans\" style=\"position: absolute; left: -50px; top: 4.31534px;\">\n<div class=\"gtx-trans-icon\"><\/div>\n<\/div>\n<\/div><\/section><\/div><div class=\"flex_column av_one_full  flex_column_div av-zero-column-padding first  avia-builder-el-4  el_after_av_one_full  el_before_av_hr  column-top-margin\" style='border-radius:0px; '><section class=\"av_textblock_section \"  itemscope=\"itemscope\" itemtype=\"https:\/\/schema.org\/BlogPosting\" itemprop=\"blogPost\" ><div class='avia_textblock  '   itemprop=\"text\" ><p style=\"text-align: justify;\">La Gobernadora Regional, Andrea Mac\u00edas Palma, acompa\u00f1ada de los Consejeros Regionales Omar Mu\u00f1oz, V\u00edctor Escobar y Jorge Abello, particip\u00f3 de la ceremonia de cierre del proyecto que permiti\u00f3 a la AG R\u00edo Baker implementar un secador de le\u00f1a para un vol\u00famen estimado de 2.500 metros por a\u00f1o.<\/p>\n<p>Para la Gobernadora Mac\u00edas, la invitaci\u00f3n adem\u00e1s destaca el trabajo que diversifica una organizaci\u00f3n de m\u00e1s de 30 a\u00f1os de trabajo.<\/p>\n<p>\u00abHoy d\u00eda recobra m\u00e1s fuerza la diversificaci\u00f3n de sus actividades. Destacamos la multiplicidad de iniciativas que se han llevado a cabo y el trabajo colaborativo de distintas instituciones para poder trabajar en estas materias. No s\u00f3lo en la lana que fue cuando parti\u00f3 la AG, sino que diversificar producto en funci\u00f3n tambi\u00e9n de c\u00f3mo van avanzando los tiempos. La le\u00f1a seca, le\u00f1a de calidad que es necesaria tambi\u00e9n para mejorar los niveles que tenemos en materia de contaminaci\u00f3n ambiental. Por eso estoy contenta y quisiera felicitar el trabajo que se viene realizando durante todos estos a\u00f1os y comprometer al Gobierno Regional y su Consejo en todas aquellas iniciativas que puedan seguir fomentando este trabajo\u00bb, sostuvo en la oportunidad.<\/p>\n<p>Por su parte, Luis Parada, Presidente de la Cooperativa AG R\u00edo Baker, agradeci\u00f3 la oportunidad en la que se pudo comentar el trabajo general que realizan como organizaci\u00f3n a autoridades locales y regionales.<\/p>\n<p>\u00abEstamos muy contentos y agradecidos de que las autoridades hayan aceptado la invitaci\u00f3n. Hoy d\u00eda tenemos la visita de la Gobernadora Regional, de los SEREMI, la visita de la Delegada Provincial y por supuesto tambi\u00e9n la visita de nuestro Alcalde. Nos acompa\u00f1an en la puesta en marcha de un proyecto muy importante para nosotros, no solamente en el \u00e1mbito de la comercializaci\u00f3n, sino que es en el \u00e1mbito de c\u00f3mo nos cuidamos, c\u00f3mo bajamos tambi\u00e9n un poco la contaminaci\u00f3n en nuestra ciudad. Hemos querido plantearle tambi\u00e9n nuestros sue\u00f1os futuros que tenemos por realizar y que sin duda no lo vamos a poder ser solos sino tenemos esta uni\u00f3n de trabajo cierto est\u00e1s mesas de trabajo\u00bb, coment\u00f3 el dirigente.<\/p>\n<p>Para los Consejeros Regionales de la Provincia, tambi\u00e9n la oportunidad sirvi\u00f3 para el trabajo de lo que se proyecta en conjunto.<\/p>\n<p>El Consejero Jorge Abello afirm\u00f3 que la AG \u00abha dado pasos importantes donde se destaca la inversi\u00f3n que han podido recibir de servicios p\u00fablicos y tambi\u00e9n de nuestro Gobierno Regional, por lo que creo que esto va bien apuntado hay que seguir avanzando\u00bb.<\/p>\n<p>Para el Consejero V\u00edctor Escobar, la jornada fue productiva en el sentido de avanzar junto a la Cooperativa en un trabajo mancomunado y asociativo. \u00abVemos que se est\u00e1 realizando un trabajo productivo enfocado en ayudar y dar a conocer un trabajo de c\u00f3mo trabajan la madera, la lana y donde ya vemos grandes productos. Esperamos seguir aportando y ayudando desde el Consejo Regional, finalmente agradecer que la autoridad de los SEREMIS lleguen a la comuna y ojal\u00e1 que lleguen a la provincia para seguir ayudando y mejorando la calidad de vida de los vecinos\u00bb.<\/p>\n<p>Tambi\u00e9n particip\u00f3 en calidad de presidente de la Comisi\u00f3n de Fomento Productivo el Consejero Omar Mu\u00f1oz, quien destac\u00f3 la articulaci\u00f3n de sectores p\u00fablicos y la Cooperativa.<\/p>\n<p>\u00abCon ello han implementado tecnolog\u00eda, innovaci\u00f3n y han logrado mejorar su capacidad productiva y su competitividad dentro de lo que es el desarrollo econ\u00f3mico aqu\u00ed en la comuna de Cochrane. Es notable el trabajo que ellos han hecho y sobre todo en un \u00e1rea donde hoy cada d\u00eda es m\u00e1s importante c\u00f3mo poder contribuir no solamente al mercado de la le\u00f1a, sino que entregar le\u00f1a de calidad le\u00f1a seca y la capacidad y de diversificarse, no solamente en entregas le\u00f1a, sino que tambi\u00e9n madera, el uso distinto que se le est\u00e1 dando a la lana\u00bb, finaliz\u00f3.<\/p>\n<p>Entre los asistentes al d\u00eda de campo tambi\u00e9n estuvieron el alcalde de la comuna de Cochrane, Jorge Calder\u00f3n; Seremi de Energ\u00eda, Carlos D\u00edaz; la delegada Provincial, Marta Montiel y Marcelo Sanhueza, jefe de la carrera de Ingenier\u00eda Forestal de la Universidad de Ays\u00e9n que present\u00f3 el proyecto de dendroenerg\u00eda en desarrollo de la AG y Cooperativa R\u00edo Baker.<\/p>\n<\/div><\/section><\/div><div  style='height:50px' class='hr hr-invisible   avia-builder-el-6  el_after_av_one_full  el_before_av_social_share '><span class='hr-inner ' ><span class='hr-inner-style'><\/span><\/span><\/div><\/p>\n<div  class='av-social-sharing-box  avia-builder-el-7  el_after_av_hr  el_before_av_hr  '><div class='av-share-box'><h5 class='av-share-link-description av-no-toc '>Compartir esta noticia<\/h5><ul class='av-share-box-list noLightbox'><li class='av-share-link av-social-link-facebook' ><a target=\"_blank\" aria-label=\"Compartir en Facebook\" href='https:\/\/www.facebook.com\/sharer.php?u=https:\/\/radiorevelacionfm.cl\/?p=16748&#038;t=Termina%20implementaci%C3%B3n%20de%20un%20Centro%20de%20Producci%C3%B3n%20de%20Le%C3%B1a%20y%20Biocombustibles' aria-hidden='false' data-av_icon='\ue8f3' data-av_iconfont='entypo-fontello' title='' data-avia-related-tooltip='Compartir en Facebook' rel=\"noopener\"><span class='avia_hidden_link_text'>Compartir en Facebook<\/span><\/a><\/li><li class='av-share-link av-social-link-twitter' ><a target=\"_blank\" aria-label=\"Compartir en Twitter\" href='https:\/\/twitter.com\/share?text=Termina%20implementaci%C3%B3n%20de%20un%20Centro%20de%20Producci%C3%B3n%20de%20Le%C3%B1a%20y%20Biocombustibles&#038;url=https:\/\/radiorevelacionfm.cl\/?p=16748' aria-hidden='false' data-av_icon='\ue8f1' data-av_iconfont='entypo-fontello' title='' data-avia-related-tooltip='Compartir en Twitter' rel=\"noopener\"><span class='avia_hidden_link_text'>Compartir en Twitter<\/span><\/a><\/li><li class='av-share-link av-social-link-whatsapp' ><a target=\"_blank\" aria-label=\"Compartir en Whatsapp\" href='https:\/\/api.whatsapp.com\/send?text=https:\/\/radiorevelacionfm.cl\/?p=16748' aria-hidden='false' data-av_icon='\uf232' data-av_iconfont='entypo-fontello' title='' data-avia-related-tooltip='Compartir en Whatsapp' rel=\"noopener\"><span class='avia_hidden_link_text'>Compartir en Whatsapp<\/span><\/a><\/li><li class='av-share-link av-social-link-linkedin' ><a target=\"_blank\" aria-label=\"Compartir en LinkedIn\" href='https:\/\/linkedin.com\/shareArticle?mini=true&#038;title=Termina%20implementaci%C3%B3n%20de%20un%20Centro%20de%20Producci%C3%B3n%20de%20Le%C3%B1a%20y%20Biocombustibles&#038;url=https:\/\/radiorevelacionfm.cl\/?p=16748' aria-hidden='false' data-av_icon='\ue8fc' data-av_iconfont='entypo-fontello' title='' data-avia-related-tooltip='Compartir en LinkedIn' rel=\"noopener\"><span class='avia_hidden_link_text'>Compartir en LinkedIn<\/span><\/a><\/li><li class='av-share-link av-social-link-mail' ><a  aria-label=\"Compartir por correo\" href='mailto:?subject=Termina%20implementaci%C3%B3n%20de%20un%20Centro%20de%20Producci%C3%B3n%20de%20Le%C3%B1a%20y%20Biocombustibles&#038;body=https:\/\/radiorevelacionfm.cl\/?p=16748' aria-hidden='false' data-av_icon='\ue805' data-av_iconfont='entypo-fontello' title='' data-avia-related-tooltip='Compartir por correo'><span class='avia_hidden_link_text'>Compartir por correo<\/span><\/a><\/li><\/ul><\/div><\/div>\n<div  style='height:50px' class='hr hr-invisible   avia-builder-el-8  el_after_av_social_share  el_before_av_comments_list '><span class='hr-inner ' ><span class='hr-inner-style'><\/span><\/span><\/div>\n<div  class='av-buildercomment  av-blog-meta-html-info-disabled av-blog-meta-tag-disabled  '><\/div>\n","protected":false},"excerpt":{"rendered":"","protected":false},"author":1,"featured_media":16749,"comment_status":"open","ping_status":"open","sticky":false,"template":"","format":"standard","meta":{"footnotes":""},"categories":[37,39,38],"tags":[],"class_list":["post-16748","post","type-post","status-publish","format-standard","has-post-thumbnail","hentry","category-economia","category-medio-ambiente","category-regional"],"jetpack_featured_media_url":"https:\/\/radiorevelacionfm.cl\/wp-content\/uploads\/2022\/05\/Foto-2-10-1-1.jpeg","_links":{"self":[{"href":"https:\/\/radiorevelacionfm.cl\/index.php?rest_route=\/wp\/v2\/posts\/16748","targetHints":{"allow":["GET"]}}],"collection":[{"href":"https:\/\/radiorevelacionfm.cl\/index.php?rest_route=\/wp\/v2\/posts"}],"about":[{"href":"https:\/\/radiorevelacionfm.cl\/index.php?rest_route=\/wp\/v2\/types\/post"}],"author":[{"embeddable":true,"href":"https:\/\/radiorevelacionfm.cl\/index.php?rest_route=\/wp\/v2\/users\/1"}],"replies":[{"embeddable":true,"href":"https:\/\/radiorevelacionfm.cl\/index.php?rest_route=%2Fwp%2Fv2%2Fcomments&post=16748"}],"version-history":[{"count":2,"href":"https:\/\/radiorevelacionfm.cl\/index.php?rest_route=\/wp\/v2\/posts\/16748\/revisions"}],"predecessor-version":[{"id":16751,"href":"https:\/\/radiorevelacionfm.cl\/index.php?rest_route=\/wp\/v2\/posts\/16748\/revisions\/16751"}],"wp:featuredmedia":[{"embeddable":true,"href":"https:\/\/radiorevelacionfm.cl\/index.php?rest_route=\/wp\/v2\/media\/16749"}],"wp:attachment":[{"href":"https:\/\/radiorevelacionfm.cl\/index.php?rest_route=%2Fwp%2Fv2%2Fmedia&parent=16748"}],"wp:term":[{"taxonomy":"category","embeddable":true,"href":"https:\/\/radiorevelacionfm.cl\/index.php?rest_route=%2Fwp%2Fv2%2Fcategories&post=16748"},{"taxonomy":"post_tag","embeddable":true,"href":"https:\/\/radiorevelacionfm.cl\/index.php?rest_route=%2Fwp%2Fv2%2Ftags&post=16748"}],"curies":[{"name":"wp","href":"https:\/\/api.w.org\/{rel}","templated":true}]}}