{"id":16736,"date":"2022-05-11T15:54:33","date_gmt":"2022-05-11T18:54:33","guid":{"rendered":"https:\/\/radiorevelacionfm.cl\/?p=16736"},"modified":"2022-05-11T15:54:33","modified_gmt":"2022-05-11T18:54:33","slug":"seremi-de-vivienda-destaco-gestiones-para-abordar-situacion-de-mega-loteos-en-la-region","status":"publish","type":"post","link":"https:\/\/radiorevelacionfm.cl\/?p=16736","title":{"rendered":"Seremi de Vivienda destac\u00f3 gestiones para abordar situaci\u00f3n de mega loteos en la Regi\u00f3n"},"content":{"rendered":"<div class=\"flex_column av_one_full  flex_column_div av-zero-column-padding first  avia-builder-el-0  el_before_av_one_full  avia-builder-el-first  \" style='border-radius:0px; '><div  class='avia-image-container  av-styling-    avia-builder-el-1  avia-builder-el-no-sibling  avia-align-center '  itemprop=\"image\" itemscope=\"itemscope\" itemtype=\"https:\/\/schema.org\/ImageObject\"  ><div class='avia-image-container-inner'><div class='avia-image-overlay-wrap'><img decoding=\"async\" class='wp-image-16737 avia-img-lazy-loading-not-16737 avia_image' src=\"https:\/\/radiorevelacionfm.cl\/wp-content\/uploads\/2022\/05\/Seremi-de-Vivienda-Region-de-Aysen-Paulina-Ruz-Delfin-1-1.jpg\" alt='' title='Seremi de Vivienda Regi\u00f3n de Ays\u00e9n - Paulina Ruz Delf\u00edn (1) (1)' height=\"600\" width=\"873\"  itemprop=\"thumbnailUrl\" srcset=\"https:\/\/radiorevelacionfm.cl\/wp-content\/uploads\/2022\/05\/Seremi-de-Vivienda-Region-de-Aysen-Paulina-Ruz-Delfin-1-1.jpg 873w, https:\/\/radiorevelacionfm.cl\/wp-content\/uploads\/2022\/05\/Seremi-de-Vivienda-Region-de-Aysen-Paulina-Ruz-Delfin-1-1-300x206.jpg 300w, https:\/\/radiorevelacionfm.cl\/wp-content\/uploads\/2022\/05\/Seremi-de-Vivienda-Region-de-Aysen-Paulina-Ruz-Delfin-1-1-768x528.jpg 768w, https:\/\/radiorevelacionfm.cl\/wp-content\/uploads\/2022\/05\/Seremi-de-Vivienda-Region-de-Aysen-Paulina-Ruz-Delfin-1-1-705x485.jpg 705w, https:\/\/radiorevelacionfm.cl\/wp-content\/uploads\/2022\/05\/Seremi-de-Vivienda-Region-de-Aysen-Paulina-Ruz-Delfin-1-1-600x412.jpg 600w\" sizes=\"(max-width: 873px) 100vw, 873px\" \/><\/div><\/div><\/div><\/div><div class=\"flex_column av_one_full  flex_column_div av-zero-column-padding first  avia-builder-el-2  el_after_av_one_full  el_before_av_one_full  column-top-margin\" style='border-radius:0px; '><section class=\"av_textblock_section \"  itemscope=\"itemscope\" itemtype=\"https:\/\/schema.org\/BlogPosting\" itemprop=\"blogPost\" ><div class='avia_textblock  '   itemprop=\"text\" ><p style=\"text-align: center;\"><span style=\"font-size: 18pt;\"><strong>Seremi de Vivienda destac\u00f3 gestiones para abordar situaci\u00f3n de mega loteos en la Regi\u00f3n <\/strong><\/span><\/p>\n<div id=\"gtx-trans\" style=\"position: absolute; left: -50px; top: 4.31534px;\">\n<div class=\"gtx-trans-icon\"><\/div>\n<\/div>\n<\/div><\/section><\/div><div class=\"flex_column av_one_full  flex_column_div av-zero-column-padding first  avia-builder-el-4  el_after_av_one_full  el_before_av_hr  column-top-margin\" style='border-radius:0px; '><section class=\"av_textblock_section \"  itemscope=\"itemscope\" itemtype=\"https:\/\/schema.org\/BlogPosting\" itemprop=\"blogPost\" ><div class='avia_textblock  '   itemprop=\"text\" ><p style=\"text-align: justify;\">Un tema de gran actualidad y preocupaci\u00f3n para el Ministerio de Vivienda y Urbanismo tiene que ver con la necesidad de regular la proliferaci\u00f3n de mega loteos y subdivisiones de terrenos en sectores rurales. Es lo que ocurre con muchas de las denominadas \u201cparcelas de agrado\u201d, que en los \u00faltimos a\u00f1os se han multiplicado en todo el pa\u00eds y en la regi\u00f3n, muchas veces sin un control que permita prevenir y evitar el surgimiento de verdaderos poblados que no cuentan con el ordenamiento y servicios b\u00e1sicos que exige la ley y que requieren los mismos propietarios.<\/p>\n<p style=\"text-align: justify;\">Esta realidad se puede verificar f\u00e1cilmente en un recorrido por los sectores rurales y es por eso que a nivel regional el Gobierno ha establecido mesas de trabajo intersectoriales que permitan determinar las acciones que se pueden tomar en el corto y mediano plazo, para hacer frente a esta evidente realidad. De hecho se est\u00e1n desarrollando jornadas peri\u00f3dicas con participaci\u00f3n de los Seremis de Agricultura, Bienes Nacionales, Medio Ambiente y Vivienda, liderados por el Delegado Presidencial Regional, Rodrigo Araya.<\/p>\n<p style=\"text-align: justify;\">Seg\u00fan los datos recabados en las reuniones, actualmente en la regi\u00f3n existe la denuncia masiva sobre 22 mega loteos que son promocionados por redes sociales sin ingresar al Servicio de Evaluaci\u00f3n de Impacto Ambiental, aunque en la Seremi de Vivienda solo hay una denuncia por subdivisi\u00f3n de pedio r\u00fastico con resultado de 78 lotes en las cercan\u00eda del Lago Elizalde.<\/p>\n<p style=\"text-align: justify;\">Como indica la Seremi de Vivienda, Paulina Ruz Delf\u00edn, a esos casos se suma otra problem\u00e1tica, que es la formaci\u00f3n de los llamados \u201cloteos Brujos\u201d, que consiste en cesiones de derechos respecto de un predio rustico por una determinada superficie, las cuales siempre son inferiores a los 500 mts<sup>2<\/sup>. En su mayor\u00eda estos loteos se ajustan a un decreto del Ministerio de Agricultura que establece normas sobre la divisi\u00f3n de dichos espacios (parcelas de agrado, sin grados de urbanizaci\u00f3n).<\/p>\n<p style=\"text-align: justify;\">La ley General de Urbanismo y Construcci\u00f3n, en tanto, establece que \u201cfuera de los l\u00edmites urbanos establecidos en los Planes Reguladores no ser\u00e1 permitido abrir calles, subdividir para formar poblaciones, ni levantar construcciones, salvo aquellas que fueren necesarias para la explotaci\u00f3n agr\u00edcola del inmueble, para las viviendas del propietario y sus trabajadores, o para la construcci\u00f3n de conjuntos habitacionales de viviendas sociales o de viviendas de hasta un valor de 1.000 unidades de fomento, que cuenten con los requisitos para obtener el subsidio del Estado\u201d.<\/p>\n<p style=\"text-align: justify;\">Tal como consigna la Seremi de Vivienda, Paulina Ruz, actualmente corresponde a la repartici\u00f3n a su cargo cautelar que las subdivisiones y construcciones en terrenos rurales, con fines ajenos a la agricultura, no originen nuevos n\u00facleos urbanos al margen de la Planificaci\u00f3n urbana intercomunal. \u00a0\u201cEs en ese contexto que ya estamos tomando algunas acciones concretas. En primer lugar, vamos a sacar una resoluci\u00f3n fijando criterios generales, que es algo que se ha hecho en el resto del pa\u00eds. Por otra parte, ya oficiamos a los Conservadores de Bienes Ra\u00edces de la regi\u00f3n, para que informen sobre toda inscripci\u00f3n de subdivisiones de predios r\u00fasticos realizadas en el marco del Decreto Ley 3516 del Ministerio de Agricultura. En ese mismo sentido le solicitamos tambi\u00e9n se informe toda inscripci\u00f3n de cesi\u00f3n de derechos sucesivas respecto de un mismo inmueble, ya sea por compra venta u otro t\u00edtulo de dominio\u201d, explic\u00f3.<\/p>\n<p style=\"text-align: justify;\">Otro avance en el tema indica que la Seremi de Agricultura antes de entregar una autorizaci\u00f3n para subdividir o urbanizar este tipo de terrenos rurales, deber\u00e1 contar con un informe favorable previo de la Seremi de Vivienda. Tambi\u00e9n para las construcciones industriales, de infraestructura, turismo y poblaciones, fuera de los l\u00edmites urbanos, se exigir\u00e1 un informe previo de la Seremi de Vivienda y el Servicio Agr\u00edcola y Ganadero.<\/p>\n<p style=\"text-align: justify;\">Agreg\u00f3 la Seremi que \u201cestas son las primeras acciones, pero en lo sucesivo seguiremos implementando nuevas medidas, asumiendo que es un tema complejo donde vamos a trabajar en conjunto con nuestra Gobernadora Regional, Andrea Mac\u00edas, con parlamentarios y otros estamentos, para garantizar nuevas medidas en base a un trabajo mancomunado, coordinado y colaborativo. En ese sentido ya estamos viendo el tema con diversos miembros de la comunidad y con organizaciones como la Asociaci\u00f3n Regional de Municipalidades (AREMU) o el ZOIT, que tiene que ver con las Zonas de Inter\u00e9s Tur\u00edstico, con quienes tuvimos un interesante intercambio de ideas y propuestas\u201d.<\/p>\n<p style=\"text-align: justify;\">Finalmente acot\u00f3 tambi\u00e9n la autoridad regional que, tal como ha dicho el Ministro de Vivienda, Carlos Montes, junto con las medidas que se est\u00e1n tomando a corto plazo, la mirada de futuro debe venir acompa\u00f1ada de la instancia legislativa que fije definitiva y claramente las restricciones que permitan la correcta y oportuna regulaci\u00f3n de este tema en los pr\u00f3ximos a\u00f1os.<\/p>\n<\/div><\/section><\/div><div  style='height:50px' class='hr hr-invisible   avia-builder-el-6  el_after_av_one_full  el_before_av_social_share '><span class='hr-inner ' ><span class='hr-inner-style'><\/span><\/span><\/div><\/p>\n<div  class='av-social-sharing-box  avia-builder-el-7  el_after_av_hr  el_before_av_hr  '><div class='av-share-box'><h5 class='av-share-link-description av-no-toc '>Compartir esta noticia<\/h5><ul class='av-share-box-list noLightbox'><li class='av-share-link av-social-link-facebook' ><a target=\"_blank\" aria-label=\"Compartir en Facebook\" href='https:\/\/www.facebook.com\/sharer.php?u=https:\/\/radiorevelacionfm.cl\/?p=16736&#038;t=Seremi%20de%20Vivienda%20destac%C3%B3%20gestiones%20para%20abordar%20situaci%C3%B3n%20de%20mega%20loteos%20en%20la%20Regi%C3%B3n' aria-hidden='false' data-av_icon='\ue8f3' data-av_iconfont='entypo-fontello' title='' data-avia-related-tooltip='Compartir en Facebook' rel=\"noopener\"><span class='avia_hidden_link_text'>Compartir en Facebook<\/span><\/a><\/li><li class='av-share-link av-social-link-twitter' ><a target=\"_blank\" aria-label=\"Compartir en Twitter\" href='https:\/\/twitter.com\/share?text=Seremi%20de%20Vivienda%20destac%C3%B3%20gestiones%20para%20abordar%20situaci%C3%B3n%20de%20mega%20loteos%20en%20la%20Regi%C3%B3n&#038;url=https:\/\/radiorevelacionfm.cl\/?p=16736' aria-hidden='false' data-av_icon='\ue8f1' data-av_iconfont='entypo-fontello' title='' data-avia-related-tooltip='Compartir en Twitter' rel=\"noopener\"><span class='avia_hidden_link_text'>Compartir en Twitter<\/span><\/a><\/li><li class='av-share-link av-social-link-whatsapp' ><a target=\"_blank\" aria-label=\"Compartir en Whatsapp\" href='https:\/\/api.whatsapp.com\/send?text=https:\/\/radiorevelacionfm.cl\/?p=16736' aria-hidden='false' data-av_icon='\uf232' data-av_iconfont='entypo-fontello' title='' data-avia-related-tooltip='Compartir en Whatsapp' rel=\"noopener\"><span class='avia_hidden_link_text'>Compartir en Whatsapp<\/span><\/a><\/li><li class='av-share-link av-social-link-linkedin' ><a target=\"_blank\" aria-label=\"Compartir en LinkedIn\" href='https:\/\/linkedin.com\/shareArticle?mini=true&#038;title=Seremi%20de%20Vivienda%20destac%C3%B3%20gestiones%20para%20abordar%20situaci%C3%B3n%20de%20mega%20loteos%20en%20la%20Regi%C3%B3n&#038;url=https:\/\/radiorevelacionfm.cl\/?p=16736' aria-hidden='false' data-av_icon='\ue8fc' data-av_iconfont='entypo-fontello' title='' data-avia-related-tooltip='Compartir en LinkedIn' rel=\"noopener\"><span class='avia_hidden_link_text'>Compartir en LinkedIn<\/span><\/a><\/li><li class='av-share-link av-social-link-mail' ><a  aria-label=\"Compartir por correo\" href='mailto:?subject=Seremi%20de%20Vivienda%20destac%C3%B3%20gestiones%20para%20abordar%20situaci%C3%B3n%20de%20mega%20loteos%20en%20la%20Regi%C3%B3n&#038;body=https:\/\/radiorevelacionfm.cl\/?p=16736' aria-hidden='false' data-av_icon='\ue805' data-av_iconfont='entypo-fontello' title='' data-avia-related-tooltip='Compartir por correo'><span class='avia_hidden_link_text'>Compartir por correo<\/span><\/a><\/li><\/ul><\/div><\/div>\n<div  style='height:50px' class='hr hr-invisible   avia-builder-el-8  el_after_av_social_share  el_before_av_comments_list '><span class='hr-inner ' ><span class='hr-inner-style'><\/span><\/span><\/div>\n<div  class='av-buildercomment  av-blog-meta-html-info-disabled av-blog-meta-tag-disabled  '><\/div>\n","protected":false},"excerpt":{"rendered":"","protected":false},"author":1,"featured_media":16737,"comment_status":"open","ping_status":"open","sticky":false,"template":"","format":"standard","meta":{"footnotes":""},"categories":[38,57],"tags":[],"class_list":["post-16736","post","type-post","status-publish","format-standard","has-post-thumbnail","hentry","category-regional","category-vivienda"],"jetpack_featured_media_url":"https:\/\/radiorevelacionfm.cl\/wp-content\/uploads\/2022\/05\/Seremi-de-Vivienda-Region-de-Aysen-Paulina-Ruz-Delfin-1-1.jpg","_links":{"self":[{"href":"https:\/\/radiorevelacionfm.cl\/index.php?rest_route=\/wp\/v2\/posts\/16736","targetHints":{"allow":["GET"]}}],"collection":[{"href":"https:\/\/radiorevelacionfm.cl\/index.php?rest_route=\/wp\/v2\/posts"}],"about":[{"href":"https:\/\/radiorevelacionfm.cl\/index.php?rest_route=\/wp\/v2\/types\/post"}],"author":[{"embeddable":true,"href":"https:\/\/radiorevelacionfm.cl\/index.php?rest_route=\/wp\/v2\/users\/1"}],"replies":[{"embeddable":true,"href":"https:\/\/radiorevelacionfm.cl\/index.php?rest_route=%2Fwp%2Fv2%2Fcomments&post=16736"}],"version-history":[{"count":2,"href":"https:\/\/radiorevelacionfm.cl\/index.php?rest_route=\/wp\/v2\/posts\/16736\/revisions"}],"predecessor-version":[{"id":16739,"href":"https:\/\/radiorevelacionfm.cl\/index.php?rest_route=\/wp\/v2\/posts\/16736\/revisions\/16739"}],"wp:featuredmedia":[{"embeddable":true,"href":"https:\/\/radiorevelacionfm.cl\/index.php?rest_route=\/wp\/v2\/media\/16737"}],"wp:attachment":[{"href":"https:\/\/radiorevelacionfm.cl\/index.php?rest_route=%2Fwp%2Fv2%2Fmedia&parent=16736"}],"wp:term":[{"taxonomy":"category","embeddable":true,"href":"https:\/\/radiorevelacionfm.cl\/index.php?rest_route=%2Fwp%2Fv2%2Fcategories&post=16736"},{"taxonomy":"post_tag","embeddable":true,"href":"https:\/\/radiorevelacionfm.cl\/index.php?rest_route=%2Fwp%2Fv2%2Ftags&post=16736"}],"curies":[{"name":"wp","href":"https:\/\/api.w.org\/{rel}","templated":true}]}}