{"id":16732,"date":"2022-05-11T14:29:50","date_gmt":"2022-05-11T17:29:50","guid":{"rendered":"https:\/\/radiorevelacionfm.cl\/?p=16732"},"modified":"2022-05-11T14:29:50","modified_gmt":"2022-05-11T17:29:50","slug":"inicio-marcha-blanca-de-nueva-norma-para-polarizados-en-vehiculos","status":"publish","type":"post","link":"https:\/\/radiorevelacionfm.cl\/?p=16732","title":{"rendered":"Inici\u00f3 marcha blanca de nueva norma para polarizados en veh\u00edculos"},"content":{"rendered":"<div class=\"flex_column av_one_full  flex_column_div av-zero-column-padding first  avia-builder-el-0  el_before_av_one_full  avia-builder-el-first  \" style='border-radius:0px; '><div  class='avia-image-container  av-styling-    avia-builder-el-1  avia-builder-el-no-sibling  avia-align-center '  itemprop=\"image\" itemscope=\"itemscope\" itemtype=\"https:\/\/schema.org\/ImageObject\"  ><div class='avia-image-container-inner'><div class='avia-image-overlay-wrap'><img decoding=\"async\" class='wp-image-16733 avia-img-lazy-loading-not-16733 avia_image' src=\"https:\/\/radiorevelacionfm.cl\/wp-content\/uploads\/2022\/05\/DSC_5836-1-1.jpg\" alt='' title='DSC_5836 (1) (1)' height=\"600\" width=\"903\"  itemprop=\"thumbnailUrl\" srcset=\"https:\/\/radiorevelacionfm.cl\/wp-content\/uploads\/2022\/05\/DSC_5836-1-1.jpg 903w, https:\/\/radiorevelacionfm.cl\/wp-content\/uploads\/2022\/05\/DSC_5836-1-1-300x199.jpg 300w, https:\/\/radiorevelacionfm.cl\/wp-content\/uploads\/2022\/05\/DSC_5836-1-1-768x510.jpg 768w, https:\/\/radiorevelacionfm.cl\/wp-content\/uploads\/2022\/05\/DSC_5836-1-1-705x468.jpg 705w, https:\/\/radiorevelacionfm.cl\/wp-content\/uploads\/2022\/05\/DSC_5836-1-1-600x399.jpg 600w\" sizes=\"(max-width: 903px) 100vw, 903px\" \/><\/div><\/div><\/div><\/div><div class=\"flex_column av_one_full  flex_column_div av-zero-column-padding first  avia-builder-el-2  el_after_av_one_full  el_before_av_one_full  column-top-margin\" style='border-radius:0px; '><section class=\"av_textblock_section \"  itemscope=\"itemscope\" itemtype=\"https:\/\/schema.org\/BlogPosting\" itemprop=\"blogPost\" ><div class='avia_textblock  '   itemprop=\"text\" ><p style=\"text-align: center;\"><span style=\"font-size: 18pt;\"><b>Inici\u00f3 marcha blanca de nueva norma para polarizados en veh\u00edculos<\/b><\/span><\/p>\n<div id=\"gtx-trans\" style=\"position: absolute; left: -50px; top: 4.31534px;\">\n<div class=\"gtx-trans-icon\"><\/div>\n<\/div>\n<\/div><\/section><\/div><div class=\"flex_column av_one_full  flex_column_div av-zero-column-padding first  avia-builder-el-4  el_after_av_one_full  el_before_av_hr  column-top-margin\" style='border-radius:0px; '><section class=\"av_textblock_section \"  itemscope=\"itemscope\" itemtype=\"https:\/\/schema.org\/BlogPosting\" itemprop=\"blogPost\" ><div class='avia_textblock  '   itemprop=\"text\" ><p style=\"font-weight: 400; text-align: justify;\">Con el fin de implementar medidas que contribuyan a la seguridad vial, el Ministerio de Transportes y Telecomunicaciones (MTT), anunci\u00f3 que este 11 de mayo se inicia una marcha blanca de tres meses, para la medici\u00f3n del nivel de transmisi\u00f3n de la luz en polarizados y l\u00e1minas de seguridad de veh\u00edculos.<\/p>\n<p style=\"font-weight: 400; text-align: justify;\">A partir de esa fecha las plantas de revisi\u00f3n t\u00e9cnica del pa\u00eds inspeccionar\u00e1n este tipo de elementos en todos los veh\u00edculos livianos y medianos, con el fin de resguardar la correcta visibilidad a la hora de conducir. En este periodo de marcha blanca, el uso de polarizados o l\u00e1minas de seguridad en los costados del veh\u00edculo o en su parte trasera no ser\u00e1n causales de rechazo en la Plantas de Revisi\u00f3n T\u00e9cnica.<\/p>\n<p style=\"font-weight: 400; text-align: justify;\">Para la seremiTT Claudia Cantero, todos estos cambios significan un mejoramiento del est\u00e1ndar de seguridad, dado el aumento en el uso de estos accesorios en los autom\u00f3viles. De esta forma, se busca que el uso de estos elementos no obstruyan la conducci\u00f3n.<\/p>\n<p style=\"font-weight: 400; text-align: justify;\">\u201cSe hace esta marcha blanca para que la comunidad se informe y se vaya preparando para las pr\u00f3ximas revisiones t\u00e9cnicas de sus veh\u00edculos. Y la norma establece el cumplimiento de un factor m\u00ednimo de transmisi\u00f3n de luz que deber\u00e1 incluir un sello de certificaci\u00f3n. Tambi\u00e9n informar que estas medidas se adoptan con el fin de mejorar las condiciones de visibilidad tanto de los conductores como de los peatones respecto al veh\u00edculo y proteger la seguridad de las personas que utilizan medios de transporte en veh\u00edculos particulares y transporte de pasajeros\u201d, explic\u00f3.<\/p>\n<p style=\"font-weight: 400; text-align: justify;\">Al respecto el Jefe de la Planta de Revisi\u00f3n T\u00e9cnica de Coyhaique, Francisco Montero se refiri\u00f3 a las especificaciones que contempla la Ley para los veh\u00edculos livianos y medianos: \u201cDe acuerdo a la nueva normativa, se va a exigir que \u00a0todos los vidrios polarizados que est\u00e9n certificados, se tiene que medir el grado del paso de luz que tiene que ser 70 % para las puertas delanteras y 28 % para puertas traseras y luneta, que es el vidrio que est\u00e1 en el portal\u00f3n o puerta trasera del veh\u00edculo. Las l\u00e1minas que no est\u00e9n certificadas se deben rechazar\u201d.<\/p>\n<p style=\"font-weight: 400; text-align: justify;\">Cabe destacar que la norma establece que en el parabrisas est\u00e1 prohibido el uso de cualquier tipo de polarizado. Adem\u00e1s en taxis y transporte escolar, los vidrios laterales traseros polarizados deben tener un factor de transmisi\u00f3n de luz de un 50% y en la luneta un 70%.<\/p>\n<p style=\"font-weight: 400; text-align: justify;\">Por otra parte, el MTT destac\u00f3 algunos aspectos clave para tener en cuenta a la hora de instalar este tipo de accesorios. Tanto los polarizados como las l\u00e1minas de seguridad deben ser\u00a0no reflectivas, es decir, ni met\u00e1licas, ni espejadas. Adem\u00e1s, el valor del factor deber\u00e1 ser grabado en la l\u00e1mina mediante la incorporaci\u00f3n de un sello en relieve e indeleble. Este debe indicar adem\u00e1s el nombre y el RUT del instalador.<\/p>\n<\/div><\/section><\/div><div  style='height:50px' class='hr hr-invisible   avia-builder-el-6  el_after_av_one_full  el_before_av_social_share '><span class='hr-inner ' ><span class='hr-inner-style'><\/span><\/span><\/div><\/p>\n<div  class='av-social-sharing-box  avia-builder-el-7  el_after_av_hr  el_before_av_hr  '><div class='av-share-box'><h5 class='av-share-link-description av-no-toc '>Compartir esta noticia<\/h5><ul class='av-share-box-list noLightbox'><li class='av-share-link av-social-link-facebook' ><a target=\"_blank\" aria-label=\"Compartir en Facebook\" href='https:\/\/www.facebook.com\/sharer.php?u=https:\/\/radiorevelacionfm.cl\/?p=16732&#038;t=Inici%C3%B3%20marcha%20blanca%20de%20nueva%20norma%20para%20polarizados%20en%20veh%C3%ADculos' aria-hidden='false' data-av_icon='\ue8f3' data-av_iconfont='entypo-fontello' title='' data-avia-related-tooltip='Compartir en Facebook' rel=\"noopener\"><span class='avia_hidden_link_text'>Compartir en Facebook<\/span><\/a><\/li><li class='av-share-link av-social-link-twitter' ><a target=\"_blank\" aria-label=\"Compartir en Twitter\" href='https:\/\/twitter.com\/share?text=Inici%C3%B3%20marcha%20blanca%20de%20nueva%20norma%20para%20polarizados%20en%20veh%C3%ADculos&#038;url=https:\/\/radiorevelacionfm.cl\/?p=16732' aria-hidden='false' data-av_icon='\ue8f1' data-av_iconfont='entypo-fontello' title='' data-avia-related-tooltip='Compartir en Twitter' rel=\"noopener\"><span class='avia_hidden_link_text'>Compartir en Twitter<\/span><\/a><\/li><li class='av-share-link av-social-link-whatsapp' ><a target=\"_blank\" aria-label=\"Compartir en Whatsapp\" href='https:\/\/api.whatsapp.com\/send?text=https:\/\/radiorevelacionfm.cl\/?p=16732' aria-hidden='false' data-av_icon='\uf232' data-av_iconfont='entypo-fontello' title='' data-avia-related-tooltip='Compartir en Whatsapp' rel=\"noopener\"><span class='avia_hidden_link_text'>Compartir en Whatsapp<\/span><\/a><\/li><li class='av-share-link av-social-link-linkedin' ><a target=\"_blank\" aria-label=\"Compartir en LinkedIn\" href='https:\/\/linkedin.com\/shareArticle?mini=true&#038;title=Inici%C3%B3%20marcha%20blanca%20de%20nueva%20norma%20para%20polarizados%20en%20veh%C3%ADculos&#038;url=https:\/\/radiorevelacionfm.cl\/?p=16732' aria-hidden='false' data-av_icon='\ue8fc' data-av_iconfont='entypo-fontello' title='' data-avia-related-tooltip='Compartir en LinkedIn' rel=\"noopener\"><span class='avia_hidden_link_text'>Compartir en LinkedIn<\/span><\/a><\/li><li class='av-share-link av-social-link-mail' ><a  aria-label=\"Compartir por correo\" href='mailto:?subject=Inici%C3%B3%20marcha%20blanca%20de%20nueva%20norma%20para%20polarizados%20en%20veh%C3%ADculos&#038;body=https:\/\/radiorevelacionfm.cl\/?p=16732' aria-hidden='false' data-av_icon='\ue805' data-av_iconfont='entypo-fontello' title='' data-avia-related-tooltip='Compartir por correo'><span class='avia_hidden_link_text'>Compartir por correo<\/span><\/a><\/li><\/ul><\/div><\/div>\n<div  style='height:50px' class='hr hr-invisible   avia-builder-el-8  el_after_av_social_share  el_before_av_comments_list '><span class='hr-inner ' ><span class='hr-inner-style'><\/span><\/span><\/div>\n<div  class='av-buildercomment  av-blog-meta-html-info-disabled av-blog-meta-tag-disabled  '><\/div>\n","protected":false},"excerpt":{"rendered":"","protected":false},"author":1,"featured_media":16733,"comment_status":"open","ping_status":"open","sticky":false,"template":"","format":"standard","meta":{"footnotes":""},"categories":[59],"tags":[],"class_list":["post-16732","post","type-post","status-publish","format-standard","has-post-thumbnail","hentry","category-transporte"],"jetpack_featured_media_url":"https:\/\/radiorevelacionfm.cl\/wp-content\/uploads\/2022\/05\/DSC_5836-1-1.jpg","_links":{"self":[{"href":"https:\/\/radiorevelacionfm.cl\/index.php?rest_route=\/wp\/v2\/posts\/16732","targetHints":{"allow":["GET"]}}],"collection":[{"href":"https:\/\/radiorevelacionfm.cl\/index.php?rest_route=\/wp\/v2\/posts"}],"about":[{"href":"https:\/\/radiorevelacionfm.cl\/index.php?rest_route=\/wp\/v2\/types\/post"}],"author":[{"embeddable":true,"href":"https:\/\/radiorevelacionfm.cl\/index.php?rest_route=\/wp\/v2\/users\/1"}],"replies":[{"embeddable":true,"href":"https:\/\/radiorevelacionfm.cl\/index.php?rest_route=%2Fwp%2Fv2%2Fcomments&post=16732"}],"version-history":[{"count":2,"href":"https:\/\/radiorevelacionfm.cl\/index.php?rest_route=\/wp\/v2\/posts\/16732\/revisions"}],"predecessor-version":[{"id":16735,"href":"https:\/\/radiorevelacionfm.cl\/index.php?rest_route=\/wp\/v2\/posts\/16732\/revisions\/16735"}],"wp:featuredmedia":[{"embeddable":true,"href":"https:\/\/radiorevelacionfm.cl\/index.php?rest_route=\/wp\/v2\/media\/16733"}],"wp:attachment":[{"href":"https:\/\/radiorevelacionfm.cl\/index.php?rest_route=%2Fwp%2Fv2%2Fmedia&parent=16732"}],"wp:term":[{"taxonomy":"category","embeddable":true,"href":"https:\/\/radiorevelacionfm.cl\/index.php?rest_route=%2Fwp%2Fv2%2Fcategories&post=16732"},{"taxonomy":"post_tag","embeddable":true,"href":"https:\/\/radiorevelacionfm.cl\/index.php?rest_route=%2Fwp%2Fv2%2Ftags&post=16732"}],"curies":[{"name":"wp","href":"https:\/\/api.w.org\/{rel}","templated":true}]}}