{"id":16727,"date":"2022-05-11T12:29:33","date_gmt":"2022-05-11T15:29:33","guid":{"rendered":"https:\/\/radiorevelacionfm.cl\/?p=16727"},"modified":"2022-05-11T12:29:33","modified_gmt":"2022-05-11T15:29:33","slug":"ya-comenzo-el-pago-del-bono-de-invierno-a-mas-de-3-500-pensionados-y-pensionadas-beneficiarios-de-la-region-de-aysen","status":"publish","type":"post","link":"https:\/\/radiorevelacionfm.cl\/?p=16727","title":{"rendered":"Ya comenz\u00f3 el pago del Bono de Invierno a m\u00e1s de 3.500 pensionados y pensionadas beneficiarios de la Regi\u00f3n de Ays\u00e9n"},"content":{"rendered":"<div class=\"flex_column av_one_full  flex_column_div av-zero-column-padding first  avia-builder-el-0  el_before_av_one_full  avia-builder-el-first  \" style='border-radius:0px; '><div  class='avia-image-container  av-styling-    avia-builder-el-1  avia-builder-el-no-sibling  avia-align-center '  itemprop=\"image\" itemscope=\"itemscope\" itemtype=\"https:\/\/schema.org\/ImageObject\"  ><div class='avia-image-container-inner'><div class='avia-image-overlay-wrap'><img decoding=\"async\" class='wp-image-16728 avia-img-lazy-loading-not-16728 avia_image' src=\"https:\/\/radiorevelacionfm.cl\/wp-content\/uploads\/2022\/05\/Grafica-prensa_Bono-Invierno-2022_2.05.22-1-1.jpg\" alt='' title='Gr\u00e1fica prensa_Bono Invierno 2022_2.05.22 (1) (1)' height=\"600\" width=\"1067\"  itemprop=\"thumbnailUrl\" srcset=\"https:\/\/radiorevelacionfm.cl\/wp-content\/uploads\/2022\/05\/Grafica-prensa_Bono-Invierno-2022_2.05.22-1-1.jpg 1067w, https:\/\/radiorevelacionfm.cl\/wp-content\/uploads\/2022\/05\/Grafica-prensa_Bono-Invierno-2022_2.05.22-1-1-300x169.jpg 300w, https:\/\/radiorevelacionfm.cl\/wp-content\/uploads\/2022\/05\/Grafica-prensa_Bono-Invierno-2022_2.05.22-1-1-1030x579.jpg 1030w, https:\/\/radiorevelacionfm.cl\/wp-content\/uploads\/2022\/05\/Grafica-prensa_Bono-Invierno-2022_2.05.22-1-1-768x432.jpg 768w, https:\/\/radiorevelacionfm.cl\/wp-content\/uploads\/2022\/05\/Grafica-prensa_Bono-Invierno-2022_2.05.22-1-1-705x396.jpg 705w, https:\/\/radiorevelacionfm.cl\/wp-content\/uploads\/2022\/05\/Grafica-prensa_Bono-Invierno-2022_2.05.22-1-1-600x337.jpg 600w\" sizes=\"(max-width: 1067px) 100vw, 1067px\" \/><\/div><\/div><\/div><\/div><div class=\"flex_column av_one_full  flex_column_div av-zero-column-padding first  avia-builder-el-2  el_after_av_one_full  el_before_av_one_full  column-top-margin\" style='border-radius:0px; '><section class=\"av_textblock_section \"  itemscope=\"itemscope\" itemtype=\"https:\/\/schema.org\/BlogPosting\" itemprop=\"blogPost\" ><div class='avia_textblock  '   itemprop=\"text\" ><p style=\"text-align: center;\"><span style=\"font-size: 18pt;\"><b><span lang=\"ES\">Ya comenz\u00f3 el pago del Bono de Invierno a m\u00e1s de 3.500 pensionados y pensionadas beneficiarios de la Regi\u00f3n de Ays\u00e9n<\/span><\/b><\/span><\/p>\n<div id=\"gtx-trans\" style=\"position: absolute; left: -50px; top: 4.31534px;\">\n<div class=\"gtx-trans-icon\"><\/div>\n<\/div>\n<\/div><\/section><\/div><div class=\"flex_column av_one_full  flex_column_div av-zero-column-padding first  avia-builder-el-4  el_after_av_one_full  el_before_av_hr  column-top-margin\" style='border-radius:0px; '><section class=\"av_textblock_section \"  itemscope=\"itemscope\" itemtype=\"https:\/\/schema.org\/BlogPosting\" itemprop=\"blogPost\" ><div class='avia_textblock  '   itemprop=\"text\" ><p class=\"v1MsoNormal\" style=\"text-align: justify;\">El Instituto de Previsi\u00f3n Social, IPS informa que ya comenz\u00f3 a entregar el Bono de Invierno para m\u00e1s de 1 mill\u00f3n 450 mil pensionadas y pensionados del pa\u00eds. Es un beneficio en dinero que se otorga -por una vez en el a\u00f1o- a las personas que cumplen con los requisitos establecidos en la ley, con el objetivo de que puedan estar mejor preparados para enfrentar los gastos que surgen en esta \u00e9poca.<\/p>\n<p class=\"v1MsoNormal\" style=\"text-align: justify;\">Con respecto a este beneficio, la Seremi(s) del Trabajo y Previsi\u00f3n Social, Tatiana Pl\u00e1, afirm\u00f3, \u00abEl Bono de Invierno es una inversi\u00f3n importante que ponemos en el sistema de protecci\u00f3n social. Este beneficio que va precisamente a los pensionados y pensionadas m\u00e1s vulnerables de nuestra Regi\u00f3n de Ays\u00e9n, ya se comenz\u00f3 a pagar y les llegar\u00e1 a todos quienes cumplan los requisitos en su pensi\u00f3n de mayo, justo cuando empieza a hacer m\u00e1s fr\u00edo, apoyando un poco a enfrentar los gastos propios de la \u00e9poca invernal\u00bb, coment\u00f3.<\/p>\n<p class=\"v1MsoNormal\" style=\"text-align: justify;\">\u00abEn el caso de la Regi\u00f3n de Ays\u00e9n, el Bono de Invierno llegar\u00e1 a\u00a0<b>3.585 pensionadas y pensionados del Instituto de Previsi\u00f3n Social, IPS<\/b>, quienes no deben hacer ning\u00fan tr\u00e1mite porque el pago es autom\u00e1tico, viene incluido en el pago de su pensi\u00f3n de este mes. El Estado desembolsar\u00e1 en nuestra regi\u00f3n,\u00a0<b>m\u00e1s de 252 millones de pesos<\/b>\u00a0en la entrega de esta ayuda social a los pensionados m\u00e1s vulnerables\u00bb, detall\u00f3 el director de IPS Ays\u00e9n, Carlos Rodr\u00edguez.<\/p>\n<p class=\"v1MsoNormal\" style=\"text-align: justify;\">Este a\u00f1o, el Bono de Invierno es de $70.336 por pensionado o pensionada y para poder obtenerlo las personas deben tener 65 o m\u00e1s a\u00f1os al 1\u00ba de mayo de 2022 y una pensi\u00f3n igual o inferior a $182.167. Cabe se\u00f1alar que los beneficiarios\/as no tienen que hacer ning\u00fan tr\u00e1mite porque el pago es autom\u00e1tico, viene incluido en la pensi\u00f3n.<\/p>\n<p class=\"v1MsoNormal\" style=\"text-align: justify;\">La concesi\u00f3n de este beneficio no considera el valor de la Pensi\u00f3n Garantizada Universal ni del Aporte Previsional Solidario de Vejez, para aquellos que lo reciben, y solo se toma en cuenta el monto de la(s) pensi\u00f3n(es) base(s).<\/p>\n<p class=\"v1MsoNormal\" style=\"text-align: justify;\">El Estado desembolsar\u00e1, a nivel nacional, un monto superior a los 102 mil millones de pesos en la entrega de esta ayuda econ\u00f3mica a los pensionados.<\/p>\n<p class=\"v1MsoNormal\" style=\"text-align: justify;\"><b>\u00bfQui\u00e9nes son las personas beneficiadas?<\/b><\/p>\n<p class=\"v1MsoNormal\" style=\"text-align: justify;\">Tienen derecho al Bono de Invierno los siguientes grupos de pensionados:<\/p>\n<p class=\"v1gmail-MsoListParagraphCxSpFirst\" style=\"text-align: justify;\">\u00fc\u00a0\u00a0Del Instituto de Previsi\u00f3n Social, IPS.<\/p>\n<p class=\"v1gmail-MsoListParagraphCxSpMiddle\" style=\"text-align: justify;\">\u00fc\u00a0\u00a0De Pensi\u00f3n Garantizada Universal (PGU), ex PBSV.<\/p>\n<p class=\"v1gmail-MsoListParagraphCxSpMiddle\" style=\"text-align: justify;\">\u00fc\u00a0\u00a0Del Instituto de Seguridad Laboral.<\/p>\n<p class=\"v1gmail-MsoListParagraphCxSpMiddle\" style=\"text-align: justify;\">\u00fc\u00a0\u00a0De las Mutualidades de Empleadores de la Ley N\u00b0 16.744 de Accidentes del Trabajo y Enfermedades Profesionales.<\/p>\n<p class=\"v1gmail-MsoListParagraphCxSpMiddle\" style=\"text-align: justify;\">\u00fc\u00a0\u00a0De la Direcci\u00f3n de Previsi\u00f3n de Carabineros de Chile (Dipreca).<\/p>\n<p class=\"v1gmail-MsoListParagraphCxSpMiddle\" style=\"text-align: justify;\">\u00fc\u00a0\u00a0De la Caja de Previsi\u00f3n de la Defensa Nacional (Capredena).<\/p>\n<p class=\"v1gmail-MsoListParagraphCxSpLast\" style=\"text-align: justify;\">\u00fc\u00a0\u00a0De AFP y compa\u00f1\u00edas de seguros que perciban en el mes de mayo el beneficio de Pensi\u00f3n Garantizada Universal (PGU), Aporte Previsional Solidario de Vejez (APSV) o pensiones m\u00ednimas con Garant\u00eda Estatal.<\/p>\n<p class=\"v1MsoNormal\" style=\"text-align: justify;\">El IPS y su red ChileAtiende han generado todas las acciones para que, en el caso de sus beneficiarios\/as, el Bono de Invierno se incluya -como es habitual- en la liquidaci\u00f3n de pago de pensi\u00f3n del mes de mayo de 2022. Para m\u00e1s informaci\u00f3n y consultas, el Instituto de Previsi\u00f3n Social ha dispuesto los siguientes canales de atenci\u00f3n:\u00a0<a href=\"http:\/\/www.ips.gob.cl\/\" target=\"_blank\" rel=\"noopener noreferrer\">www.ips.gob.cl<\/a>,\u00a0<a href=\"http:\/\/www.chileatiende.cl\/\" target=\"_blank\" rel=\"noopener noreferrer\">www.chileatiende.cl<\/a>, Call Center 600 440 0040 y redes sociales ChileAtiende en Twitter, Facebook e Instagram.<\/p>\n<\/div><\/section><\/div><div  style='height:50px' class='hr hr-invisible   avia-builder-el-6  el_after_av_one_full  el_before_av_social_share '><span class='hr-inner ' ><span class='hr-inner-style'><\/span><\/span><\/div><\/p>\n<div  class='av-social-sharing-box  avia-builder-el-7  el_after_av_hr  el_before_av_hr  '><div class='av-share-box'><h5 class='av-share-link-description av-no-toc '>Compartir esta noticia<\/h5><ul class='av-share-box-list noLightbox'><li class='av-share-link av-social-link-facebook' ><a target=\"_blank\" aria-label=\"Compartir en Facebook\" href='https:\/\/www.facebook.com\/sharer.php?u=https:\/\/radiorevelacionfm.cl\/?p=16727&#038;t=Ya%20comenz%C3%B3%20el%20pago%20del%20Bono%20de%20Invierno%20a%20m%C3%A1s%20de%203.500%20pensionados%20y%20pensionadas%20beneficiarios%20de%20la%20Regi%C3%B3n%20de%20Ays%C3%A9n' aria-hidden='false' data-av_icon='\ue8f3' data-av_iconfont='entypo-fontello' title='' data-avia-related-tooltip='Compartir en Facebook' rel=\"noopener\"><span class='avia_hidden_link_text'>Compartir en Facebook<\/span><\/a><\/li><li class='av-share-link av-social-link-twitter' ><a target=\"_blank\" aria-label=\"Compartir en Twitter\" href='https:\/\/twitter.com\/share?text=Ya%20comenz%C3%B3%20el%20pago%20del%20Bono%20de%20Invierno%20a%20m%C3%A1s%20de%203.500%20pensionados%20y%20pensionadas%20beneficiarios%20de%20la%20Regi%C3%B3n%20de%20Ays%C3%A9n&#038;url=https:\/\/radiorevelacionfm.cl\/?p=16727' aria-hidden='false' data-av_icon='\ue8f1' data-av_iconfont='entypo-fontello' title='' data-avia-related-tooltip='Compartir en Twitter' rel=\"noopener\"><span class='avia_hidden_link_text'>Compartir en Twitter<\/span><\/a><\/li><li class='av-share-link av-social-link-whatsapp' ><a target=\"_blank\" aria-label=\"Compartir en Whatsapp\" href='https:\/\/api.whatsapp.com\/send?text=https:\/\/radiorevelacionfm.cl\/?p=16727' aria-hidden='false' data-av_icon='\uf232' data-av_iconfont='entypo-fontello' title='' data-avia-related-tooltip='Compartir en Whatsapp' rel=\"noopener\"><span class='avia_hidden_link_text'>Compartir en Whatsapp<\/span><\/a><\/li><li class='av-share-link av-social-link-linkedin' ><a target=\"_blank\" aria-label=\"Compartir en LinkedIn\" href='https:\/\/linkedin.com\/shareArticle?mini=true&#038;title=Ya%20comenz%C3%B3%20el%20pago%20del%20Bono%20de%20Invierno%20a%20m%C3%A1s%20de%203.500%20pensionados%20y%20pensionadas%20beneficiarios%20de%20la%20Regi%C3%B3n%20de%20Ays%C3%A9n&#038;url=https:\/\/radiorevelacionfm.cl\/?p=16727' aria-hidden='false' data-av_icon='\ue8fc' data-av_iconfont='entypo-fontello' title='' data-avia-related-tooltip='Compartir en LinkedIn' rel=\"noopener\"><span class='avia_hidden_link_text'>Compartir en LinkedIn<\/span><\/a><\/li><li class='av-share-link av-social-link-mail' ><a  aria-label=\"Compartir por correo\" href='mailto:?subject=Ya%20comenz%C3%B3%20el%20pago%20del%20Bono%20de%20Invierno%20a%20m%C3%A1s%20de%203.500%20pensionados%20y%20pensionadas%20beneficiarios%20de%20la%20Regi%C3%B3n%20de%20Ays%C3%A9n&#038;body=https:\/\/radiorevelacionfm.cl\/?p=16727' aria-hidden='false' data-av_icon='\ue805' data-av_iconfont='entypo-fontello' title='' data-avia-related-tooltip='Compartir por correo'><span class='avia_hidden_link_text'>Compartir por correo<\/span><\/a><\/li><\/ul><\/div><\/div>\n<div  style='height:50px' class='hr hr-invisible   avia-builder-el-8  el_after_av_social_share  el_before_av_comments_list '><span class='hr-inner ' ><span class='hr-inner-style'><\/span><\/span><\/div>\n<div  class='av-buildercomment  av-blog-meta-html-info-disabled av-blog-meta-tag-disabled  '><\/div>\n","protected":false},"excerpt":{"rendered":"","protected":false},"author":1,"featured_media":16728,"comment_status":"open","ping_status":"open","sticky":false,"template":"","format":"standard","meta":{"footnotes":""},"categories":[35,38,62],"tags":[],"class_list":["post-16727","post","type-post","status-publish","format-standard","has-post-thumbnail","hentry","category-politica","category-regional","category-social"],"jetpack_featured_media_url":"https:\/\/radiorevelacionfm.cl\/wp-content\/uploads\/2022\/05\/Grafica-prensa_Bono-Invierno-2022_2.05.22-1-1.jpg","_links":{"self":[{"href":"https:\/\/radiorevelacionfm.cl\/index.php?rest_route=\/wp\/v2\/posts\/16727","targetHints":{"allow":["GET"]}}],"collection":[{"href":"https:\/\/radiorevelacionfm.cl\/index.php?rest_route=\/wp\/v2\/posts"}],"about":[{"href":"https:\/\/radiorevelacionfm.cl\/index.php?rest_route=\/wp\/v2\/types\/post"}],"author":[{"embeddable":true,"href":"https:\/\/radiorevelacionfm.cl\/index.php?rest_route=\/wp\/v2\/users\/1"}],"replies":[{"embeddable":true,"href":"https:\/\/radiorevelacionfm.cl\/index.php?rest_route=%2Fwp%2Fv2%2Fcomments&post=16727"}],"version-history":[{"count":2,"href":"https:\/\/radiorevelacionfm.cl\/index.php?rest_route=\/wp\/v2\/posts\/16727\/revisions"}],"predecessor-version":[{"id":16730,"href":"https:\/\/radiorevelacionfm.cl\/index.php?rest_route=\/wp\/v2\/posts\/16727\/revisions\/16730"}],"wp:featuredmedia":[{"embeddable":true,"href":"https:\/\/radiorevelacionfm.cl\/index.php?rest_route=\/wp\/v2\/media\/16728"}],"wp:attachment":[{"href":"https:\/\/radiorevelacionfm.cl\/index.php?rest_route=%2Fwp%2Fv2%2Fmedia&parent=16727"}],"wp:term":[{"taxonomy":"category","embeddable":true,"href":"https:\/\/radiorevelacionfm.cl\/index.php?rest_route=%2Fwp%2Fv2%2Fcategories&post=16727"},{"taxonomy":"post_tag","embeddable":true,"href":"https:\/\/radiorevelacionfm.cl\/index.php?rest_route=%2Fwp%2Fv2%2Ftags&post=16727"}],"curies":[{"name":"wp","href":"https:\/\/api.w.org\/{rel}","templated":true}]}}