{"id":16723,"date":"2022-05-11T13:38:22","date_gmt":"2022-05-11T16:38:22","guid":{"rendered":"https:\/\/radiorevelacionfm.cl\/?p=16723"},"modified":"2022-05-11T13:38:22","modified_gmt":"2022-05-11T16:38:22","slug":"el-gobierno-destaca-eje-economico-del-plan-de-recuperacion-inclusiva","status":"publish","type":"post","link":"https:\/\/radiorevelacionfm.cl\/?p=16723","title":{"rendered":"El Gobierno destaca eje econ\u00f3mico del plan de recuperaci\u00f3n inclusiva"},"content":{"rendered":"<div class=\"flex_column av_one_full  flex_column_div av-zero-column-padding first  avia-builder-el-0  el_before_av_one_full  avia-builder-el-first  \" style='border-radius:0px; '><div  class='avia-image-container  av-styling-    avia-builder-el-1  avia-builder-el-no-sibling  avia-align-center '  itemprop=\"image\" itemscope=\"itemscope\" itemtype=\"https:\/\/schema.org\/ImageObject\"  ><div class='avia-image-container-inner'><div class='avia-image-overlay-wrap'><img decoding=\"async\" class='wp-image-16724 avia-img-lazy-loading-not-16724 avia_image' src=\"https:\/\/radiorevelacionfm.cl\/wp-content\/uploads\/2022\/05\/SEREMI-DE-ECONOMIA-DIFUNDE-PLAN-CHILE-APOYA-3-1-1.jpeg\" alt='' title='SEREMI DE ECONOM\u00cdA DIFUNDE PLAN CHILE APOYA (3) (1) (1)' height=\"600\" width=\"1299\"  itemprop=\"thumbnailUrl\" srcset=\"https:\/\/radiorevelacionfm.cl\/wp-content\/uploads\/2022\/05\/SEREMI-DE-ECONOMIA-DIFUNDE-PLAN-CHILE-APOYA-3-1-1.jpeg 1299w, https:\/\/radiorevelacionfm.cl\/wp-content\/uploads\/2022\/05\/SEREMI-DE-ECONOMIA-DIFUNDE-PLAN-CHILE-APOYA-3-1-1-300x139.jpeg 300w, https:\/\/radiorevelacionfm.cl\/wp-content\/uploads\/2022\/05\/SEREMI-DE-ECONOMIA-DIFUNDE-PLAN-CHILE-APOYA-3-1-1-1030x476.jpeg 1030w, https:\/\/radiorevelacionfm.cl\/wp-content\/uploads\/2022\/05\/SEREMI-DE-ECONOMIA-DIFUNDE-PLAN-CHILE-APOYA-3-1-1-768x355.jpeg 768w, https:\/\/radiorevelacionfm.cl\/wp-content\/uploads\/2022\/05\/SEREMI-DE-ECONOMIA-DIFUNDE-PLAN-CHILE-APOYA-3-1-1-705x326.jpeg 705w, https:\/\/radiorevelacionfm.cl\/wp-content\/uploads\/2022\/05\/SEREMI-DE-ECONOMIA-DIFUNDE-PLAN-CHILE-APOYA-3-1-1-600x277.jpeg 600w\" sizes=\"(max-width: 1299px) 100vw, 1299px\" \/><\/div><\/div><\/div><\/div><div class=\"flex_column av_one_full  flex_column_div av-zero-column-padding first  avia-builder-el-2  el_after_av_one_full  el_before_av_one_full  column-top-margin\" style='border-radius:0px; '><section class=\"av_textblock_section \"  itemscope=\"itemscope\" itemtype=\"https:\/\/schema.org\/BlogPosting\" itemprop=\"blogPost\" ><div class='avia_textblock  '   itemprop=\"text\" ><p style=\"text-align: center;\"><span style=\"font-size: 18pt;\"><b><span lang=\"ES-MX\">El Gobierno destaca eje econ\u00f3mico del plan de recuperaci\u00f3n inclusiva<\/span><\/b><\/span><\/p>\n<div id=\"gtx-trans\" style=\"position: absolute; left: -50px; top: 4.31534px;\">\n<div class=\"gtx-trans-icon\"><\/div>\n<\/div>\n<\/div><\/section><\/div><div class=\"flex_column av_one_full  flex_column_div av-zero-column-padding first  avia-builder-el-4  el_after_av_one_full  el_before_av_hr  column-top-margin\" style='border-radius:0px; '><section class=\"av_textblock_section \"  itemscope=\"itemscope\" itemtype=\"https:\/\/schema.org\/BlogPosting\" itemprop=\"blogPost\" ><div class='avia_textblock  '   itemprop=\"text\" ><p class=\"v1MsoNormal\" style=\"text-align: justify;\"><span lang=\"ES-MX\">Desde hace unos d\u00edas las autoridades de Gobierno est\u00e1n desplegadas en los distintos territorios explicando y detallando las medidas que incluye el plan Chile Apoya, el cual consiste en 21 medidas con cobertura nacional y que tiene como objetivo apalancar la recuperaci\u00f3n econ\u00f3mica de manera inclusiva e integral.<\/span><\/p>\n<p class=\"v1MsoNormal\" style=\"text-align: justify;\"><span lang=\"ES-MX\">\u00bfPero cu\u00e1les son las medidas que aplican a nivel econ\u00f3mico en la regi\u00f3n? Justamente son las dudas que tienen los distintos gremios, cooperativas, asociaciones, propietarios y, due\u00f1os y due\u00f1as de micros, peque\u00f1as y medianas empresas de nuestra regi\u00f3n y es justamente lo que las autoridades de Gobierno est\u00e1n dando a conocer.<\/span><\/p>\n<p class=\"v1MsoNormal\" style=\"text-align: justify;\"><span lang=\"ES-MX\">Al respecto, el Delegado Presidencial Regional Rodrigo Araya indic\u00f3 que \u00abLas consecuencias de la crisis son reales y nuestra tarea como Gobierno es apoyar a las personas, familias mipymes, con medidas concretas, serias y responsables. Para esto, el Plan Chile Apoya considera medidas con foco principal en enfrentar el alza del costo de la vida, lo que estamos difundiendo a trav\u00e9s de nuestro gabinete regional de seremis en toda la regi\u00f3n\u00bb, destac\u00f3 la autoridad.<\/span><\/p>\n<p class=\"v1MsoNormal\" style=\"text-align: justify;\"><span lang=\"ES-MX\">En esa misma l\u00ednea la Seremi de Econom\u00eda Rosa Machac\u00e1n Navarrete se\u00f1al\u00f3 que \u00abEn nuestra regi\u00f3n y en lo que respecta a econom\u00eda destacamos, el aumento cobertura que tendr\u00e1n los programas de Corfo y Sercotec y que apuntan, por ejemplo, a eliminar el copago en algunos de los programas concursables que tienen este \u00edtem como requisito. Por otro lado, tambi\u00e9n se flexibilizar\u00e1n los cr\u00e9ditos FOGAPE, especialmente para aquellas empresas que no pudieron acceder a solicitudes anteriores\u00bb.<\/span><\/p>\n<p class=\"v1MsoNormal\" style=\"text-align: justify;\"><span lang=\"ES-MX\">La autoridad econ\u00f3mica regional tambi\u00e9n agreg\u00f3 que \u00abEn nuestro recorrido por distintas comunas, nuestros emprendedores y micro empresarios nos preguntan, c\u00f3mo y en qu\u00e9 fechas se va a ayudar a este sector productivo, cuando se ejecutar\u00e1 el aumento del sueldo m\u00ednimo, que recordemos este Gobierno logr\u00f3 mediante un acuerdo con la CUT y que actualmente contin\u00faa su proceso legislativo en el Congreso. A ellos les informamos que el proyecto de ley contempla un subsidio para las Mipymes. Este apoyo se realizar\u00e1 por cada trabajador que, en los meses previos a mayo 2022, ganaban el sueldo m\u00ednimo y el aporte ser\u00e1 de $22.000, entre mayo y diciembre 2022. En tanto entre enero y abril del 2023 se ajustar\u00e1, considerando el reajuste del sueldo m\u00ednimo\u00bb.<\/span><\/p>\n<p class=\"v1MsoNormal\" style=\"text-align: justify;\"><span lang=\"ES-MX\">Consignar que dentro de las medidas econ\u00f3micas que se incluyen en el plan de reactivaci\u00f3n inclusiva se contempla la flexibilizaci\u00f3n de los cr\u00e9ditos FOGAPE mediante un proyecto de ley que se enviar\u00e1 al parlamento durante el mes de agosto del presente a\u00f1o y que permitir\u00e1 beneficiar a 200 mil empresas a nivel pa\u00eds.<\/span><\/p>\n<p class=\"v1MsoNormal\" style=\"text-align: justify;\"><span lang=\"ES-MX\">Desde el Ministerio de Econom\u00eda en la regi\u00f3n se tienen contempladas una serie de reuniones informativas que ya se iniciaron en los territorios en conjunto con la Delegaci\u00f3n Presidencial Provincial de Ays\u00e9n y que incluy\u00f3 a las directivas de la C\u00e1mara de Comercio de Puerto Ays\u00e9n, profesionales del Centro de Negocios de Sercotec y representantes del programa de desarrollo econ\u00f3mico local que depende del Municipio local.<\/span><\/p>\n<\/div><\/section><\/div><div  style='height:50px' class='hr hr-invisible   avia-builder-el-6  el_after_av_one_full  el_before_av_social_share '><span class='hr-inner ' ><span class='hr-inner-style'><\/span><\/span><\/div><\/p>\n<div  class='av-social-sharing-box  avia-builder-el-7  el_after_av_hr  el_before_av_hr  '><div class='av-share-box'><h5 class='av-share-link-description av-no-toc '>Compartir esta noticia<\/h5><ul class='av-share-box-list noLightbox'><li class='av-share-link av-social-link-facebook' ><a target=\"_blank\" aria-label=\"Compartir en Facebook\" href='https:\/\/www.facebook.com\/sharer.php?u=https:\/\/radiorevelacionfm.cl\/?p=16723&#038;t=El%20Gobierno%20destaca%20eje%20econ%C3%B3mico%20del%20plan%20de%20recuperaci%C3%B3n%20inclusiva' aria-hidden='false' data-av_icon='\ue8f3' data-av_iconfont='entypo-fontello' title='' data-avia-related-tooltip='Compartir en Facebook' rel=\"noopener\"><span class='avia_hidden_link_text'>Compartir en Facebook<\/span><\/a><\/li><li class='av-share-link av-social-link-twitter' ><a target=\"_blank\" aria-label=\"Compartir en Twitter\" href='https:\/\/twitter.com\/share?text=El%20Gobierno%20destaca%20eje%20econ%C3%B3mico%20del%20plan%20de%20recuperaci%C3%B3n%20inclusiva&#038;url=https:\/\/radiorevelacionfm.cl\/?p=16723' aria-hidden='false' data-av_icon='\ue8f1' data-av_iconfont='entypo-fontello' title='' data-avia-related-tooltip='Compartir en Twitter' rel=\"noopener\"><span class='avia_hidden_link_text'>Compartir en Twitter<\/span><\/a><\/li><li class='av-share-link av-social-link-whatsapp' ><a target=\"_blank\" aria-label=\"Compartir en Whatsapp\" href='https:\/\/api.whatsapp.com\/send?text=https:\/\/radiorevelacionfm.cl\/?p=16723' aria-hidden='false' data-av_icon='\uf232' data-av_iconfont='entypo-fontello' title='' data-avia-related-tooltip='Compartir en Whatsapp' rel=\"noopener\"><span class='avia_hidden_link_text'>Compartir en Whatsapp<\/span><\/a><\/li><li class='av-share-link av-social-link-linkedin' ><a target=\"_blank\" aria-label=\"Compartir en LinkedIn\" href='https:\/\/linkedin.com\/shareArticle?mini=true&#038;title=El%20Gobierno%20destaca%20eje%20econ%C3%B3mico%20del%20plan%20de%20recuperaci%C3%B3n%20inclusiva&#038;url=https:\/\/radiorevelacionfm.cl\/?p=16723' aria-hidden='false' data-av_icon='\ue8fc' data-av_iconfont='entypo-fontello' title='' data-avia-related-tooltip='Compartir en LinkedIn' rel=\"noopener\"><span class='avia_hidden_link_text'>Compartir en LinkedIn<\/span><\/a><\/li><li class='av-share-link av-social-link-mail' ><a  aria-label=\"Compartir por correo\" href='mailto:?subject=El%20Gobierno%20destaca%20eje%20econ%C3%B3mico%20del%20plan%20de%20recuperaci%C3%B3n%20inclusiva&#038;body=https:\/\/radiorevelacionfm.cl\/?p=16723' aria-hidden='false' data-av_icon='\ue805' data-av_iconfont='entypo-fontello' title='' data-avia-related-tooltip='Compartir por correo'><span class='avia_hidden_link_text'>Compartir por correo<\/span><\/a><\/li><\/ul><\/div><\/div>\n<div  style='height:50px' class='hr hr-invisible   avia-builder-el-8  el_after_av_social_share  el_before_av_comments_list '><span class='hr-inner ' ><span class='hr-inner-style'><\/span><\/span><\/div>\n<div  class='av-buildercomment  av-blog-meta-html-info-disabled av-blog-meta-tag-disabled  '><\/div>\n","protected":false},"excerpt":{"rendered":"","protected":false},"author":1,"featured_media":16724,"comment_status":"open","ping_status":"open","sticky":false,"template":"","format":"standard","meta":{"footnotes":""},"categories":[35,38],"tags":[],"class_list":["post-16723","post","type-post","status-publish","format-standard","has-post-thumbnail","hentry","category-politica","category-regional"],"jetpack_featured_media_url":"https:\/\/radiorevelacionfm.cl\/wp-content\/uploads\/2022\/05\/SEREMI-DE-ECONOMIA-DIFUNDE-PLAN-CHILE-APOYA-3-1-1.jpeg","_links":{"self":[{"href":"https:\/\/radiorevelacionfm.cl\/index.php?rest_route=\/wp\/v2\/posts\/16723","targetHints":{"allow":["GET"]}}],"collection":[{"href":"https:\/\/radiorevelacionfm.cl\/index.php?rest_route=\/wp\/v2\/posts"}],"about":[{"href":"https:\/\/radiorevelacionfm.cl\/index.php?rest_route=\/wp\/v2\/types\/post"}],"author":[{"embeddable":true,"href":"https:\/\/radiorevelacionfm.cl\/index.php?rest_route=\/wp\/v2\/users\/1"}],"replies":[{"embeddable":true,"href":"https:\/\/radiorevelacionfm.cl\/index.php?rest_route=%2Fwp%2Fv2%2Fcomments&post=16723"}],"version-history":[{"count":2,"href":"https:\/\/radiorevelacionfm.cl\/index.php?rest_route=\/wp\/v2\/posts\/16723\/revisions"}],"predecessor-version":[{"id":16731,"href":"https:\/\/radiorevelacionfm.cl\/index.php?rest_route=\/wp\/v2\/posts\/16723\/revisions\/16731"}],"wp:featuredmedia":[{"embeddable":true,"href":"https:\/\/radiorevelacionfm.cl\/index.php?rest_route=\/wp\/v2\/media\/16724"}],"wp:attachment":[{"href":"https:\/\/radiorevelacionfm.cl\/index.php?rest_route=%2Fwp%2Fv2%2Fmedia&parent=16723"}],"wp:term":[{"taxonomy":"category","embeddable":true,"href":"https:\/\/radiorevelacionfm.cl\/index.php?rest_route=%2Fwp%2Fv2%2Fcategories&post=16723"},{"taxonomy":"post_tag","embeddable":true,"href":"https:\/\/radiorevelacionfm.cl\/index.php?rest_route=%2Fwp%2Fv2%2Ftags&post=16723"}],"curies":[{"name":"wp","href":"https:\/\/api.w.org\/{rel}","templated":true}]}}