{"id":16717,"date":"2022-05-10T20:46:52","date_gmt":"2022-05-10T23:46:52","guid":{"rendered":"https:\/\/radiorevelacionfm.cl\/?p=16717"},"modified":"2022-05-10T20:46:52","modified_gmt":"2022-05-10T23:46:52","slug":"diputado-calisto-se-reune-con-comite-de-el-blanco-y-reitera-necesidad-de-potenciar-localidades-cercanas-a-coyhaique","status":"publish","type":"post","link":"https:\/\/radiorevelacionfm.cl\/?p=16717","title":{"rendered":"Diputado Calisto se re\u00fane con comit\u00e9 de El Blanco y reitera necesidad de potenciar localidades cercanas a Coyhaique"},"content":{"rendered":"<div class=\"flex_column av_one_full  flex_column_div av-zero-column-padding first  avia-builder-el-0  el_before_av_one_full  avia-builder-el-first  \" style='border-radius:0px; '><div  class='avia-image-container  av-styling-    avia-builder-el-1  avia-builder-el-no-sibling  avia-align-center '  itemprop=\"image\" itemscope=\"itemscope\" itemtype=\"https:\/\/schema.org\/ImageObject\"  ><div class='avia-image-container-inner'><div class='avia-image-overlay-wrap'><img decoding=\"async\" class='wp-image-16718 avia-img-lazy-loading-not-16718 avia_image' src=\"https:\/\/radiorevelacionfm.cl\/wp-content\/uploads\/2022\/05\/FB_IMG_1652221567363-1-1.jpg\" alt='' title='FB_IMG_1652221567363 (1) (1)' height=\"600\" width=\"800\"  itemprop=\"thumbnailUrl\" srcset=\"https:\/\/radiorevelacionfm.cl\/wp-content\/uploads\/2022\/05\/FB_IMG_1652221567363-1-1.jpg 800w, https:\/\/radiorevelacionfm.cl\/wp-content\/uploads\/2022\/05\/FB_IMG_1652221567363-1-1-300x225.jpg 300w, https:\/\/radiorevelacionfm.cl\/wp-content\/uploads\/2022\/05\/FB_IMG_1652221567363-1-1-768x576.jpg 768w, https:\/\/radiorevelacionfm.cl\/wp-content\/uploads\/2022\/05\/FB_IMG_1652221567363-1-1-705x529.jpg 705w, https:\/\/radiorevelacionfm.cl\/wp-content\/uploads\/2022\/05\/FB_IMG_1652221567363-1-1-600x450.jpg 600w\" sizes=\"(max-width: 800px) 100vw, 800px\" \/><\/div><\/div><\/div><\/div><div class=\"flex_column av_one_full  flex_column_div av-zero-column-padding first  avia-builder-el-2  el_after_av_one_full  el_before_av_one_full  column-top-margin\" style='border-radius:0px; '><section class=\"av_textblock_section \"  itemscope=\"itemscope\" itemtype=\"https:\/\/schema.org\/BlogPosting\" itemprop=\"blogPost\" ><div class='avia_textblock  '   itemprop=\"text\" ><p style=\"text-align: center;\"><span style=\"font-size: 18pt;\"><b><span lang=\"ES\">Diputado Calisto se re\u00fane con comit\u00e9 de El Blanco y reitera necesidad de potenciar localidades cercanas a Coyhaique<\/span><\/b><\/span><\/p>\n<div id=\"gtx-trans\" style=\"position: absolute; left: -50px; top: 4.31534px;\">\n<div class=\"gtx-trans-icon\"><\/div>\n<\/div>\n<\/div><\/section><\/div><div class=\"flex_column av_one_full  flex_column_div av-zero-column-padding first  avia-builder-el-4  el_after_av_one_full  el_before_av_hr  column-top-margin\" style='border-radius:0px; '><section class=\"av_textblock_section \"  itemscope=\"itemscope\" itemtype=\"https:\/\/schema.org\/BlogPosting\" itemprop=\"blogPost\" ><div class='avia_textblock  '   itemprop=\"text\" ><p style=\"font-weight: 400; text-align: justify;\">En el marco del trabajo que realiza con los distintos comit\u00e9s habitacionales de la regi\u00f3n, el diputado Miguel \u00c1ngel Calisto se reuni\u00f3 con dirigentes y socios del Comit\u00e9 Echaveguren de la localidad de El Blanco, instancia en la que reiter\u00f3 la urgente necesidad de potenciar a las localidades cercanas a la capital Regional.<\/p>\n<p style=\"font-weight: 400; text-align: justify;\">Seg\u00fan el diputado Calisto, \u201cestamos bien preocupados por la situaci\u00f3n habitacional en la Villa El Blanco. Se trata de 16 familias que est\u00e1n esperando su casa propia. Ellos han identificado un terreno, por lo que estamos en gestiones con la Municipalidad y Bienes Nacionales para garantizar que este terreno se pueda entregar en\u00a0 propiedad al comit\u00e9 y se pueda proyectar su vivienda definitiva\u201d.<\/p>\n<p style=\"font-weight: 400; text-align: justify;\">Calisto agreg\u00f3 que \u201ctambi\u00e9n hemos estado en conversaciones con el presidente de la Junta de Vecinos, porque entendemos que nuestras comunidades aleda\u00f1as a la capital regional, crezcan, tengan m\u00e1s servicios, alcantarillado, agua potable, luz el\u00e9ctrica y tengan todas las condiciones para que las familias puedan progresar\u201d.<\/p>\n<p style=\"font-weight: 400; text-align: justify;\">\u201cEs importante que no sigamos concentrando todo en Coyhaique, por eso estamos apoyando a comit\u00e9s de distintas localidades, como Balmaceda, en Villa Frei apoyamos a 100 familias que proyectan sus viviendas en ese sector, como tambi\u00e9n Valle Simpson. Queremos que las localidades cercanas a Coyhaique crezcan, que tengamos un transporte p\u00fablico garantizado y los ni\u00f1os tengan un espacio para vivir con menor contaminaci\u00f3n\u201d, afirm\u00f3.<\/p>\n<p style=\"font-weight: 400; text-align: justify;\">Seg\u00fan Vanesa Santana, presidenta del Comit\u00e9 Echaveguren de El Blanco, \u201cnos juntamos con el diputado y representantes de la Municipalidad para ver el tema del comit\u00e9, del terreno y las viviendas. Ellos nos est\u00e1n apoyando para poder cumplir nuestro sue\u00f1o que es la casa propia. Tambi\u00e9n la idea es poder hacer otros proyectos para que el pueblo crezca, lo que les conviene a todos\u201d.<\/p>\n<p style=\"font-weight: 400; text-align: justify;\">Finalmente, la dirigente se\u00f1al\u00f3 que \u201cquedamos coordinados para hacer prontamente una reuni\u00f3n con la Seremi de Vivienda para poder ver los avances del terreno. Esperamos que se pueda concretar pronto\u201d.<\/p>\n<\/div><\/section><\/div><div  style='height:50px' class='hr hr-invisible   avia-builder-el-6  el_after_av_one_full  el_before_av_social_share '><span class='hr-inner ' ><span class='hr-inner-style'><\/span><\/span><\/div><\/p>\n<div  class='av-social-sharing-box  avia-builder-el-7  el_after_av_hr  el_before_av_hr  '><div class='av-share-box'><h5 class='av-share-link-description av-no-toc '>Compartir esta noticia<\/h5><ul class='av-share-box-list noLightbox'><li class='av-share-link av-social-link-facebook' ><a target=\"_blank\" aria-label=\"Compartir en Facebook\" href='https:\/\/www.facebook.com\/sharer.php?u=https:\/\/radiorevelacionfm.cl\/?p=16717&#038;t=Diputado%20Calisto%20se%20re%C3%BAne%20con%20comit%C3%A9%20de%20El%20Blanco%20y%20reitera%20necesidad%20de%20potenciar%20localidades%20cercanas%20a%20Coyhaique' aria-hidden='false' data-av_icon='\ue8f3' data-av_iconfont='entypo-fontello' title='' data-avia-related-tooltip='Compartir en Facebook' rel=\"noopener\"><span class='avia_hidden_link_text'>Compartir en Facebook<\/span><\/a><\/li><li class='av-share-link av-social-link-twitter' ><a target=\"_blank\" aria-label=\"Compartir en Twitter\" href='https:\/\/twitter.com\/share?text=Diputado%20Calisto%20se%20re%C3%BAne%20con%20comit%C3%A9%20de%20El%20Blanco%20y%20reitera%20necesidad%20de%20potenciar%20localidades%20cercanas%20a%20Coyhaique&#038;url=https:\/\/radiorevelacionfm.cl\/?p=16717' aria-hidden='false' data-av_icon='\ue8f1' data-av_iconfont='entypo-fontello' title='' data-avia-related-tooltip='Compartir en Twitter' rel=\"noopener\"><span class='avia_hidden_link_text'>Compartir en Twitter<\/span><\/a><\/li><li class='av-share-link av-social-link-whatsapp' ><a target=\"_blank\" aria-label=\"Compartir en Whatsapp\" href='https:\/\/api.whatsapp.com\/send?text=https:\/\/radiorevelacionfm.cl\/?p=16717' aria-hidden='false' data-av_icon='\uf232' data-av_iconfont='entypo-fontello' title='' data-avia-related-tooltip='Compartir en Whatsapp' rel=\"noopener\"><span class='avia_hidden_link_text'>Compartir en Whatsapp<\/span><\/a><\/li><li class='av-share-link av-social-link-linkedin' ><a target=\"_blank\" aria-label=\"Compartir en LinkedIn\" href='https:\/\/linkedin.com\/shareArticle?mini=true&#038;title=Diputado%20Calisto%20se%20re%C3%BAne%20con%20comit%C3%A9%20de%20El%20Blanco%20y%20reitera%20necesidad%20de%20potenciar%20localidades%20cercanas%20a%20Coyhaique&#038;url=https:\/\/radiorevelacionfm.cl\/?p=16717' aria-hidden='false' data-av_icon='\ue8fc' data-av_iconfont='entypo-fontello' title='' data-avia-related-tooltip='Compartir en LinkedIn' rel=\"noopener\"><span class='avia_hidden_link_text'>Compartir en LinkedIn<\/span><\/a><\/li><li class='av-share-link av-social-link-mail' ><a  aria-label=\"Compartir por correo\" href='mailto:?subject=Diputado%20Calisto%20se%20re%C3%BAne%20con%20comit%C3%A9%20de%20El%20Blanco%20y%20reitera%20necesidad%20de%20potenciar%20localidades%20cercanas%20a%20Coyhaique&#038;body=https:\/\/radiorevelacionfm.cl\/?p=16717' aria-hidden='false' data-av_icon='\ue805' data-av_iconfont='entypo-fontello' title='' data-avia-related-tooltip='Compartir por correo'><span class='avia_hidden_link_text'>Compartir por correo<\/span><\/a><\/li><\/ul><\/div><\/div>\n<div  style='height:50px' class='hr hr-invisible   avia-builder-el-8  el_after_av_social_share  el_before_av_comments_list '><span class='hr-inner ' ><span class='hr-inner-style'><\/span><\/span><\/div>\n<div  class='av-buildercomment  av-blog-meta-html-info-disabled av-blog-meta-tag-disabled  '><\/div>\n","protected":false},"excerpt":{"rendered":"","protected":false},"author":1,"featured_media":16718,"comment_status":"open","ping_status":"open","sticky":false,"template":"","format":"standard","meta":{"footnotes":""},"categories":[35],"tags":[],"class_list":["post-16717","post","type-post","status-publish","format-standard","has-post-thumbnail","hentry","category-politica"],"jetpack_featured_media_url":"https:\/\/radiorevelacionfm.cl\/wp-content\/uploads\/2022\/05\/FB_IMG_1652221567363-1-1.jpg","_links":{"self":[{"href":"https:\/\/radiorevelacionfm.cl\/index.php?rest_route=\/wp\/v2\/posts\/16717","targetHints":{"allow":["GET"]}}],"collection":[{"href":"https:\/\/radiorevelacionfm.cl\/index.php?rest_route=\/wp\/v2\/posts"}],"about":[{"href":"https:\/\/radiorevelacionfm.cl\/index.php?rest_route=\/wp\/v2\/types\/post"}],"author":[{"embeddable":true,"href":"https:\/\/radiorevelacionfm.cl\/index.php?rest_route=\/wp\/v2\/users\/1"}],"replies":[{"embeddable":true,"href":"https:\/\/radiorevelacionfm.cl\/index.php?rest_route=%2Fwp%2Fv2%2Fcomments&post=16717"}],"version-history":[{"count":2,"href":"https:\/\/radiorevelacionfm.cl\/index.php?rest_route=\/wp\/v2\/posts\/16717\/revisions"}],"predecessor-version":[{"id":16720,"href":"https:\/\/radiorevelacionfm.cl\/index.php?rest_route=\/wp\/v2\/posts\/16717\/revisions\/16720"}],"wp:featuredmedia":[{"embeddable":true,"href":"https:\/\/radiorevelacionfm.cl\/index.php?rest_route=\/wp\/v2\/media\/16718"}],"wp:attachment":[{"href":"https:\/\/radiorevelacionfm.cl\/index.php?rest_route=%2Fwp%2Fv2%2Fmedia&parent=16717"}],"wp:term":[{"taxonomy":"category","embeddable":true,"href":"https:\/\/radiorevelacionfm.cl\/index.php?rest_route=%2Fwp%2Fv2%2Fcategories&post=16717"},{"taxonomy":"post_tag","embeddable":true,"href":"https:\/\/radiorevelacionfm.cl\/index.php?rest_route=%2Fwp%2Fv2%2Ftags&post=16717"}],"curies":[{"name":"wp","href":"https:\/\/api.w.org\/{rel}","templated":true}]}}