{"id":16713,"date":"2022-05-11T12:19:49","date_gmt":"2022-05-11T15:19:49","guid":{"rendered":"https:\/\/radiorevelacionfm.cl\/?p=16713"},"modified":"2022-05-11T12:19:49","modified_gmt":"2022-05-11T15:19:49","slug":"seguridad-publica-de-aysen-presenta-iniciativas-que-buscan-recuperar-y-mejorar-espacios-ciudadanos","status":"publish","type":"post","link":"https:\/\/radiorevelacionfm.cl\/?p=16713","title":{"rendered":"Seguridad Publica de Ays\u00e9n presenta iniciativas que buscan recuperar y mejorar espacios ciudadanos"},"content":{"rendered":"<div class=\"flex_column av_one_full  flex_column_div av-zero-column-padding first  avia-builder-el-0  el_before_av_one_full  avia-builder-el-first  \" style='border-radius:0px; '><div  class='avia-image-container  av-styling-    avia-builder-el-1  avia-builder-el-no-sibling  avia-align-center '  itemprop=\"image\" itemscope=\"itemscope\" itemtype=\"https:\/\/schema.org\/ImageObject\"  ><div class='avia-image-container-inner'><div class='avia-image-overlay-wrap'><img decoding=\"async\" class='wp-image-16714 avia-img-lazy-loading-not-16714 avia_image' src=\"https:\/\/radiorevelacionfm.cl\/wp-content\/uploads\/2022\/05\/MARCO-SEGURIDAD-P-1-1-1.jpg\" alt='' title='MARCO SEGURIDAD P 1 (1) (1)' height=\"600\" width=\"1096\"  itemprop=\"thumbnailUrl\" srcset=\"https:\/\/radiorevelacionfm.cl\/wp-content\/uploads\/2022\/05\/MARCO-SEGURIDAD-P-1-1-1.jpg 1096w, https:\/\/radiorevelacionfm.cl\/wp-content\/uploads\/2022\/05\/MARCO-SEGURIDAD-P-1-1-1-300x164.jpg 300w, https:\/\/radiorevelacionfm.cl\/wp-content\/uploads\/2022\/05\/MARCO-SEGURIDAD-P-1-1-1-1030x564.jpg 1030w, https:\/\/radiorevelacionfm.cl\/wp-content\/uploads\/2022\/05\/MARCO-SEGURIDAD-P-1-1-1-768x420.jpg 768w, https:\/\/radiorevelacionfm.cl\/wp-content\/uploads\/2022\/05\/MARCO-SEGURIDAD-P-1-1-1-705x386.jpg 705w, https:\/\/radiorevelacionfm.cl\/wp-content\/uploads\/2022\/05\/MARCO-SEGURIDAD-P-1-1-1-600x328.jpg 600w\" sizes=\"(max-width: 1096px) 100vw, 1096px\" \/><\/div><\/div><\/div><\/div><div class=\"flex_column av_one_full  flex_column_div av-zero-column-padding first  avia-builder-el-2  el_after_av_one_full  el_before_av_one_full  column-top-margin\" style='border-radius:0px; '><section class=\"av_textblock_section \"  itemscope=\"itemscope\" itemtype=\"https:\/\/schema.org\/BlogPosting\" itemprop=\"blogPost\" ><div class='avia_textblock  '   itemprop=\"text\" ><p style=\"text-align: center;\"><span style=\"font-size: 18pt;\"><strong>Seguridad Publica de Ays\u00e9n presenta iniciativas que buscan recuperar y mejorar espacios ciudadanos<\/strong><\/span><\/p>\n<div id=\"gtx-trans\" style=\"position: absolute; left: -50px; top: 4.31534px;\">\n<div class=\"gtx-trans-icon\"><\/div>\n<\/div>\n<\/div><\/section><\/div><div class=\"flex_column av_one_full  flex_column_div av-zero-column-padding first  avia-builder-el-4  el_after_av_one_full  el_before_av_hr  column-top-margin\" style='border-radius:0px; '><section class=\"av_textblock_section \"  itemscope=\"itemscope\" itemtype=\"https:\/\/schema.org\/BlogPosting\" itemprop=\"blogPost\" ><div class='avia_textblock  '   itemprop=\"text\" ><p style=\"text-align: justify;\">Desde la Direcci\u00f3n Municipal de Seguridad Publica de Ays\u00e9n, han elaborado una serie de proyectos tendientes a trabajar de manera efectiva este tema, atendiendo as\u00ed, requerimientos de algunos sectores de Puerto Ays\u00e9n y la necesidad de mejorar espacios que son utilizados por toda la comunidad.<\/p>\n<p style=\"text-align: justify;\">En ese sentido, el director de seguridad p\u00fablica, Marco Co\u00f1uecar, informaba, \u201chemos estado trabajando desde el d\u00eda uno en la formulaci\u00f3n de proyectos, en primera instancia, estamos a la espera de obtener los recursos de una iniciativa, que consiste en, c\u00e1maras de vigilancia para el sector del parque municipal junto a la mejora en la iluminaci\u00f3n. Tambi\u00e9n, en el \u00faltimo llamado del Gobierno Regional presentamos tres proyectos que esperamos tengan resultados positivos, ya logramos pasar la primera etapa que es la admisibilidad, donde tenemos iniciativas que buscan dotar de c\u00e1maras de seguridad a la Villa Patagonia, Camino Viejo y un proyecto muy importante en base a la prevenci\u00f3n de delitos sexuales\u201d.<\/p>\n<p style=\"text-align: justify;\">La idea es que, las iniciativas tendientes a trabajar desde las bases el tema de la seguridad p\u00fablica, se extiendan a todo el territorio de la comuna de Ays\u00e9n, recalc\u00f3, Marco Co\u00f1uecar.<\/p>\n<p style=\"text-align: justify;\">\u201cComo direcci\u00f3n de seguridad p\u00fablica, el Alcalde nos solicit\u00f3 comenzar con la formulaci\u00f3n de proyectos y en eso estamos, tratando de traer recursos para poder apoyar a los vecinos. Esta es una necesidad que est\u00e1 en los distintos sectores, es as\u00ed que, diariamente recibimos vecinos que nos solicitan el poder formular proyectos, estamos en esa mirada y hoy estamos trabajando en plan nacional de seguridad p\u00fablica, que es un fondo especial, donde esperamos traer recursos a la comuna. As\u00ed es que, en ese sentido estamos trabajando fuertemente y tambi\u00e9n este fin de semana viajamos a Puerto Aguirre, tenemos un operativo de fiscalizaci\u00f3n de tenencia responsable, vamos con nuestra veterinaria para ver desparasitaci\u00f3n y microchip, vamos como equipo completo a Islas Huichas para poder trabajar con los vecinos del sector\u201d.<\/p>\n<p style=\"text-align: justify;\">Finalmente, el director municipal de seguridad p\u00fablica, Marco Co\u00f1uecar, indic\u00f3 que desde el Municipio tambi\u00e9n se est\u00e1 trabajando fuertemente la convivencia vecinal y escolar.<\/p>\n<\/div><\/section><\/div><div  style='height:50px' class='hr hr-invisible   avia-builder-el-6  el_after_av_one_full  el_before_av_social_share '><span class='hr-inner ' ><span class='hr-inner-style'><\/span><\/span><\/div><\/p>\n<div  class='av-social-sharing-box  avia-builder-el-7  el_after_av_hr  el_before_av_hr  '><div class='av-share-box'><h5 class='av-share-link-description av-no-toc '>Compartir esta noticia<\/h5><ul class='av-share-box-list noLightbox'><li class='av-share-link av-social-link-facebook' ><a target=\"_blank\" aria-label=\"Compartir en Facebook\" href='https:\/\/www.facebook.com\/sharer.php?u=https:\/\/radiorevelacionfm.cl\/?p=16713&#038;t=Seguridad%20Publica%20de%20Ays%C3%A9n%20presenta%20iniciativas%20que%20buscan%20recuperar%20y%20mejorar%20espacios%20ciudadanos' aria-hidden='false' data-av_icon='\ue8f3' data-av_iconfont='entypo-fontello' title='' data-avia-related-tooltip='Compartir en Facebook' rel=\"noopener\"><span class='avia_hidden_link_text'>Compartir en Facebook<\/span><\/a><\/li><li class='av-share-link av-social-link-twitter' ><a target=\"_blank\" aria-label=\"Compartir en Twitter\" href='https:\/\/twitter.com\/share?text=Seguridad%20Publica%20de%20Ays%C3%A9n%20presenta%20iniciativas%20que%20buscan%20recuperar%20y%20mejorar%20espacios%20ciudadanos&#038;url=https:\/\/radiorevelacionfm.cl\/?p=16713' aria-hidden='false' data-av_icon='\ue8f1' data-av_iconfont='entypo-fontello' title='' data-avia-related-tooltip='Compartir en Twitter' rel=\"noopener\"><span class='avia_hidden_link_text'>Compartir en Twitter<\/span><\/a><\/li><li class='av-share-link av-social-link-whatsapp' ><a target=\"_blank\" aria-label=\"Compartir en Whatsapp\" href='https:\/\/api.whatsapp.com\/send?text=https:\/\/radiorevelacionfm.cl\/?p=16713' aria-hidden='false' data-av_icon='\uf232' data-av_iconfont='entypo-fontello' title='' data-avia-related-tooltip='Compartir en Whatsapp' rel=\"noopener\"><span class='avia_hidden_link_text'>Compartir en Whatsapp<\/span><\/a><\/li><li class='av-share-link av-social-link-linkedin' ><a target=\"_blank\" aria-label=\"Compartir en LinkedIn\" href='https:\/\/linkedin.com\/shareArticle?mini=true&#038;title=Seguridad%20Publica%20de%20Ays%C3%A9n%20presenta%20iniciativas%20que%20buscan%20recuperar%20y%20mejorar%20espacios%20ciudadanos&#038;url=https:\/\/radiorevelacionfm.cl\/?p=16713' aria-hidden='false' data-av_icon='\ue8fc' data-av_iconfont='entypo-fontello' title='' data-avia-related-tooltip='Compartir en LinkedIn' rel=\"noopener\"><span class='avia_hidden_link_text'>Compartir en LinkedIn<\/span><\/a><\/li><li class='av-share-link av-social-link-mail' ><a  aria-label=\"Compartir por correo\" href='mailto:?subject=Seguridad%20Publica%20de%20Ays%C3%A9n%20presenta%20iniciativas%20que%20buscan%20recuperar%20y%20mejorar%20espacios%20ciudadanos&#038;body=https:\/\/radiorevelacionfm.cl\/?p=16713' aria-hidden='false' data-av_icon='\ue805' data-av_iconfont='entypo-fontello' title='' data-avia-related-tooltip='Compartir por correo'><span class='avia_hidden_link_text'>Compartir por correo<\/span><\/a><\/li><\/ul><\/div><\/div>\n<div  style='height:50px' class='hr hr-invisible   avia-builder-el-8  el_after_av_social_share  el_before_av_comments_list '><span class='hr-inner ' ><span class='hr-inner-style'><\/span><\/span><\/div>\n<div  class='av-buildercomment  av-blog-meta-html-info-disabled av-blog-meta-tag-disabled  '><\/div>\n","protected":false},"excerpt":{"rendered":"","protected":false},"author":1,"featured_media":16714,"comment_status":"open","ping_status":"open","sticky":false,"template":"","format":"standard","meta":{"footnotes":""},"categories":[38,1],"tags":[],"class_list":["post-16713","post","type-post","status-publish","format-standard","has-post-thumbnail","hentry","category-regional","category-sin-categoria"],"jetpack_featured_media_url":"https:\/\/radiorevelacionfm.cl\/wp-content\/uploads\/2022\/05\/MARCO-SEGURIDAD-P-1-1-1.jpg","_links":{"self":[{"href":"https:\/\/radiorevelacionfm.cl\/index.php?rest_route=\/wp\/v2\/posts\/16713","targetHints":{"allow":["GET"]}}],"collection":[{"href":"https:\/\/radiorevelacionfm.cl\/index.php?rest_route=\/wp\/v2\/posts"}],"about":[{"href":"https:\/\/radiorevelacionfm.cl\/index.php?rest_route=\/wp\/v2\/types\/post"}],"author":[{"embeddable":true,"href":"https:\/\/radiorevelacionfm.cl\/index.php?rest_route=\/wp\/v2\/users\/1"}],"replies":[{"embeddable":true,"href":"https:\/\/radiorevelacionfm.cl\/index.php?rest_route=%2Fwp%2Fv2%2Fcomments&post=16713"}],"version-history":[{"count":2,"href":"https:\/\/radiorevelacionfm.cl\/index.php?rest_route=\/wp\/v2\/posts\/16713\/revisions"}],"predecessor-version":[{"id":16726,"href":"https:\/\/radiorevelacionfm.cl\/index.php?rest_route=\/wp\/v2\/posts\/16713\/revisions\/16726"}],"wp:featuredmedia":[{"embeddable":true,"href":"https:\/\/radiorevelacionfm.cl\/index.php?rest_route=\/wp\/v2\/media\/16714"}],"wp:attachment":[{"href":"https:\/\/radiorevelacionfm.cl\/index.php?rest_route=%2Fwp%2Fv2%2Fmedia&parent=16713"}],"wp:term":[{"taxonomy":"category","embeddable":true,"href":"https:\/\/radiorevelacionfm.cl\/index.php?rest_route=%2Fwp%2Fv2%2Fcategories&post=16713"},{"taxonomy":"post_tag","embeddable":true,"href":"https:\/\/radiorevelacionfm.cl\/index.php?rest_route=%2Fwp%2Fv2%2Ftags&post=16713"}],"curies":[{"name":"wp","href":"https:\/\/api.w.org\/{rel}","templated":true}]}}