{"id":16709,"date":"2022-05-10T19:03:17","date_gmt":"2022-05-10T22:03:17","guid":{"rendered":"https:\/\/radiorevelacionfm.cl\/?p=16709"},"modified":"2022-05-10T19:03:17","modified_gmt":"2022-05-10T22:03:17","slug":"seremi-de-educacion-isabel-garrido-queremos-acompanar-a-nuestras-comunidades-educativas-para-construir-buena-convivencia-escolar-y-una-educacion-no-sexista-sin-violencia-de-genero","status":"publish","type":"post","link":"https:\/\/radiorevelacionfm.cl\/?p=16709","title":{"rendered":"Seremi de Educaci\u00f3n Isabel Garrido  \u00abQueremos acompa\u00f1ar a nuestras comunidades educativas para construir buena convivencia escolar y una Educaci\u00f3n No Sexista sin violencia de g\u00e9nero\u00bb"},"content":{"rendered":"<div class=\"flex_column av_one_full  flex_column_div av-zero-column-padding first  avia-builder-el-0  el_before_av_one_full  avia-builder-el-first  \" style='border-radius:0px; '><div  class='avia-image-container  av-styling-    avia-builder-el-1  avia-builder-el-no-sibling  avia-align-center '  itemprop=\"image\" itemscope=\"itemscope\" itemtype=\"https:\/\/schema.org\/ImageObject\"  ><div class='avia-image-container-inner'><div class='avia-image-overlay-wrap'><img decoding=\"async\" class='wp-image-16710 avia-img-lazy-loading-not-16710 avia_image' src=\"https:\/\/radiorevelacionfm.cl\/wp-content\/uploads\/2022\/05\/seremi-Isabel-Garrido-2-1-1.jpeg\" alt='' title='seremi Isabel Garrido (2) (1) (1)' height=\"600\" width=\"800\"  itemprop=\"thumbnailUrl\" srcset=\"https:\/\/radiorevelacionfm.cl\/wp-content\/uploads\/2022\/05\/seremi-Isabel-Garrido-2-1-1.jpeg 800w, https:\/\/radiorevelacionfm.cl\/wp-content\/uploads\/2022\/05\/seremi-Isabel-Garrido-2-1-1-300x225.jpeg 300w, https:\/\/radiorevelacionfm.cl\/wp-content\/uploads\/2022\/05\/seremi-Isabel-Garrido-2-1-1-768x576.jpeg 768w, https:\/\/radiorevelacionfm.cl\/wp-content\/uploads\/2022\/05\/seremi-Isabel-Garrido-2-1-1-705x529.jpeg 705w, https:\/\/radiorevelacionfm.cl\/wp-content\/uploads\/2022\/05\/seremi-Isabel-Garrido-2-1-1-600x450.jpeg 600w\" sizes=\"(max-width: 800px) 100vw, 800px\" \/><\/div><\/div><\/div><\/div><div class=\"flex_column av_one_full  flex_column_div av-zero-column-padding first  avia-builder-el-2  el_after_av_one_full  el_before_av_one_full  column-top-margin\" style='border-radius:0px; '><section class=\"av_textblock_section \"  itemscope=\"itemscope\" itemtype=\"https:\/\/schema.org\/BlogPosting\" itemprop=\"blogPost\" ><div class='avia_textblock  '   itemprop=\"text\" ><p class=\"v1MsoNormal\" style=\"text-align: center;\" align=\"center\"><span style=\"font-size: 18pt;\"><b>Seremi de Educaci\u00f3n Isabel Garrido:\u00a0<\/b><b>\u00abQueremos acompa\u00f1ar a nuestras comunidades educativas para construir buena convivencia escolar y una Educaci\u00f3n No Sexista sin violencia de g\u00e9nero\u00bb<\/b><\/span><\/p>\n<div id=\"gtx-trans\" style=\"position: absolute; left: -50px; top: 4.31534px;\">\n<div class=\"gtx-trans-icon\"><\/div>\n<\/div>\n<\/div><\/section><\/div><div class=\"flex_column av_one_full  flex_column_div av-zero-column-padding first  avia-builder-el-4  el_after_av_one_full  el_before_av_hr  column-top-margin\" style='border-radius:0px; '><section class=\"av_textblock_section \"  itemscope=\"itemscope\" itemtype=\"https:\/\/schema.org\/BlogPosting\" itemprop=\"blogPost\" ><div class='avia_textblock  '   itemprop=\"text\" ><p class=\"v1MsoNormal\" style=\"text-align: justify;\">La Seremi de Educaci\u00f3n de Ays\u00e9n Isabel Garrido Casassa, frente a los \u00faltimos hechos ocurridos en el Liceo Ra\u00fal Broussain Campino de Puerto Ays\u00e9n, tom\u00f3 contacto con el director del establecimiento para requerir antecedentes de lo sucedido.<\/p>\n<p class=\"v1MsoNormal\" style=\"text-align: justify;\">\u00abComo Gobierno y como Ministerio de Educaci\u00f3n consideramos que es una denuncia grave, que se est\u00e1 investigando tanto por la Superintendencia de Educaci\u00f3n y por las autoridades policiales, para determinar la eventual comisi\u00f3n de delitos. Frente a ello nuestro deber es acompa\u00f1ar a la comunidad educativa entregando las herramientas para la resoluci\u00f3n de conflictos entre sus integrantes a trav\u00e9s del di\u00e1logo y la reflexi\u00f3n y as\u00ed lo estamos haciendo. Para nosotros la violencia se enfrenta con m\u00e1s educaci\u00f3n\u00bb.<\/p>\n<p class=\"v1MsoNormal\" style=\"text-align: justify;\">Isabel Garrido detall\u00f3 que el Ministerio de Educaci\u00f3n tiene una estrategia de Bienestar y Convivencia Escolar\u00a0<span lang=\"ES\">que busca aportar al cuidado y el reencuentro de las familias, ni\u00f1os, ni\u00f1as y adolescentes, en el retorno a la presencialidad y es lo que se ha estado implementando en estos d\u00edas en gran parte de los establecimientos del pa\u00eds.<\/span><\/p>\n<p class=\"v1MsoNormal\" style=\"text-align: justify;\"><span lang=\"ES\">Adicionalmente en la regi\u00f3n, como sector educaci\u00f3n participamos en una\u00a0 mesa de trabajo convocada por el Ministerio de la Mujer y Equidad de G\u00e9nero\u00a0 para promover en los establecimientos la Educaci\u00f3n No Sexista. El objetivo de esta instancia es abrir espacios de di\u00e1logo y encuentro e iniciar un proceso de sensibilizaci\u00f3n ante pr\u00e1cticas sexistas, para fomentar relaciones de igualdad y respeto y restaurar las confianzas entre las comunidades educativas.<\/span><\/p>\n<p class=\"v1MsoNormal\" style=\"text-align: justify;\"><span lang=\"ES\">\u00abFrente a lo ocurrido en el Liceo Ra\u00fal Broussain esta mesa sesion\u00f3 en forma extraordinaria para apoyar a los establecimientos educacionales capacitando a sus equipos para que puedan prevenir o hacer frente a situaciones de violencia de g\u00e9nero y vulneraci\u00f3n de derechos. Adem\u00e1s en la regi\u00f3n, junto con la Supereduc estamos analizando datos regionales para hacer visitas especializadas de acompa\u00f1amiento a establecimientos que presentan mayores desaf\u00edos y estamos organizando encuentros interescolares sobre convivencia escolar y educaci\u00f3n no sexista, entre otras acciones. La respuesta a la violencia siempre es m\u00e1s educaci\u00f3n, m\u00e1s di\u00e1logo, m\u00e1s trabajo socioemocional\u00bb.\u00a0<\/span><\/p>\n<p class=\"v1MsoNormal\" style=\"text-align: justify;\"><span lang=\"ES\">La autoridad sectorial formul\u00f3 un llamado a las comunidades educativas a sumarse a la estrategia de Bienestar y Convivencia Escolar del Mineduc, organizando jornadas de di\u00e1logo y reflexi\u00f3n.<\/span><\/p>\n<p class=\"v1MsoNormal\" style=\"text-align: justify;\"><span lang=\"ES\">\u00a0<\/span><span lang=\"ES\">\u00abComo autoridades regionales lideradas por el Delegado Presidencial Regional Rodrigo Araya reiteramos toda nuestra disposici\u00f3n a escuchar las demandas de la comunidad y trabajaremos para abordarlas y resolverlas en conjunto y esa l\u00ednea de acci\u00f3n es la que gu\u00eda nuestra gesti\u00f3n\u00bb.<\/span><\/p>\n<\/div><\/section><\/div><div  style='height:50px' class='hr hr-invisible   avia-builder-el-6  el_after_av_one_full  el_before_av_social_share '><span class='hr-inner ' ><span class='hr-inner-style'><\/span><\/span><\/div><\/p>\n<div  class='av-social-sharing-box  avia-builder-el-7  el_after_av_hr  el_before_av_hr  '><div class='av-share-box'><h5 class='av-share-link-description av-no-toc '>Compartir esta noticia<\/h5><ul class='av-share-box-list noLightbox'><li class='av-share-link av-social-link-facebook' ><a target=\"_blank\" aria-label=\"Compartir en Facebook\" href='https:\/\/www.facebook.com\/sharer.php?u=https:\/\/radiorevelacionfm.cl\/?p=16709&#038;t=Seremi%20de%20Educaci%C3%B3n%20Isabel%20Garrido%20%20%C2%ABQueremos%20acompa%C3%B1ar%20a%20nuestras%20comunidades%20educativas%20para%20construir%20buena%20convivencia%20escolar%20y%20una%20Educaci%C3%B3n%20No%20Sexista%20sin%20violencia%20de%20g%C3%A9nero%C2%BB' aria-hidden='false' data-av_icon='\ue8f3' data-av_iconfont='entypo-fontello' title='' data-avia-related-tooltip='Compartir en Facebook' rel=\"noopener\"><span class='avia_hidden_link_text'>Compartir en Facebook<\/span><\/a><\/li><li class='av-share-link av-social-link-twitter' ><a target=\"_blank\" aria-label=\"Compartir en Twitter\" href='https:\/\/twitter.com\/share?text=Seremi%20de%20Educaci%C3%B3n%20Isabel%20Garrido%20%20%C2%ABQueremos%20acompa%C3%B1ar%20a%20nuestras%20comunidades%20educativas%20para%20construir%20buena%20convivencia%20escolar%20y%20una%20Educaci%C3%B3n%20No%20Sexista%20sin%20violencia%20de%20g%C3%A9nero%C2%BB&#038;url=https:\/\/radiorevelacionfm.cl\/?p=16709' aria-hidden='false' data-av_icon='\ue8f1' data-av_iconfont='entypo-fontello' title='' data-avia-related-tooltip='Compartir en Twitter' rel=\"noopener\"><span class='avia_hidden_link_text'>Compartir en Twitter<\/span><\/a><\/li><li class='av-share-link av-social-link-whatsapp' ><a target=\"_blank\" aria-label=\"Compartir en Whatsapp\" href='https:\/\/api.whatsapp.com\/send?text=https:\/\/radiorevelacionfm.cl\/?p=16709' aria-hidden='false' data-av_icon='\uf232' data-av_iconfont='entypo-fontello' title='' data-avia-related-tooltip='Compartir en Whatsapp' rel=\"noopener\"><span class='avia_hidden_link_text'>Compartir en Whatsapp<\/span><\/a><\/li><li class='av-share-link av-social-link-linkedin' ><a target=\"_blank\" aria-label=\"Compartir en LinkedIn\" href='https:\/\/linkedin.com\/shareArticle?mini=true&#038;title=Seremi%20de%20Educaci%C3%B3n%20Isabel%20Garrido%20%20%C2%ABQueremos%20acompa%C3%B1ar%20a%20nuestras%20comunidades%20educativas%20para%20construir%20buena%20convivencia%20escolar%20y%20una%20Educaci%C3%B3n%20No%20Sexista%20sin%20violencia%20de%20g%C3%A9nero%C2%BB&#038;url=https:\/\/radiorevelacionfm.cl\/?p=16709' aria-hidden='false' data-av_icon='\ue8fc' data-av_iconfont='entypo-fontello' title='' data-avia-related-tooltip='Compartir en LinkedIn' rel=\"noopener\"><span class='avia_hidden_link_text'>Compartir en LinkedIn<\/span><\/a><\/li><li class='av-share-link av-social-link-mail' ><a  aria-label=\"Compartir por correo\" href='mailto:?subject=Seremi%20de%20Educaci%C3%B3n%20Isabel%20Garrido%20%20%C2%ABQueremos%20acompa%C3%B1ar%20a%20nuestras%20comunidades%20educativas%20para%20construir%20buena%20convivencia%20escolar%20y%20una%20Educaci%C3%B3n%20No%20Sexista%20sin%20violencia%20de%20g%C3%A9nero%C2%BB&#038;body=https:\/\/radiorevelacionfm.cl\/?p=16709' aria-hidden='false' data-av_icon='\ue805' data-av_iconfont='entypo-fontello' title='' data-avia-related-tooltip='Compartir por correo'><span class='avia_hidden_link_text'>Compartir por correo<\/span><\/a><\/li><\/ul><\/div><\/div>\n<div  style='height:50px' class='hr hr-invisible   avia-builder-el-8  el_after_av_social_share  el_before_av_comments_list '><span class='hr-inner ' ><span class='hr-inner-style'><\/span><\/span><\/div>\n<div  class='av-buildercomment  av-blog-meta-html-info-disabled av-blog-meta-tag-disabled  '><\/div>\n","protected":false},"excerpt":{"rendered":"","protected":false},"author":1,"featured_media":16710,"comment_status":"open","ping_status":"open","sticky":false,"template":"","format":"standard","meta":{"footnotes":""},"categories":[49,38],"tags":[],"class_list":["post-16709","post","type-post","status-publish","format-standard","has-post-thumbnail","hentry","category-educacion","category-regional"],"jetpack_featured_media_url":"https:\/\/radiorevelacionfm.cl\/wp-content\/uploads\/2022\/05\/seremi-Isabel-Garrido-2-1-1.jpeg","_links":{"self":[{"href":"https:\/\/radiorevelacionfm.cl\/index.php?rest_route=\/wp\/v2\/posts\/16709","targetHints":{"allow":["GET"]}}],"collection":[{"href":"https:\/\/radiorevelacionfm.cl\/index.php?rest_route=\/wp\/v2\/posts"}],"about":[{"href":"https:\/\/radiorevelacionfm.cl\/index.php?rest_route=\/wp\/v2\/types\/post"}],"author":[{"embeddable":true,"href":"https:\/\/radiorevelacionfm.cl\/index.php?rest_route=\/wp\/v2\/users\/1"}],"replies":[{"embeddable":true,"href":"https:\/\/radiorevelacionfm.cl\/index.php?rest_route=%2Fwp%2Fv2%2Fcomments&post=16709"}],"version-history":[{"count":2,"href":"https:\/\/radiorevelacionfm.cl\/index.php?rest_route=\/wp\/v2\/posts\/16709\/revisions"}],"predecessor-version":[{"id":16712,"href":"https:\/\/radiorevelacionfm.cl\/index.php?rest_route=\/wp\/v2\/posts\/16709\/revisions\/16712"}],"wp:featuredmedia":[{"embeddable":true,"href":"https:\/\/radiorevelacionfm.cl\/index.php?rest_route=\/wp\/v2\/media\/16710"}],"wp:attachment":[{"href":"https:\/\/radiorevelacionfm.cl\/index.php?rest_route=%2Fwp%2Fv2%2Fmedia&parent=16709"}],"wp:term":[{"taxonomy":"category","embeddable":true,"href":"https:\/\/radiorevelacionfm.cl\/index.php?rest_route=%2Fwp%2Fv2%2Fcategories&post=16709"},{"taxonomy":"post_tag","embeddable":true,"href":"https:\/\/radiorevelacionfm.cl\/index.php?rest_route=%2Fwp%2Fv2%2Ftags&post=16709"}],"curies":[{"name":"wp","href":"https:\/\/api.w.org\/{rel}","templated":true}]}}