{"id":16704,"date":"2022-05-10T18:41:32","date_gmt":"2022-05-10T21:41:32","guid":{"rendered":"https:\/\/radiorevelacionfm.cl\/?p=16704"},"modified":"2022-05-10T18:41:32","modified_gmt":"2022-05-10T21:41:32","slug":"diputada-marcia-raphael-exigimos-igualdad-para-las-mujeres-de-aysen","status":"publish","type":"post","link":"https:\/\/radiorevelacionfm.cl\/?p=16704","title":{"rendered":"Diputada Marcia Raphael: \u201cExigimos igualdad para las mujeres de Ays\u00e9n\u201d"},"content":{"rendered":"<div class=\"flex_column av_one_full  flex_column_div av-zero-column-padding first  avia-builder-el-0  el_before_av_one_full  avia-builder-el-first  \" style='border-radius:0px; '><div  class='avia-image-container  av-styling-    avia-builder-el-1  avia-builder-el-no-sibling  avia-align-center '  itemprop=\"image\" itemscope=\"itemscope\" itemtype=\"https:\/\/schema.org\/ImageObject\"  ><div class='avia-image-container-inner'><div class='avia-image-overlay-wrap'><img decoding=\"async\" class='wp-image-16705 avia-img-lazy-loading-not-16705 avia_image' src=\"https:\/\/radiorevelacionfm.cl\/wp-content\/uploads\/2022\/05\/DIPUTADAMARCIAR-1-1.jpeg\" alt='' title='DIPUTADAMARCIAR (1) (1)' height=\"600\" width=\"800\"  itemprop=\"thumbnailUrl\" srcset=\"https:\/\/radiorevelacionfm.cl\/wp-content\/uploads\/2022\/05\/DIPUTADAMARCIAR-1-1.jpeg 800w, https:\/\/radiorevelacionfm.cl\/wp-content\/uploads\/2022\/05\/DIPUTADAMARCIAR-1-1-300x225.jpeg 300w, https:\/\/radiorevelacionfm.cl\/wp-content\/uploads\/2022\/05\/DIPUTADAMARCIAR-1-1-768x576.jpeg 768w, https:\/\/radiorevelacionfm.cl\/wp-content\/uploads\/2022\/05\/DIPUTADAMARCIAR-1-1-705x529.jpeg 705w, https:\/\/radiorevelacionfm.cl\/wp-content\/uploads\/2022\/05\/DIPUTADAMARCIAR-1-1-600x450.jpeg 600w\" sizes=\"(max-width: 800px) 100vw, 800px\" \/><\/div><\/div><\/div><\/div><div class=\"flex_column av_one_full  flex_column_div av-zero-column-padding first  avia-builder-el-2  el_after_av_one_full  el_before_av_one_full  column-top-margin\" style='border-radius:0px; '><section class=\"av_textblock_section \"  itemscope=\"itemscope\" itemtype=\"https:\/\/schema.org\/BlogPosting\" itemprop=\"blogPost\" ><div class='avia_textblock  '   itemprop=\"text\" ><p style=\"text-align: center;\"><strong><span style=\"font-size: 18pt;\">Diputada Marcia Raphael: \u201cExigimos igualdad para las mujeres de Ays\u00e9n\u201d<\/span><\/strong><\/p>\n<div id=\"gtx-trans\" style=\"position: absolute; left: -50px; top: 4.31534px;\">\n<div class=\"gtx-trans-icon\"><\/div>\n<\/div>\n<\/div><\/section><\/div><div class=\"flex_column av_one_full  flex_column_div av-zero-column-padding first  avia-builder-el-4  el_after_av_one_full  el_before_av_hr  column-top-margin\" style='border-radius:0px; '><section class=\"av_textblock_section \"  itemscope=\"itemscope\" itemtype=\"https:\/\/schema.org\/BlogPosting\" itemprop=\"blogPost\" ><div class='avia_textblock  '   itemprop=\"text\" ><p style=\"text-align: justify;\">En las dependencias del Congreso Nacional de Chile, la Diputada Marcia Raphael, entreg\u00f3 una minuta explicativa a la Ministra de Salud Mar\u00eda Bego\u00f1a Yarza, frente a la realidad que viven las madres de las distintas localidades y comunas de la regi\u00f3n de Ays\u00e9n, que deben trasladarse a la capital regional en Coyhaique para finalizar su etapa de gestaci\u00f3n.<\/p>\n<p style=\"text-align: justify;\">En este sentido, la legisladora por Ays\u00e9n detall\u00f3 \u201clo que le estamos pidiendo a la ministra, es insistir en una soluci\u00f3n demandada por mujeres de distintas comunas de la regi\u00f3n para dotar de equipos y profesionales, a hospitales como por ejemplo, el de Puerto Ays\u00e9n, recinto de mediana complejidad que se encuentra ad portas de inaugurar la Unidad de Tratamientos Intensivos UTI, por lo que al contar con los profesionales del \u00e1rea de maternidad, lograr\u00eda evitar el traslado a Coyhaique, lo que por cierto, genera un alto costo econ\u00f3mico y emocional. Pues una mujer al momento de ser madre, lo \u00fanico que necesita es estar c\u00f3moda y rodeada de sus seres queridos\u201d.<\/p>\n<p style=\"text-align: justify;\">En lo expuesto por la Diputada Raphael, hizo menci\u00f3n a la dificultad de madres que habitan sectores a m\u00e1s de 10 horas de la capital regional, como es el caso de las localidades de Ra\u00fal Mar\u00edn Balmaceda o Villa O\u2019Higgins, que deben viajar por caminos de ripio y uso de transbordadores, donde adem\u00e1s deben abandonar sus hogares a los 7 u 8 meses de embarazo, lejos de sus familias, solas y generando importantes gastos de permanencia en Coyhaique.<\/p>\n<p style=\"text-align: justify;\">A raz\u00f3n de ello, la legisladora agreg\u00f3 \u201chicimos llegar a la ministra una minuta con una serie de propuestas para colaborar en esta materia, que van mucho m\u00e1s all\u00e1 de la residencia de la mujer campesina que actualmente funciona en la ciudad de Coyhaique\u201d.<\/p>\n<p style=\"text-align: justify;\">De acuerdo con esto, las propuestas realizadas por la legisladora representante del distrito 27 de la regi\u00f3n de Ays\u00e9n, tienen que ver con un programa de asistencia financiado por el Estado para mujeres en gestaci\u00f3n que deben viajar a Coyhaique para tener a sus hijos. Un programa de acompa\u00f1amiento completo, que permita monitorear de manera continua el proceso de embarazo de las mujeres de las distintas localidades de la regi\u00f3n y que incorpore un apoyo en cuanto a traslado, mantenci\u00f3n y estad\u00eda en la capital regional. Adem\u00e1s, rondas peri\u00f3dicas de profesionales especialistas en maternidad, obstetricia y ginecolog\u00eda, para los hospitales de baja complejidad en Cochrane, Chile Chico y Puerto Cisnes.<\/p>\n<p style=\"text-align: justify;\">\u201cLe entregamos la propuesta al Gobierno y ahora ellos tienen la posibilidad y el poder para cambiarle la vida a miles de mujeres que lo \u00fanico que buscan es tranquilidad en uno de los momentos m\u00e1s preciosos de la vida, que es traer a nuestros hijos al mundo\u201d, finaliz\u00f3 la Diputada Marcia Raphael.<\/p>\n<\/div><\/section><\/div><div  style='height:50px' class='hr hr-invisible   avia-builder-el-6  el_after_av_one_full  el_before_av_social_share '><span class='hr-inner ' ><span class='hr-inner-style'><\/span><\/span><\/div><\/p>\n<div  class='av-social-sharing-box  avia-builder-el-7  el_after_av_hr  el_before_av_hr  '><div class='av-share-box'><h5 class='av-share-link-description av-no-toc '>Compartir esta noticia<\/h5><ul class='av-share-box-list noLightbox'><li class='av-share-link av-social-link-facebook' ><a target=\"_blank\" aria-label=\"Compartir en Facebook\" href='https:\/\/www.facebook.com\/sharer.php?u=https:\/\/radiorevelacionfm.cl\/?p=16704&#038;t=Diputada%20Marcia%20Raphael%3A%20%E2%80%9CExigimos%20igualdad%20para%20las%20mujeres%20de%20Ays%C3%A9n%E2%80%9D' aria-hidden='false' data-av_icon='\ue8f3' data-av_iconfont='entypo-fontello' title='' data-avia-related-tooltip='Compartir en Facebook' rel=\"noopener\"><span class='avia_hidden_link_text'>Compartir en Facebook<\/span><\/a><\/li><li class='av-share-link av-social-link-twitter' ><a target=\"_blank\" aria-label=\"Compartir en Twitter\" href='https:\/\/twitter.com\/share?text=Diputada%20Marcia%20Raphael%3A%20%E2%80%9CExigimos%20igualdad%20para%20las%20mujeres%20de%20Ays%C3%A9n%E2%80%9D&#038;url=https:\/\/radiorevelacionfm.cl\/?p=16704' aria-hidden='false' data-av_icon='\ue8f1' data-av_iconfont='entypo-fontello' title='' data-avia-related-tooltip='Compartir en Twitter' rel=\"noopener\"><span class='avia_hidden_link_text'>Compartir en Twitter<\/span><\/a><\/li><li class='av-share-link av-social-link-whatsapp' ><a target=\"_blank\" aria-label=\"Compartir en Whatsapp\" href='https:\/\/api.whatsapp.com\/send?text=https:\/\/radiorevelacionfm.cl\/?p=16704' aria-hidden='false' data-av_icon='\uf232' data-av_iconfont='entypo-fontello' title='' data-avia-related-tooltip='Compartir en Whatsapp' rel=\"noopener\"><span class='avia_hidden_link_text'>Compartir en Whatsapp<\/span><\/a><\/li><li class='av-share-link av-social-link-linkedin' ><a target=\"_blank\" aria-label=\"Compartir en LinkedIn\" href='https:\/\/linkedin.com\/shareArticle?mini=true&#038;title=Diputada%20Marcia%20Raphael%3A%20%E2%80%9CExigimos%20igualdad%20para%20las%20mujeres%20de%20Ays%C3%A9n%E2%80%9D&#038;url=https:\/\/radiorevelacionfm.cl\/?p=16704' aria-hidden='false' data-av_icon='\ue8fc' data-av_iconfont='entypo-fontello' title='' data-avia-related-tooltip='Compartir en LinkedIn' rel=\"noopener\"><span class='avia_hidden_link_text'>Compartir en LinkedIn<\/span><\/a><\/li><li class='av-share-link av-social-link-mail' ><a  aria-label=\"Compartir por correo\" href='mailto:?subject=Diputada%20Marcia%20Raphael%3A%20%E2%80%9CExigimos%20igualdad%20para%20las%20mujeres%20de%20Ays%C3%A9n%E2%80%9D&#038;body=https:\/\/radiorevelacionfm.cl\/?p=16704' aria-hidden='false' data-av_icon='\ue805' data-av_iconfont='entypo-fontello' title='' data-avia-related-tooltip='Compartir por correo'><span class='avia_hidden_link_text'>Compartir por correo<\/span><\/a><\/li><\/ul><\/div><\/div>\n<div  style='height:50px' class='hr hr-invisible   avia-builder-el-8  el_after_av_social_share  el_before_av_comments_list '><span class='hr-inner ' ><span class='hr-inner-style'><\/span><\/span><\/div>\n<div  class='av-buildercomment  av-blog-meta-html-info-disabled av-blog-meta-tag-disabled  '><\/div>\n","protected":false},"excerpt":{"rendered":"","protected":false},"author":1,"featured_media":16705,"comment_status":"open","ping_status":"open","sticky":false,"template":"","format":"standard","meta":{"footnotes":""},"categories":[35],"tags":[],"class_list":["post-16704","post","type-post","status-publish","format-standard","has-post-thumbnail","hentry","category-politica"],"jetpack_featured_media_url":"https:\/\/radiorevelacionfm.cl\/wp-content\/uploads\/2022\/05\/DIPUTADAMARCIAR-1-1.jpeg","_links":{"self":[{"href":"https:\/\/radiorevelacionfm.cl\/index.php?rest_route=\/wp\/v2\/posts\/16704","targetHints":{"allow":["GET"]}}],"collection":[{"href":"https:\/\/radiorevelacionfm.cl\/index.php?rest_route=\/wp\/v2\/posts"}],"about":[{"href":"https:\/\/radiorevelacionfm.cl\/index.php?rest_route=\/wp\/v2\/types\/post"}],"author":[{"embeddable":true,"href":"https:\/\/radiorevelacionfm.cl\/index.php?rest_route=\/wp\/v2\/users\/1"}],"replies":[{"embeddable":true,"href":"https:\/\/radiorevelacionfm.cl\/index.php?rest_route=%2Fwp%2Fv2%2Fcomments&post=16704"}],"version-history":[{"count":2,"href":"https:\/\/radiorevelacionfm.cl\/index.php?rest_route=\/wp\/v2\/posts\/16704\/revisions"}],"predecessor-version":[{"id":16707,"href":"https:\/\/radiorevelacionfm.cl\/index.php?rest_route=\/wp\/v2\/posts\/16704\/revisions\/16707"}],"wp:featuredmedia":[{"embeddable":true,"href":"https:\/\/radiorevelacionfm.cl\/index.php?rest_route=\/wp\/v2\/media\/16705"}],"wp:attachment":[{"href":"https:\/\/radiorevelacionfm.cl\/index.php?rest_route=%2Fwp%2Fv2%2Fmedia&parent=16704"}],"wp:term":[{"taxonomy":"category","embeddable":true,"href":"https:\/\/radiorevelacionfm.cl\/index.php?rest_route=%2Fwp%2Fv2%2Fcategories&post=16704"},{"taxonomy":"post_tag","embeddable":true,"href":"https:\/\/radiorevelacionfm.cl\/index.php?rest_route=%2Fwp%2Fv2%2Ftags&post=16704"}],"curies":[{"name":"wp","href":"https:\/\/api.w.org\/{rel}","templated":true}]}}