{"id":16701,"date":"2022-05-10T18:47:07","date_gmt":"2022-05-10T21:47:07","guid":{"rendered":"https:\/\/radiorevelacionfm.cl\/?p=16701"},"modified":"2022-05-10T18:47:07","modified_gmt":"2022-05-10T21:47:07","slug":"veronica-vallejos-seremi-de-ciencia-genero-descentralizacion-y-el-trabajo-colaborativo-seran-prioridad-en-este-gobierno","status":"publish","type":"post","link":"https:\/\/radiorevelacionfm.cl\/?p=16701","title":{"rendered":"Ver\u00f3nica Vallejos, Seremi de Ciencia: G\u00e9nero, descentralizaci\u00f3n y el trabajo colaborativo ser\u00e1n prioridad en este Gobierno"},"content":{"rendered":"<div class=\"flex_column av_one_full  flex_column_div av-zero-column-padding first  avia-builder-el-0  el_before_av_one_full  avia-builder-el-first  \" style='border-radius:0px; '><div  class='avia-image-container  av-styling-    avia-builder-el-1  avia-builder-el-no-sibling  avia-align-center '  itemprop=\"image\" itemscope=\"itemscope\" itemtype=\"https:\/\/schema.org\/ImageObject\"  ><div class='avia-image-container-inner'><div class='avia-image-overlay-wrap'><img decoding=\"async\" class='wp-image-16702 avia-img-lazy-loading-not-16702 avia_image' src=\"https:\/\/radiorevelacionfm.cl\/wp-content\/uploads\/2022\/05\/VVallejos-1-1.jpg\" alt='' title='VVallejos (1) (1)' height=\"600\" width=\"900\"  itemprop=\"thumbnailUrl\" srcset=\"https:\/\/radiorevelacionfm.cl\/wp-content\/uploads\/2022\/05\/VVallejos-1-1.jpg 900w, https:\/\/radiorevelacionfm.cl\/wp-content\/uploads\/2022\/05\/VVallejos-1-1-300x200.jpg 300w, https:\/\/radiorevelacionfm.cl\/wp-content\/uploads\/2022\/05\/VVallejos-1-1-768x512.jpg 768w, https:\/\/radiorevelacionfm.cl\/wp-content\/uploads\/2022\/05\/VVallejos-1-1-705x470.jpg 705w, https:\/\/radiorevelacionfm.cl\/wp-content\/uploads\/2022\/05\/VVallejos-1-1-600x400.jpg 600w\" sizes=\"(max-width: 900px) 100vw, 900px\" \/><\/div><\/div><\/div><\/div><div class=\"flex_column av_one_full  flex_column_div av-zero-column-padding first  avia-builder-el-2  el_after_av_one_full  el_before_av_one_full  column-top-margin\" style='border-radius:0px; '><section class=\"av_textblock_section \"  itemscope=\"itemscope\" itemtype=\"https:\/\/schema.org\/BlogPosting\" itemprop=\"blogPost\" ><div class='avia_textblock  '   itemprop=\"text\" ><p style=\"text-align: center;\"><span style=\"font-size: 18pt;\"><strong>Ver\u00f3nica Vallejos, Seremi de Ciencia:\u00a0G\u00e9nero, descentralizaci\u00f3n y el trabajo colaborativo ser\u00e1n prioridad en este Gobierno<\/strong><\/span><\/p>\n<div id=\"gtx-trans\" style=\"position: absolute; left: -50px; top: 4.31534px;\">\n<div class=\"gtx-trans-icon\"><\/div>\n<\/div>\n<\/div><\/section><\/div><div class=\"flex_column av_one_full  flex_column_div av-zero-column-padding first  avia-builder-el-4  el_after_av_one_full  el_before_av_hr  column-top-margin\" style='border-radius:0px; '><section class=\"av_textblock_section \"  itemscope=\"itemscope\" itemtype=\"https:\/\/schema.org\/BlogPosting\" itemprop=\"blogPost\" ><div class='avia_textblock  '   itemprop=\"text\" ><p style=\"text-align: justify;\">\u201cHa sido una carrera por subirme al carro, por comprender y aprender el funcionamiento del sistema\u201d, as\u00ed califica la Seremi de Ciencia, Tecnolog\u00eda, Conocimiento e Innovaci\u00f3n (CTCI) de la macrozona austral sus primeras semanas en el cargo, el que asume como un gran desaf\u00edo ya que, a pesar de venir de un servicio p\u00fablico, tiene claro que cada instituci\u00f3n funciona de forma diferente. \u201cEs mucha responsabilidad, debo manejar una gran cantidad de informaci\u00f3n. Conozco c\u00f3mo funciona el ecosistema de CTCI, a investigadores e investigadoras, los concursos e instrumentos, pero es necesario relacionar todo ese conocimiento para tener una visi\u00f3n general, entendiendo las necesidades particulares, sabiendo que existen diferentes l\u00edneas de investigaci\u00f3n en diferentes \u00e1reas de las ciencias\u201d.<\/p>\n<p style=\"text-align: justify;\">Uno de sus objetivos es trabajar por mejorar las falencias o brechas existentes en el sistema de CTCI, para que investigadores e investigadoras puedan obtener financiamiento que les permita continuar con sus proyectos y l\u00edneas de investigaci\u00f3n, y generar m\u00e1s informaci\u00f3n \u00fatil para la toma de decisiones.<\/p>\n<p style=\"text-align: justify;\">Adem\u00e1s, se quiere ampliar la mirada hacia las Ciencias Sociales, Artes y Humanidades. Si bien la ANID durante a\u00f1os ha financiado proyectos asociados a estas tem\u00e1ticas, a\u00fan son pocos los que postulan a financiamiento, en comparaci\u00f3n a otras \u00e1reas del conocimiento y la salud, \u201cqueremos apoyar y favorecer el desarrollo en esta \u00e1rea porque, para entender los territorios, las necesidades y c\u00f3mo viven las personas, se requiere tanto de las ciencias sociales como de las ciencias naturales, que ambas ramas se comuniquen. Dentro de los lineamientos ya se le est\u00e1 dando mayor relevancia y se est\u00e1 planeando la creaci\u00f3n de un centro de artes, cultura y ciencias sociales para generar capacidades institucionales a nivel nacional\u201d.<\/p>\n<p style=\"text-align: justify;\"><strong>Continuar trabajando por eliminar las brechas en g\u00e9nero<\/strong><\/p>\n<p style=\"text-align: justify;\">Para esta nueva administraci\u00f3n \u201cequiparar la cancha para las mujeres\u201d es prioridad, para luego continuar aplicando la equidad de g\u00e9nero y tener, por ejemplo, m\u00e1s mujeres en ciencia, dirigiendo centros de investigaci\u00f3n, o siendo rectoras en universidades. La Seremi Vallejos coment\u00f3 que en la actualidad la mayor\u00eda de las instituciones generadoras de conocimiento son dirigidas por hombres, \u201cno es porque nosotras no tengamos las capacidades para dirigirlas, sino que es por el arrastre hist\u00f3rico. Las brechas que existen entre ambos son muy marcadas, as\u00ed que vamos a seguir trabajando en este tema que es muy importante, m\u00e1s considerando que el ministerio tiene una pol\u00edtica Nacional de Igualdad de G\u00e9nero en CTCI que pr\u00e1cticamente se cre\u00f3 en paralelo a nuestra instalaci\u00f3n\u201d.<\/p>\n<p style=\"text-align: justify;\">En el corto y mediano plazo se trabajar\u00e1 por la descentralizaci\u00f3n, orientando la generaci\u00f3n de conocimiento con inter\u00e9s y pertinencia regional. \u201cQueremos que la informaci\u00f3n que se est\u00e9 generando sea para las personas en cada una de las regiones, no podemos seguir replicando lo que ocurre a nivel central, tenemos que pensar que cada lugar tiene caracter\u00edsticas propias y desde ah\u00ed debemos impulsar su desarrollo, usando la ciencia y la tecnolog\u00eda como pilar. Tambi\u00e9n vamos a salir de las grandes ciudades, de las capitales, para llegar a todos los rincones; la descentralizaci\u00f3n debe ser completa y en todo \u00e1mbito\u201d.<\/p>\n<p style=\"text-align: justify;\">Tambi\u00e9n se potenciar\u00e1 la transdisciplinariedad como punto y eje central, esto significa pensar el problema desde diferentes artistas y as\u00ed lograr trabajos de investigaci\u00f3n transversales y colaborativos. \u201cCon esto se espera que los diferentes grupos de investigaci\u00f3n se vayan empoderando y creciendo, que no compitan entre ellos, sino que colaboren, sobre todo pensando en los recursos que est\u00e1n disponibles\u201d. Para cumplir con este objetivo ya se est\u00e1n generando nuevos instrumentos, \u201cest\u00e1n los Anillos, con m\u00e1s de 10 a\u00f1os, y que piden resolver un problema desde diferentes puntos de vistas y trabajando con personas de distintos \u00e1mbitos; queremos que la ciencia a nivel nacional se vuelva m\u00e1s diversa\u201d.<\/p>\n<p style=\"text-align: justify;\">Esta nueva mirada permitir\u00e1 tener equipos de trabajo potentes, que puedan presentar mejores proyectos, optar a mayores fuentes de financiamiento para obtener equipamiento, realizar trabajos y contratar profesionales especializados, lo que se traducir\u00e1 en mejores, mayores y m\u00e1s relevantes publicaciones y conocimiento.<\/p>\n<p style=\"text-align: justify;\"><strong>Iniciativas Macrozonales<\/strong><\/p>\n<p style=\"text-align: justify;\">En relaci\u00f3n con el trabajo que se ven\u00eda desarrollando a nivel macrozonal, Vallejos considera que \u201cson buenas iniciativas que deben ser concluidas o consolidadas, dependiendo de la etapa en la que se encuentren\u201d. Dentro de est\u00e1s se mencionan el Proyecto Patagonia que se empieza a materializar este a\u00f1o, se continuar\u00e1 con el Laboratorio Instrumentos y se comenzar\u00e1 a definir el perfil de la persona que trabajar\u00e1 en la instalaci\u00f3n de la seremia en la regi\u00f3n de Ays\u00e9n, esto \u00faltimo continuando con esta visi\u00f3n de descentralizaci\u00f3n. \u201cEl pr\u00f3ximo a\u00f1o debemos trabajar en los lineamientos para la instalaci\u00f3n en Ays\u00e9n. Adem\u00e1s, debemos cumplir con lo que establece la ley de lograr al a\u00f1o 2028, que el ministerio est\u00e9 operando en cada una de las regiones en forma independiente, aunque esperamos que ello ocurra antes de ese plazo\u201d.<\/p>\n<p style=\"text-align: justify;\">Apoyar otras iniciativas a nivel local, tambi\u00e9n es una meta que la autoridad se ha propuesto. Las seremias de Educaci\u00f3n, Medio Ambiente, Cultura, Mujer y Equidad de G\u00e9nero son las m\u00e1s cercanas en lo que respecta a conocimiento y a la informaci\u00f3n que se genera a trav\u00e9s de la ciencia, pero tambi\u00e9n convergen en los desaf\u00edos que hay en cada sector, \u201cen Magallanes el hidr\u00f3geno verde se est\u00e1 convirtiendo en un tema transversal para todas las carteras, porque de una u otra forma va a afectar o beneficiar a las personas. Vamos a apoyar en la generaci\u00f3n de informaci\u00f3n que permita tomar las mejores decisiones\u201d.<\/p>\n<p style=\"text-align: justify;\">\u201cEs importante contar con un ministerio t\u00e9cnico para el desarrollo de este tipo de iniciativas, donde todos reman hacia el mismo puerto, que es lograr mejorar la ciencia y la tecnolog\u00eda, y as\u00ed tener mayor conocimiento, que llegue a las personas, y lograr m\u00e1s innovaci\u00f3n\u201d, concluy\u00f3 la Seremi de ciencia.<\/p>\n<\/div><\/section><\/div><div  style='height:50px' class='hr hr-invisible   avia-builder-el-6  el_after_av_one_full  el_before_av_social_share '><span class='hr-inner ' ><span class='hr-inner-style'><\/span><\/span><\/div><\/p>\n<div  class='av-social-sharing-box  avia-builder-el-7  el_after_av_hr  el_before_av_hr  '><div class='av-share-box'><h5 class='av-share-link-description av-no-toc '>Compartir esta noticia<\/h5><ul class='av-share-box-list noLightbox'><li class='av-share-link av-social-link-facebook' ><a target=\"_blank\" aria-label=\"Compartir en Facebook\" href='https:\/\/www.facebook.com\/sharer.php?u=https:\/\/radiorevelacionfm.cl\/?p=16701&#038;t=Ver%C3%B3nica%20Vallejos%2C%20Seremi%20de%20Ciencia%3A%20G%C3%A9nero%2C%20descentralizaci%C3%B3n%20y%20el%20trabajo%20colaborativo%20ser%C3%A1n%20prioridad%20en%20este%20Gobierno' aria-hidden='false' data-av_icon='\ue8f3' data-av_iconfont='entypo-fontello' title='' data-avia-related-tooltip='Compartir en Facebook' rel=\"noopener\"><span class='avia_hidden_link_text'>Compartir en Facebook<\/span><\/a><\/li><li class='av-share-link av-social-link-twitter' ><a target=\"_blank\" aria-label=\"Compartir en Twitter\" href='https:\/\/twitter.com\/share?text=Ver%C3%B3nica%20Vallejos%2C%20Seremi%20de%20Ciencia%3A%20G%C3%A9nero%2C%20descentralizaci%C3%B3n%20y%20el%20trabajo%20colaborativo%20ser%C3%A1n%20prioridad%20en%20este%20Gobierno&#038;url=https:\/\/radiorevelacionfm.cl\/?p=16701' aria-hidden='false' data-av_icon='\ue8f1' data-av_iconfont='entypo-fontello' title='' data-avia-related-tooltip='Compartir en Twitter' rel=\"noopener\"><span class='avia_hidden_link_text'>Compartir en Twitter<\/span><\/a><\/li><li class='av-share-link av-social-link-whatsapp' ><a target=\"_blank\" aria-label=\"Compartir en Whatsapp\" href='https:\/\/api.whatsapp.com\/send?text=https:\/\/radiorevelacionfm.cl\/?p=16701' aria-hidden='false' data-av_icon='\uf232' data-av_iconfont='entypo-fontello' title='' data-avia-related-tooltip='Compartir en Whatsapp' rel=\"noopener\"><span class='avia_hidden_link_text'>Compartir en Whatsapp<\/span><\/a><\/li><li class='av-share-link av-social-link-linkedin' ><a target=\"_blank\" aria-label=\"Compartir en LinkedIn\" href='https:\/\/linkedin.com\/shareArticle?mini=true&#038;title=Ver%C3%B3nica%20Vallejos%2C%20Seremi%20de%20Ciencia%3A%20G%C3%A9nero%2C%20descentralizaci%C3%B3n%20y%20el%20trabajo%20colaborativo%20ser%C3%A1n%20prioridad%20en%20este%20Gobierno&#038;url=https:\/\/radiorevelacionfm.cl\/?p=16701' aria-hidden='false' data-av_icon='\ue8fc' data-av_iconfont='entypo-fontello' title='' data-avia-related-tooltip='Compartir en LinkedIn' rel=\"noopener\"><span class='avia_hidden_link_text'>Compartir en LinkedIn<\/span><\/a><\/li><li class='av-share-link av-social-link-mail' ><a  aria-label=\"Compartir por correo\" href='mailto:?subject=Ver%C3%B3nica%20Vallejos%2C%20Seremi%20de%20Ciencia%3A%20G%C3%A9nero%2C%20descentralizaci%C3%B3n%20y%20el%20trabajo%20colaborativo%20ser%C3%A1n%20prioridad%20en%20este%20Gobierno&#038;body=https:\/\/radiorevelacionfm.cl\/?p=16701' aria-hidden='false' data-av_icon='\ue805' data-av_iconfont='entypo-fontello' title='' data-avia-related-tooltip='Compartir por correo'><span class='avia_hidden_link_text'>Compartir por correo<\/span><\/a><\/li><\/ul><\/div><\/div>\n<div  style='height:50px' class='hr hr-invisible   avia-builder-el-8  el_after_av_social_share  el_before_av_comments_list '><span class='hr-inner ' ><span class='hr-inner-style'><\/span><\/span><\/div>\n<div  class='av-buildercomment  av-blog-meta-html-info-disabled av-blog-meta-tag-disabled  '><\/div>\n","protected":false},"excerpt":{"rendered":"","protected":false},"author":1,"featured_media":16702,"comment_status":"open","ping_status":"open","sticky":false,"template":"","format":"standard","meta":{"footnotes":""},"categories":[53,35,38],"tags":[],"class_list":["post-16701","post","type-post","status-publish","format-standard","has-post-thumbnail","hentry","category-ciencia","category-politica","category-regional"],"jetpack_featured_media_url":"https:\/\/radiorevelacionfm.cl\/wp-content\/uploads\/2022\/05\/VVallejos-1-1.jpg","_links":{"self":[{"href":"https:\/\/radiorevelacionfm.cl\/index.php?rest_route=\/wp\/v2\/posts\/16701","targetHints":{"allow":["GET"]}}],"collection":[{"href":"https:\/\/radiorevelacionfm.cl\/index.php?rest_route=\/wp\/v2\/posts"}],"about":[{"href":"https:\/\/radiorevelacionfm.cl\/index.php?rest_route=\/wp\/v2\/types\/post"}],"author":[{"embeddable":true,"href":"https:\/\/radiorevelacionfm.cl\/index.php?rest_route=\/wp\/v2\/users\/1"}],"replies":[{"embeddable":true,"href":"https:\/\/radiorevelacionfm.cl\/index.php?rest_route=%2Fwp%2Fv2%2Fcomments&post=16701"}],"version-history":[{"count":2,"href":"https:\/\/radiorevelacionfm.cl\/index.php?rest_route=\/wp\/v2\/posts\/16701\/revisions"}],"predecessor-version":[{"id":16708,"href":"https:\/\/radiorevelacionfm.cl\/index.php?rest_route=\/wp\/v2\/posts\/16701\/revisions\/16708"}],"wp:featuredmedia":[{"embeddable":true,"href":"https:\/\/radiorevelacionfm.cl\/index.php?rest_route=\/wp\/v2\/media\/16702"}],"wp:attachment":[{"href":"https:\/\/radiorevelacionfm.cl\/index.php?rest_route=%2Fwp%2Fv2%2Fmedia&parent=16701"}],"wp:term":[{"taxonomy":"category","embeddable":true,"href":"https:\/\/radiorevelacionfm.cl\/index.php?rest_route=%2Fwp%2Fv2%2Fcategories&post=16701"},{"taxonomy":"post_tag","embeddable":true,"href":"https:\/\/radiorevelacionfm.cl\/index.php?rest_route=%2Fwp%2Fv2%2Ftags&post=16701"}],"curies":[{"name":"wp","href":"https:\/\/api.w.org\/{rel}","templated":true}]}}