{"id":16693,"date":"2022-05-11T11:36:55","date_gmt":"2022-05-11T14:36:55","guid":{"rendered":"https:\/\/radiorevelacionfm.cl\/?p=16693"},"modified":"2022-05-11T11:36:55","modified_gmt":"2022-05-11T14:36:55","slug":"seremitt-aysen-recoge-requerimientos-territoriales-en-jornadas-ciudadanas-con-vecinos-y-vecinas-de-tortel-y-cochrane","status":"publish","type":"post","link":"https:\/\/radiorevelacionfm.cl\/?p=16693","title":{"rendered":"SeremiTT Ays\u00e9n recoge requerimientos territoriales en jornadas ciudadanas con vecinos y vecinas de Tortel y Cochrane"},"content":{"rendered":"<div class=\"flex_column av_one_full  flex_column_div av-zero-column-padding first  avia-builder-el-0  el_before_av_one_full  avia-builder-el-first  \" style='border-radius:0px; '><div  class='avia-image-container  av-styling-    avia-builder-el-1  avia-builder-el-no-sibling  avia-align-center '  itemprop=\"image\" itemscope=\"itemscope\" itemtype=\"https:\/\/schema.org\/ImageObject\"  ><div class='avia-image-container-inner'><div class='avia-image-overlay-wrap'><img decoding=\"async\" class='wp-image-16694 avia-img-lazy-loading-not-16694 avia_image' src=\"https:\/\/radiorevelacionfm.cl\/wp-content\/uploads\/2022\/05\/DSC_5725-1-1.jpg\" alt='' title='DSC_5725 (1) (1)' height=\"600\" width=\"903\"  itemprop=\"thumbnailUrl\" srcset=\"https:\/\/radiorevelacionfm.cl\/wp-content\/uploads\/2022\/05\/DSC_5725-1-1.jpg 903w, https:\/\/radiorevelacionfm.cl\/wp-content\/uploads\/2022\/05\/DSC_5725-1-1-300x199.jpg 300w, https:\/\/radiorevelacionfm.cl\/wp-content\/uploads\/2022\/05\/DSC_5725-1-1-768x510.jpg 768w, https:\/\/radiorevelacionfm.cl\/wp-content\/uploads\/2022\/05\/DSC_5725-1-1-705x468.jpg 705w, https:\/\/radiorevelacionfm.cl\/wp-content\/uploads\/2022\/05\/DSC_5725-1-1-600x399.jpg 600w\" sizes=\"(max-width: 903px) 100vw, 903px\" \/><\/div><\/div><\/div><\/div><div class=\"flex_column av_one_full  flex_column_div av-zero-column-padding first  avia-builder-el-2  el_after_av_one_full  el_before_av_one_full  column-top-margin\" style='border-radius:0px; '><section class=\"av_textblock_section \"  itemscope=\"itemscope\" itemtype=\"https:\/\/schema.org\/BlogPosting\" itemprop=\"blogPost\" ><div class='avia_textblock  '   itemprop=\"text\" ><p style=\"text-align: center;\"><span style=\"font-size: 18pt;\"><b>SeremiTT Ays\u00e9n recoge requerimientos territoriales en jornadas ciudadanas con vecinos y vecinas de Tortel y Cochrane<\/b><\/span><\/p>\n<div id=\"gtx-trans\" style=\"position: absolute; left: -50px; top: 4.31534px;\">\n<div class=\"gtx-trans-icon\"><\/div>\n<\/div>\n<\/div><\/section><\/div><div class=\"flex_column av_one_full  flex_column_div av-zero-column-padding first  avia-builder-el-4  el_after_av_one_full  el_before_av_hr  column-top-margin\" style='border-radius:0px; '><section class=\"av_textblock_section \"  itemscope=\"itemscope\" itemtype=\"https:\/\/schema.org\/BlogPosting\" itemprop=\"blogPost\" ><div class='avia_textblock  '   itemprop=\"text\" ><p style=\"text-align: justify;\">A trav\u00e9s de la organizaci\u00f3n de encuentros ciudadanos realizados en Cochrane y Caleta Tortel, la seremiTT Claudia Cantero y parte del equipo profesional del MTT Ays\u00e9n, pudieron resolver consultas y tambi\u00e9n recabar informaci\u00f3n sobre las tareas prioritarias a resolver en el \u00e1mbito de la conectividad, f\u00edsica y digital, para dichas comunas del sur de la regi\u00f3n.<\/p>\n<p style=\"text-align: justify;\">En dicha instancia, y con el apoyo de la Delegaci\u00f3n Regional Provincial de Capit\u00e1n Prat y municipios, fue posible contar con el testimonio de representantes de juntas vecinales, operadores y operadoras de transporte, representantes de gremios y del sector turismo. \u201cA trav\u00e9s de estos procesos de participaci\u00f3n ciudadana, esperamos conocer la realidad del territorio y buscar soluciones m\u00e1s eficientes, estables y concretas respecto a la movilidad y transporte que viven los habitantes de nuestra regi\u00f3n, con sus caracter\u00edsticas particulares y el aislamiento geogr\u00e1fico. Adem\u00e1s, la delegada provincial Marta Montiel, nos ayudar\u00e1 a canalizar algunas demandas de la poblaci\u00f3n y de la provincia\u201d, afirm\u00f3 Cantero.<\/p>\n<p style=\"text-align: justify;\">En la comuna de Cochrane, por ejemplo, tom\u00f3 protagonismo la necesidad de planificar los servicios de transporte, fomentar la asociatividad entre quienes se dedican al rubro y mejorar la eficiencia en el uso del Terminal de Buses Local. Adem\u00e1s se solicit\u00f3 la gesti\u00f3n intersectorial con el Ministerio de Obras P\u00fablicas, a fin de coordinar acciones que mejoren el estado actual de la Carretera Austral hacia el sur.<\/p>\n<p style=\"text-align: justify;\">Asimismo, pese a iniciativas como la Fibra \u00d3ptica Austral, a\u00fan se constat\u00f3 que se requiere avanzar para reducir la brecha digital en el territorio.<\/p>\n<p style=\"text-align: justify;\">Claudio Manzur, transportista y comerciante de Cochrane, relev\u00f3 el acercamiento de la autoridad a los habitantes de la zona: \u201cSiempre es importante que las autoridades vengan, conversen con los vecinos y se empoderen de cu\u00e1les son las reales necesidades que tenemos en estas localidades tan apartadas. Igual creo que es bueno que sea en el inicio de esta administraci\u00f3n, y que las necesidades que surgen se concreten en proyectos espec\u00edficos. Las administraciones de gobierno son cortas, hay necesidades que vienen de hace muchos a\u00f1os y es bueno que se puedan transformar en proyectos\u201d, se\u00f1al\u00f3.<\/p>\n<p style=\"text-align: justify;\">En Caleta Tortel, tambi\u00e9n se plante\u00f3 la necesidad de establecer un mejor servicio en el caso del transporte subvencionado por el MTT, en el caso de los terrestres, como el que se desplaza hacia el sector Quetro, o en el caso de los mar\u00edtimos, como la barcaza que realiza la conectividad Puerto Yungay, Caleta Tortel, Puerto Ed\u00e9n y Puerto Natales. Adem\u00e1s se dio a conocer a la comunidad el convenio que har\u00e1 posible un\u00a0 estudio para planificar la movilidad local.<\/p>\n<p style=\"text-align: justify;\">H\u00e9ctor Rodr\u00edguez, presidente de la junta de vecinos Rinc\u00f3n Bajo indic\u00f3 al respecto que \u201clo que m\u00e1s dificulta es el transporte de carga, si con este estudio se logra dar una soluci\u00f3n a lo que es el transporte mar\u00edtimo, o a la parte del camino por Rinc\u00f3n Bajo, mejorar\u00eda mucho y ayudar\u00eda en general a toda la comunidad\u201d. El dirigente vecinal agreg\u00f3 que en Tortel, \u201chasta el 2020 las telecomunicaciones eran muy malas y ahora que lleg\u00f3 la Fibra \u00d3ptica se ha mejorado casi un 100 por ciento, pero aqu\u00ed dentro de la localidad si faltan sectores por mejorar sectores del sistema de Internet y telefon\u00eda\u201d.<\/p>\n<p style=\"text-align: justify;\">Estas jornadas se replicar\u00e1n en otras localidades de la regi\u00f3n para afianzar el trabajo territorial del Ministerio de Transportes y Telecomunicaciones.<\/p>\n<\/div><\/section><\/div><div  style='height:50px' class='hr hr-invisible   avia-builder-el-6  el_after_av_one_full  el_before_av_social_share '><span class='hr-inner ' ><span class='hr-inner-style'><\/span><\/span><\/div><\/p>\n<div  class='av-social-sharing-box  avia-builder-el-7  el_after_av_hr  el_before_av_hr  '><div class='av-share-box'><h5 class='av-share-link-description av-no-toc '>Compartir esta noticia<\/h5><ul class='av-share-box-list noLightbox'><li class='av-share-link av-social-link-facebook' ><a target=\"_blank\" aria-label=\"Compartir en Facebook\" href='https:\/\/www.facebook.com\/sharer.php?u=https:\/\/radiorevelacionfm.cl\/?p=16693&#038;t=SeremiTT%20Ays%C3%A9n%20recoge%20requerimientos%20territoriales%20en%20jornadas%20ciudadanas%20con%20vecinos%20y%20vecinas%20de%20Tortel%20y%20Cochrane' aria-hidden='false' data-av_icon='\ue8f3' data-av_iconfont='entypo-fontello' title='' data-avia-related-tooltip='Compartir en Facebook' rel=\"noopener\"><span class='avia_hidden_link_text'>Compartir en Facebook<\/span><\/a><\/li><li class='av-share-link av-social-link-twitter' ><a target=\"_blank\" aria-label=\"Compartir en Twitter\" href='https:\/\/twitter.com\/share?text=SeremiTT%20Ays%C3%A9n%20recoge%20requerimientos%20territoriales%20en%20jornadas%20ciudadanas%20con%20vecinos%20y%20vecinas%20de%20Tortel%20y%20Cochrane&#038;url=https:\/\/radiorevelacionfm.cl\/?p=16693' aria-hidden='false' data-av_icon='\ue8f1' data-av_iconfont='entypo-fontello' title='' data-avia-related-tooltip='Compartir en Twitter' rel=\"noopener\"><span class='avia_hidden_link_text'>Compartir en Twitter<\/span><\/a><\/li><li class='av-share-link av-social-link-whatsapp' ><a target=\"_blank\" aria-label=\"Compartir en Whatsapp\" href='https:\/\/api.whatsapp.com\/send?text=https:\/\/radiorevelacionfm.cl\/?p=16693' aria-hidden='false' data-av_icon='\uf232' data-av_iconfont='entypo-fontello' title='' data-avia-related-tooltip='Compartir en Whatsapp' rel=\"noopener\"><span class='avia_hidden_link_text'>Compartir en Whatsapp<\/span><\/a><\/li><li class='av-share-link av-social-link-linkedin' ><a target=\"_blank\" aria-label=\"Compartir en LinkedIn\" href='https:\/\/linkedin.com\/shareArticle?mini=true&#038;title=SeremiTT%20Ays%C3%A9n%20recoge%20requerimientos%20territoriales%20en%20jornadas%20ciudadanas%20con%20vecinos%20y%20vecinas%20de%20Tortel%20y%20Cochrane&#038;url=https:\/\/radiorevelacionfm.cl\/?p=16693' aria-hidden='false' data-av_icon='\ue8fc' data-av_iconfont='entypo-fontello' title='' data-avia-related-tooltip='Compartir en LinkedIn' rel=\"noopener\"><span class='avia_hidden_link_text'>Compartir en LinkedIn<\/span><\/a><\/li><li class='av-share-link av-social-link-mail' ><a  aria-label=\"Compartir por correo\" href='mailto:?subject=SeremiTT%20Ays%C3%A9n%20recoge%20requerimientos%20territoriales%20en%20jornadas%20ciudadanas%20con%20vecinos%20y%20vecinas%20de%20Tortel%20y%20Cochrane&#038;body=https:\/\/radiorevelacionfm.cl\/?p=16693' aria-hidden='false' data-av_icon='\ue805' data-av_iconfont='entypo-fontello' title='' data-avia-related-tooltip='Compartir por correo'><span class='avia_hidden_link_text'>Compartir por correo<\/span><\/a><\/li><\/ul><\/div><\/div>\n<div  style='height:50px' class='hr hr-invisible   avia-builder-el-8  el_after_av_social_share  el_before_av_comments_list '><span class='hr-inner ' ><span class='hr-inner-style'><\/span><\/span><\/div>\n<div  class='av-buildercomment  av-blog-meta-html-info-disabled av-blog-meta-tag-disabled  '><\/div>\n","protected":false},"excerpt":{"rendered":"","protected":false},"author":1,"featured_media":16694,"comment_status":"open","ping_status":"open","sticky":false,"template":"","format":"standard","meta":{"footnotes":""},"categories":[35,38],"tags":[],"class_list":["post-16693","post","type-post","status-publish","format-standard","has-post-thumbnail","hentry","category-politica","category-regional"],"jetpack_featured_media_url":"https:\/\/radiorevelacionfm.cl\/wp-content\/uploads\/2022\/05\/DSC_5725-1-1.jpg","_links":{"self":[{"href":"https:\/\/radiorevelacionfm.cl\/index.php?rest_route=\/wp\/v2\/posts\/16693","targetHints":{"allow":["GET"]}}],"collection":[{"href":"https:\/\/radiorevelacionfm.cl\/index.php?rest_route=\/wp\/v2\/posts"}],"about":[{"href":"https:\/\/radiorevelacionfm.cl\/index.php?rest_route=\/wp\/v2\/types\/post"}],"author":[{"embeddable":true,"href":"https:\/\/radiorevelacionfm.cl\/index.php?rest_route=\/wp\/v2\/users\/1"}],"replies":[{"embeddable":true,"href":"https:\/\/radiorevelacionfm.cl\/index.php?rest_route=%2Fwp%2Fv2%2Fcomments&post=16693"}],"version-history":[{"count":2,"href":"https:\/\/radiorevelacionfm.cl\/index.php?rest_route=\/wp\/v2\/posts\/16693\/revisions"}],"predecessor-version":[{"id":16722,"href":"https:\/\/radiorevelacionfm.cl\/index.php?rest_route=\/wp\/v2\/posts\/16693\/revisions\/16722"}],"wp:featuredmedia":[{"embeddable":true,"href":"https:\/\/radiorevelacionfm.cl\/index.php?rest_route=\/wp\/v2\/media\/16694"}],"wp:attachment":[{"href":"https:\/\/radiorevelacionfm.cl\/index.php?rest_route=%2Fwp%2Fv2%2Fmedia&parent=16693"}],"wp:term":[{"taxonomy":"category","embeddable":true,"href":"https:\/\/radiorevelacionfm.cl\/index.php?rest_route=%2Fwp%2Fv2%2Fcategories&post=16693"},{"taxonomy":"post_tag","embeddable":true,"href":"https:\/\/radiorevelacionfm.cl\/index.php?rest_route=%2Fwp%2Fv2%2Ftags&post=16693"}],"curies":[{"name":"wp","href":"https:\/\/api.w.org\/{rel}","templated":true}]}}