{"id":16688,"date":"2022-05-10T15:25:08","date_gmt":"2022-05-10T18:25:08","guid":{"rendered":"https:\/\/radiorevelacionfm.cl\/?p=16688"},"modified":"2022-05-10T15:25:08","modified_gmt":"2022-05-10T18:25:08","slug":"senador-sandoval-se-reunio-con-representantes-de-la-camara-chilena-de-la-construccion-de-todo-el-pais-para-analizar-deficit-habitacional-y-reactivacion-economica-entre-otros-temas","status":"publish","type":"post","link":"https:\/\/radiorevelacionfm.cl\/?p=16688","title":{"rendered":"Senador Sandoval se reuni\u00f3 con representantes de la C\u00e1mara Chilena de la Construcci\u00f3n de todo el pa\u00eds, para analizar d\u00e9ficit habitacional y reactivaci\u00f3n econ\u00f3mica, entre otros temas"},"content":{"rendered":"<div class=\"flex_column av_one_full  flex_column_div av-zero-column-padding first  avia-builder-el-0  el_before_av_one_full  avia-builder-el-first  \" style='border-radius:0px; '><div  class='avia-image-container  av-styling-    avia-builder-el-1  avia-builder-el-no-sibling  avia-align-center '  itemprop=\"image\" itemscope=\"itemscope\" itemtype=\"https:\/\/schema.org\/ImageObject\"  ><div class='avia-image-container-inner'><div class='avia-image-overlay-wrap'><img decoding=\"async\" class='wp-image-16690 avia-img-lazy-loading-not-16690 avia_image' src=\"https:\/\/radiorevelacionfm.cl\/wp-content\/uploads\/2022\/05\/senador-sandoval-07_optimized.05.png\" alt='' title='senador-sandoval-07_optimized.05' height=\"641\" width=\"795\"  itemprop=\"thumbnailUrl\" srcset=\"https:\/\/radiorevelacionfm.cl\/wp-content\/uploads\/2022\/05\/senador-sandoval-07_optimized.05.png 795w, https:\/\/radiorevelacionfm.cl\/wp-content\/uploads\/2022\/05\/senador-sandoval-07_optimized.05-300x242.png 300w, https:\/\/radiorevelacionfm.cl\/wp-content\/uploads\/2022\/05\/senador-sandoval-07_optimized.05-768x619.png 768w, https:\/\/radiorevelacionfm.cl\/wp-content\/uploads\/2022\/05\/senador-sandoval-07_optimized.05-495x400.png 495w, https:\/\/radiorevelacionfm.cl\/wp-content\/uploads\/2022\/05\/senador-sandoval-07_optimized.05-705x568.png 705w, https:\/\/radiorevelacionfm.cl\/wp-content\/uploads\/2022\/05\/senador-sandoval-07_optimized.05-600x484.png 600w\" sizes=\"(max-width: 795px) 100vw, 795px\" \/><\/div><\/div><\/div><\/div><div class=\"flex_column av_one_full  flex_column_div av-zero-column-padding first  avia-builder-el-2  el_after_av_one_full  el_before_av_one_full  column-top-margin\" style='border-radius:0px; '><section class=\"av_textblock_section \"  itemscope=\"itemscope\" itemtype=\"https:\/\/schema.org\/BlogPosting\" itemprop=\"blogPost\" ><div class='avia_textblock  '   itemprop=\"text\" ><p style=\"text-align: center;\"><strong><span style=\"font-size: 18pt;\">Senador Sandoval se reuni\u00f3 con representantes de la C\u00e1mara Chilena de la Construcci\u00f3n de todo el pa\u00eds, para analizar d\u00e9ficit habitacional y reactivaci\u00f3n econ\u00f3mica, entre otros temas.\u00a0<\/span>\u00a0<\/strong><\/p>\n<div id=\"gtx-trans\" style=\"position: absolute; left: -50px; top: 4.31534px;\">\n<div class=\"gtx-trans-icon\"><\/div>\n<\/div>\n<\/div><\/section><\/div><div class=\"flex_column av_one_full  flex_column_div av-zero-column-padding first  avia-builder-el-4  el_after_av_one_full  el_before_av_hr  column-top-margin\" style='border-radius:0px; '><section class=\"av_textblock_section \"  itemscope=\"itemscope\" itemtype=\"https:\/\/schema.org\/BlogPosting\" itemprop=\"blogPost\" ><div class='avia_textblock  '   itemprop=\"text\" ><p style=\"text-align: justify;\">Como positiva, calific\u00f3 el senador David Sandoval, la reciente reuni\u00f3n sostenida con representantes de la C\u00e1mara Chilena de la Construcci\u00f3n (CCHC) de todo el pa\u00eds, para abordar distintos temas que inquietan al sector.<\/p>\n<p style=\"text-align: justify;\">Sandoval explic\u00f3 que en el encuentro se analiz\u00f3, junto a delegados y presidentes de los comit\u00e9s de vivienda del gremio en las distintas regiones, la situaci\u00f3n actual en materia de desarrollo de las pol\u00edticas habitacionales, c\u00f3mo se enfrenta la realidad del d\u00e9ficit habitacional, que llega a m\u00e1s de 600 mil viviendas, y tambi\u00e9n el tema de los campamentos, considerando que a nivel nacional hay m\u00e1s de 80 mil familias viviendo en precariedad habitacional y de servicios esenciales. \u201cLa C\u00e1mara ha sido un organismo muy colaborativo con las pol\u00edticas en materia de desarrollo urbano en nuestro pa\u00eds y muy colaborativo tambi\u00e9n con todos los gobiernos\u201d, destac\u00f3.<\/p>\n<p style=\"text-align: justify;\">Por lo mismo, se acord\u00f3 establecer un ciclo de reuniones, a fin de generar espacios de an\u00e1lisis y convergencia de soluciones en las distintas materias que se plantearon, lo cual se separ\u00f3 en tres \u00e1mbitos: uno de car\u00e1cter legislativo, donde la opini\u00f3n de la c\u00e1mara es fundamental; la agenda propia de la c\u00e1mara, considerando el alza de los materiales de construcci\u00f3n, entre otros temas; y lo relacionado con las pol\u00edticas de Estado, considerando la meta fijada por el Gobierno de construir 260 mil viviendas durante esta administraci\u00f3n. \u201cValoro el aporte, la generosidad y la construcci\u00f3n de ese debate con todos los miembros de la C\u00e1mara Chilena de la Construcci\u00f3n\u201d, subray\u00f3.<\/p>\n<p style=\"text-align: justify;\">Cabe se\u00f1alar que por la regi\u00f3n de Ays\u00e9n particip\u00f3 la presidenta del comit\u00e9 de Vivienda de la Delegaci\u00f3n Coyhaique de la CCHC, Alejandra Alert.<\/p>\n<\/div><\/section><\/div><div  style='height:50px' class='hr hr-invisible   avia-builder-el-6  el_after_av_one_full  el_before_av_social_share '><span class='hr-inner ' ><span class='hr-inner-style'><\/span><\/span><\/div><\/p>\n<div  class='av-social-sharing-box  avia-builder-el-7  el_after_av_hr  el_before_av_hr  '><div class='av-share-box'><h5 class='av-share-link-description av-no-toc '>Compartir esta noticia<\/h5><ul class='av-share-box-list noLightbox'><li class='av-share-link av-social-link-facebook' ><a target=\"_blank\" aria-label=\"Compartir en Facebook\" href='https:\/\/www.facebook.com\/sharer.php?u=https:\/\/radiorevelacionfm.cl\/?p=16688&#038;t=Senador%20Sandoval%20se%20reuni%C3%B3%20con%20representantes%20de%20la%20C%C3%A1mara%20Chilena%20de%20la%20Construcci%C3%B3n%20de%20todo%20el%20pa%C3%ADs%2C%20para%20analizar%20d%C3%A9ficit%20habitacional%20y%20reactivaci%C3%B3n%20econ%C3%B3mica%2C%20entre%20otros%20temas' aria-hidden='false' data-av_icon='\ue8f3' data-av_iconfont='entypo-fontello' title='' data-avia-related-tooltip='Compartir en Facebook' rel=\"noopener\"><span class='avia_hidden_link_text'>Compartir en Facebook<\/span><\/a><\/li><li class='av-share-link av-social-link-twitter' ><a target=\"_blank\" aria-label=\"Compartir en Twitter\" href='https:\/\/twitter.com\/share?text=Senador%20Sandoval%20se%20reuni%C3%B3%20con%20representantes%20de%20la%20C%C3%A1mara%20Chilena%20de%20la%20Construcci%C3%B3n%20de%20todo%20el%20pa%C3%ADs%2C%20para%20analizar%20d%C3%A9ficit%20habitacional%20y%20reactivaci%C3%B3n%20econ%C3%B3mica%2C%20entre%20otros%20temas&#038;url=https:\/\/radiorevelacionfm.cl\/?p=16688' aria-hidden='false' data-av_icon='\ue8f1' data-av_iconfont='entypo-fontello' title='' data-avia-related-tooltip='Compartir en Twitter' rel=\"noopener\"><span class='avia_hidden_link_text'>Compartir en Twitter<\/span><\/a><\/li><li class='av-share-link av-social-link-whatsapp' ><a target=\"_blank\" aria-label=\"Compartir en Whatsapp\" href='https:\/\/api.whatsapp.com\/send?text=https:\/\/radiorevelacionfm.cl\/?p=16688' aria-hidden='false' data-av_icon='\uf232' data-av_iconfont='entypo-fontello' title='' data-avia-related-tooltip='Compartir en Whatsapp' rel=\"noopener\"><span class='avia_hidden_link_text'>Compartir en Whatsapp<\/span><\/a><\/li><li class='av-share-link av-social-link-linkedin' ><a target=\"_blank\" aria-label=\"Compartir en LinkedIn\" href='https:\/\/linkedin.com\/shareArticle?mini=true&#038;title=Senador%20Sandoval%20se%20reuni%C3%B3%20con%20representantes%20de%20la%20C%C3%A1mara%20Chilena%20de%20la%20Construcci%C3%B3n%20de%20todo%20el%20pa%C3%ADs%2C%20para%20analizar%20d%C3%A9ficit%20habitacional%20y%20reactivaci%C3%B3n%20econ%C3%B3mica%2C%20entre%20otros%20temas&#038;url=https:\/\/radiorevelacionfm.cl\/?p=16688' aria-hidden='false' data-av_icon='\ue8fc' data-av_iconfont='entypo-fontello' title='' data-avia-related-tooltip='Compartir en LinkedIn' rel=\"noopener\"><span class='avia_hidden_link_text'>Compartir en LinkedIn<\/span><\/a><\/li><li class='av-share-link av-social-link-mail' ><a  aria-label=\"Compartir por correo\" href='mailto:?subject=Senador%20Sandoval%20se%20reuni%C3%B3%20con%20representantes%20de%20la%20C%C3%A1mara%20Chilena%20de%20la%20Construcci%C3%B3n%20de%20todo%20el%20pa%C3%ADs%2C%20para%20analizar%20d%C3%A9ficit%20habitacional%20y%20reactivaci%C3%B3n%20econ%C3%B3mica%2C%20entre%20otros%20temas&#038;body=https:\/\/radiorevelacionfm.cl\/?p=16688' aria-hidden='false' data-av_icon='\ue805' data-av_iconfont='entypo-fontello' title='' data-avia-related-tooltip='Compartir por correo'><span class='avia_hidden_link_text'>Compartir por correo<\/span><\/a><\/li><\/ul><\/div><\/div>\n<div  style='height:50px' class='hr hr-invisible   avia-builder-el-8  el_after_av_social_share  el_before_av_comments_list '><span class='hr-inner ' ><span class='hr-inner-style'><\/span><\/span><\/div>\n<div  class='av-buildercomment  av-blog-meta-html-info-disabled av-blog-meta-tag-disabled  '><\/div>\n","protected":false},"excerpt":{"rendered":"","protected":false},"author":1,"featured_media":16690,"comment_status":"open","ping_status":"open","sticky":false,"template":"","format":"standard","meta":{"footnotes":""},"categories":[35,57],"tags":[],"class_list":["post-16688","post","type-post","status-publish","format-standard","has-post-thumbnail","hentry","category-politica","category-vivienda"],"jetpack_featured_media_url":"https:\/\/radiorevelacionfm.cl\/wp-content\/uploads\/2022\/05\/senador-sandoval-07_optimized.05.png","_links":{"self":[{"href":"https:\/\/radiorevelacionfm.cl\/index.php?rest_route=\/wp\/v2\/posts\/16688","targetHints":{"allow":["GET"]}}],"collection":[{"href":"https:\/\/radiorevelacionfm.cl\/index.php?rest_route=\/wp\/v2\/posts"}],"about":[{"href":"https:\/\/radiorevelacionfm.cl\/index.php?rest_route=\/wp\/v2\/types\/post"}],"author":[{"embeddable":true,"href":"https:\/\/radiorevelacionfm.cl\/index.php?rest_route=\/wp\/v2\/users\/1"}],"replies":[{"embeddable":true,"href":"https:\/\/radiorevelacionfm.cl\/index.php?rest_route=%2Fwp%2Fv2%2Fcomments&post=16688"}],"version-history":[{"count":2,"href":"https:\/\/radiorevelacionfm.cl\/index.php?rest_route=\/wp\/v2\/posts\/16688\/revisions"}],"predecessor-version":[{"id":16692,"href":"https:\/\/radiorevelacionfm.cl\/index.php?rest_route=\/wp\/v2\/posts\/16688\/revisions\/16692"}],"wp:featuredmedia":[{"embeddable":true,"href":"https:\/\/radiorevelacionfm.cl\/index.php?rest_route=\/wp\/v2\/media\/16690"}],"wp:attachment":[{"href":"https:\/\/radiorevelacionfm.cl\/index.php?rest_route=%2Fwp%2Fv2%2Fmedia&parent=16688"}],"wp:term":[{"taxonomy":"category","embeddable":true,"href":"https:\/\/radiorevelacionfm.cl\/index.php?rest_route=%2Fwp%2Fv2%2Fcategories&post=16688"},{"taxonomy":"post_tag","embeddable":true,"href":"https:\/\/radiorevelacionfm.cl\/index.php?rest_route=%2Fwp%2Fv2%2Ftags&post=16688"}],"curies":[{"name":"wp","href":"https:\/\/api.w.org\/{rel}","templated":true}]}}