{"id":16682,"date":"2022-05-11T11:29:48","date_gmt":"2022-05-11T14:29:48","guid":{"rendered":"https:\/\/radiorevelacionfm.cl\/?p=16682"},"modified":"2022-05-11T11:29:48","modified_gmt":"2022-05-11T14:29:48","slug":"ministerio-de-bienes-nacionales-encabeza-primera-jornada-de-planificacion-con-seremis-del-pais","status":"publish","type":"post","link":"https:\/\/radiorevelacionfm.cl\/?p=16682","title":{"rendered":"Ministerio de Bienes Nacionales encabeza primera jornada  de planificaci\u00f3n con Seremis del pa\u00eds"},"content":{"rendered":"<div class=\"flex_column av_one_full  flex_column_div av-zero-column-padding first  avia-builder-el-0  el_before_av_one_full  avia-builder-el-first  \" style='border-radius:0px; '><div  class='avia-image-container  av-styling-    avia-builder-el-1  avia-builder-el-no-sibling  avia-align-center '  itemprop=\"image\" itemscope=\"itemscope\" itemtype=\"https:\/\/schema.org\/ImageObject\"  ><div class='avia-image-container-inner'><div class='avia-image-overlay-wrap'><img decoding=\"async\" class='wp-image-16683 avia-img-lazy-loading-not-16683 avia_image' src=\"https:\/\/radiorevelacionfm.cl\/wp-content\/uploads\/2022\/05\/IMOREND-MINISTRA-Y-SUBSE-1-1.jpeg\" alt='' title='IMOREND MINISTRA Y SUBSE (1) (1)' height=\"600\" width=\"900\"  itemprop=\"thumbnailUrl\" srcset=\"https:\/\/radiorevelacionfm.cl\/wp-content\/uploads\/2022\/05\/IMOREND-MINISTRA-Y-SUBSE-1-1.jpeg 900w, https:\/\/radiorevelacionfm.cl\/wp-content\/uploads\/2022\/05\/IMOREND-MINISTRA-Y-SUBSE-1-1-300x200.jpeg 300w, https:\/\/radiorevelacionfm.cl\/wp-content\/uploads\/2022\/05\/IMOREND-MINISTRA-Y-SUBSE-1-1-768x512.jpeg 768w, https:\/\/radiorevelacionfm.cl\/wp-content\/uploads\/2022\/05\/IMOREND-MINISTRA-Y-SUBSE-1-1-705x470.jpeg 705w, https:\/\/radiorevelacionfm.cl\/wp-content\/uploads\/2022\/05\/IMOREND-MINISTRA-Y-SUBSE-1-1-600x400.jpeg 600w\" sizes=\"(max-width: 900px) 100vw, 900px\" \/><\/div><\/div><\/div><\/div><div class=\"flex_column av_one_full  flex_column_div av-zero-column-padding first  avia-builder-el-2  el_after_av_one_full  el_before_av_one_full  column-top-margin\" style='border-radius:0px; '><section class=\"av_textblock_section \"  itemscope=\"itemscope\" itemtype=\"https:\/\/schema.org\/BlogPosting\" itemprop=\"blogPost\" ><div class='avia_textblock  '   itemprop=\"text\" ><p style=\"text-align: center;\"><span style=\"font-size: 18pt;\"><strong>Ministerio de Bienes Nacionales encabeza primera jornada\u00a0<\/strong><strong>de planificaci\u00f3n con Seremis del pa\u00eds<\/strong><\/span><\/p>\n<div id=\"gtx-trans\" style=\"position: absolute; left: -50px; top: 4.31534px;\">\n<div class=\"gtx-trans-icon\"><\/div>\n<\/div>\n<\/div><\/section><\/div><div class=\"flex_column av_one_full  flex_column_div av-zero-column-padding first  avia-builder-el-4  el_after_av_one_full  el_before_av_hr  column-top-margin\" style='border-radius:0px; '><section class=\"av_textblock_section \"  itemscope=\"itemscope\" itemtype=\"https:\/\/schema.org\/BlogPosting\" itemprop=\"blogPost\" ><div class='avia_textblock  '   itemprop=\"text\" ><p style=\"text-align: justify;\">El Ministerio de Bienes Nacionales encabez\u00f3 la primera jornada de planificaci\u00f3n 2022-2026 con las y los Seremis de todo el pa\u00eds, en dependencias del Centro Cultural Gabriela Mistral. Se trata de un encuentro de dos d\u00edas en el que participan la ministra Javiera Toro y la subsecretaria Marilen Cabrera, junto a todas las autoridades regionales, el que comenz\u00f3 con una intervenci\u00f3n de la Asociaci\u00f3n de Funcionarios de Bienes Nacionales (Anfubienes).<\/p>\n<p style=\"text-align: justify;\">Durante el encuentro, las y los Seremis recibieron el saludo del Presidente Gabriel Boric, quien subray\u00f3 que \u201cla integridad del territorio y el patrimonio fiscal, requieren de una mirada nueva, una mirada distinta, una mirada que sea m\u00e1s comprensiva de los desaf\u00edos que enfrentamos en un Chile de cambio, un Chile que nos exige transformaciones, que nos exige m\u00e1s justicia, m\u00e1s igualdad, m\u00e1s dignidad\u201d.<\/p>\n<p style=\"text-align: justify;\">En esa l\u00ednea, destac\u00f3 que \u201cla labor que ustedes cumplen es importante y no tengo dudas que liderado por nuestra ministra Javiera Toro vamos a poder revitalizar el servicio y salir adelante en estos cuatro a\u00f1os con una visi\u00f3n mucho m\u00e1s justa, mucho m\u00e1s integral del rol que tiene que cumplir este importante Ministerio y todos sus trabajadores y trabajadoras\u201d.<\/p>\n<p style=\"text-align: justify;\">La ministra Javiera Toro resalt\u00f3 la importancia de colaborar en el cumplimiento del programa de Gobierno, de transformaciones. \u201cNo nos toca ser un Gobierno de continuidad o de administraci\u00f3n. Si lo fu\u00e9ramos, no s\u00f3lo no estar\u00edamos teniendo un programa transformador<strong>, <\/strong>sino que quiz\u00e1s estar\u00edamos contribuyendo a acentuar las crisis que estamos viviendo como pa\u00eds\u201d, sostuvo la secretaria de Estado.<\/p>\n<p style=\"text-align: justify;\">La titular de Bienes Nacionales destac\u00f3 a la repartici\u00f3n como el \u201cMinisterio del territorio\u201d, que debe tener protagonismo en el trabajo para resolver necesidades esenciales del pa\u00eds. \u201cDeber\u00edamos como \u2018Ministerio del territorio\u2019, con nuestra expresi\u00f3n a lo largo de todo el pa\u00eds, ser puntal de un nuevo Estado, que responde a las necesidades que tenemos hoy d\u00eda, que tambi\u00e9n responde a los desaf\u00edos que van a ir surgiendo del proceso constituyente\u201d, a\u00f1adi\u00f3.<\/p>\n<p style=\"text-align: justify;\">La subsecretaria Marilen Cabrera hizo hincapi\u00e9 en que \u201cdesde el 18 de octubre venimos viviendo un momento en que la gente se rebel\u00f3 ante injusticias, entre ellas el no sentirse escuchados por la autoridad\u201d.<\/p>\n<p style=\"text-align: justify;\">Por eso, la autoridad inst\u00f3 a \u201cponer un sello de puertas abiertas, donde la gente sienta que esa indefensi\u00f3n ya no est\u00e1, que hay un trato distinto. Nuestros espacios como Ministerio en todo Chile, deben ser lugares acogedores y de amplia informaci\u00f3n. El buen trato incluye no dejar tr\u00e1mites o solicitudes pendientes por a\u00f1os como sucedi\u00f3 en administraciones anteriores\u201d.<\/p>\n<p style=\"text-align: justify;\">Por otra parte, la Seremi Irina Morend Valdebenito, resalt\u00f3 la importancia de consensuar lo dispuesto desde el nivel central y lo que se plantea desde regiones. \u201cLa importancia de este encuentro es que nos est\u00e1n entregando los lineamientos claros de c\u00f3mo vamos a dirigir nuestra gesti\u00f3n durante este periodo. Nosotros con el equipo de trabajo de la regi\u00f3n, hemos estado trabajando en sinton\u00eda de lo que hemos tratado en este primer encuentro y eso debemos ponerlo en valor, el reconocer el territorio, el ejercer el buen trato del territorio, con una mirada de pertinencia de las necesidades de nuestros usuarios, va muy relacionado con lo que se busca desde el Ministerio\u201d.<\/p>\n<\/div><\/section><\/div><div  style='height:50px' class='hr hr-invisible   avia-builder-el-6  el_after_av_one_full  el_before_av_social_share '><span class='hr-inner ' ><span class='hr-inner-style'><\/span><\/span><\/div><\/p>\n<div  class='av-social-sharing-box  avia-builder-el-7  el_after_av_hr  el_before_av_hr  '><div class='av-share-box'><h5 class='av-share-link-description av-no-toc '>Compartir esta noticia<\/h5><ul class='av-share-box-list noLightbox'><li class='av-share-link av-social-link-facebook' ><a target=\"_blank\" aria-label=\"Compartir en Facebook\" href='https:\/\/www.facebook.com\/sharer.php?u=https:\/\/radiorevelacionfm.cl\/?p=16682&#038;t=Ministerio%20de%20Bienes%20Nacionales%20encabeza%20primera%20jornada%20%20de%20planificaci%C3%B3n%20con%20Seremis%20del%20pa%C3%ADs' aria-hidden='false' data-av_icon='\ue8f3' data-av_iconfont='entypo-fontello' title='' data-avia-related-tooltip='Compartir en Facebook' rel=\"noopener\"><span class='avia_hidden_link_text'>Compartir en Facebook<\/span><\/a><\/li><li class='av-share-link av-social-link-twitter' ><a target=\"_blank\" aria-label=\"Compartir en Twitter\" href='https:\/\/twitter.com\/share?text=Ministerio%20de%20Bienes%20Nacionales%20encabeza%20primera%20jornada%20%20de%20planificaci%C3%B3n%20con%20Seremis%20del%20pa%C3%ADs&#038;url=https:\/\/radiorevelacionfm.cl\/?p=16682' aria-hidden='false' data-av_icon='\ue8f1' data-av_iconfont='entypo-fontello' title='' data-avia-related-tooltip='Compartir en Twitter' rel=\"noopener\"><span class='avia_hidden_link_text'>Compartir en Twitter<\/span><\/a><\/li><li class='av-share-link av-social-link-whatsapp' ><a target=\"_blank\" aria-label=\"Compartir en Whatsapp\" href='https:\/\/api.whatsapp.com\/send?text=https:\/\/radiorevelacionfm.cl\/?p=16682' aria-hidden='false' data-av_icon='\uf232' data-av_iconfont='entypo-fontello' title='' data-avia-related-tooltip='Compartir en Whatsapp' rel=\"noopener\"><span class='avia_hidden_link_text'>Compartir en Whatsapp<\/span><\/a><\/li><li class='av-share-link av-social-link-linkedin' ><a target=\"_blank\" aria-label=\"Compartir en LinkedIn\" href='https:\/\/linkedin.com\/shareArticle?mini=true&#038;title=Ministerio%20de%20Bienes%20Nacionales%20encabeza%20primera%20jornada%20%20de%20planificaci%C3%B3n%20con%20Seremis%20del%20pa%C3%ADs&#038;url=https:\/\/radiorevelacionfm.cl\/?p=16682' aria-hidden='false' data-av_icon='\ue8fc' data-av_iconfont='entypo-fontello' title='' data-avia-related-tooltip='Compartir en LinkedIn' rel=\"noopener\"><span class='avia_hidden_link_text'>Compartir en LinkedIn<\/span><\/a><\/li><li class='av-share-link av-social-link-mail' ><a  aria-label=\"Compartir por correo\" href='mailto:?subject=Ministerio%20de%20Bienes%20Nacionales%20encabeza%20primera%20jornada%20%20de%20planificaci%C3%B3n%20con%20Seremis%20del%20pa%C3%ADs&#038;body=https:\/\/radiorevelacionfm.cl\/?p=16682' aria-hidden='false' data-av_icon='\ue805' data-av_iconfont='entypo-fontello' title='' data-avia-related-tooltip='Compartir por correo'><span class='avia_hidden_link_text'>Compartir por correo<\/span><\/a><\/li><\/ul><\/div><\/div>\n<div  style='height:50px' class='hr hr-invisible   avia-builder-el-8  el_after_av_social_share  el_before_av_comments_list '><span class='hr-inner ' ><span class='hr-inner-style'><\/span><\/span><\/div>\n<div  class='av-buildercomment  av-blog-meta-html-info-disabled av-blog-meta-tag-disabled  '><\/div>\n","protected":false},"excerpt":{"rendered":"","protected":false},"author":1,"featured_media":16683,"comment_status":"open","ping_status":"open","sticky":false,"template":"","format":"standard","meta":{"footnotes":""},"categories":[35],"tags":[],"class_list":["post-16682","post","type-post","status-publish","format-standard","has-post-thumbnail","hentry","category-politica"],"jetpack_featured_media_url":"https:\/\/radiorevelacionfm.cl\/wp-content\/uploads\/2022\/05\/IMOREND-MINISTRA-Y-SUBSE-1-1.jpeg","_links":{"self":[{"href":"https:\/\/radiorevelacionfm.cl\/index.php?rest_route=\/wp\/v2\/posts\/16682","targetHints":{"allow":["GET"]}}],"collection":[{"href":"https:\/\/radiorevelacionfm.cl\/index.php?rest_route=\/wp\/v2\/posts"}],"about":[{"href":"https:\/\/radiorevelacionfm.cl\/index.php?rest_route=\/wp\/v2\/types\/post"}],"author":[{"embeddable":true,"href":"https:\/\/radiorevelacionfm.cl\/index.php?rest_route=\/wp\/v2\/users\/1"}],"replies":[{"embeddable":true,"href":"https:\/\/radiorevelacionfm.cl\/index.php?rest_route=%2Fwp%2Fv2%2Fcomments&post=16682"}],"version-history":[{"count":2,"href":"https:\/\/radiorevelacionfm.cl\/index.php?rest_route=\/wp\/v2\/posts\/16682\/revisions"}],"predecessor-version":[{"id":16721,"href":"https:\/\/radiorevelacionfm.cl\/index.php?rest_route=\/wp\/v2\/posts\/16682\/revisions\/16721"}],"wp:featuredmedia":[{"embeddable":true,"href":"https:\/\/radiorevelacionfm.cl\/index.php?rest_route=\/wp\/v2\/media\/16683"}],"wp:attachment":[{"href":"https:\/\/radiorevelacionfm.cl\/index.php?rest_route=%2Fwp%2Fv2%2Fmedia&parent=16682"}],"wp:term":[{"taxonomy":"category","embeddable":true,"href":"https:\/\/radiorevelacionfm.cl\/index.php?rest_route=%2Fwp%2Fv2%2Fcategories&post=16682"},{"taxonomy":"post_tag","embeddable":true,"href":"https:\/\/radiorevelacionfm.cl\/index.php?rest_route=%2Fwp%2Fv2%2Ftags&post=16682"}],"curies":[{"name":"wp","href":"https:\/\/api.w.org\/{rel}","templated":true}]}}