{"id":16679,"date":"2022-05-10T19:34:09","date_gmt":"2022-05-10T22:34:09","guid":{"rendered":"https:\/\/radiorevelacionfm.cl\/?p=16679"},"modified":"2022-05-10T19:34:09","modified_gmt":"2022-05-10T22:34:09","slug":"subdere-explica-la-importancia-de-la-tenencia-responsable-de-mascotas-a-ninos-y-ninas-de-jardin-infantil-de-aysen","status":"publish","type":"post","link":"https:\/\/radiorevelacionfm.cl\/?p=16679","title":{"rendered":"Subdere explica la importancia de la tenencia responsable de mascotas a ni\u00f1os y ni\u00f1as de jard\u00edn infantil de Ays\u00e9n"},"content":{"rendered":"<div class=\"flex_column av_one_full  flex_column_div av-zero-column-padding first  avia-builder-el-0  el_before_av_one_full  avia-builder-el-first  \" style='border-radius:0px; '><div  class='avia-image-container  av-styling-    avia-builder-el-1  avia-builder-el-no-sibling  avia-align-center '  itemprop=\"image\" itemscope=\"itemscope\" itemtype=\"https:\/\/schema.org\/ImageObject\"  ><div class='avia-image-container-inner'><div class='avia-image-overlay-wrap'><img decoding=\"async\" class='wp-image-16680 avia-img-lazy-loading-not-16680 avia_image' src=\"https:\/\/radiorevelacionfm.cl\/wp-content\/uploads\/2022\/05\/unnamed-28-1_optimized.jpg\" alt='' title='unnamed-(28)-(1)_optimized' height=\"600\" width=\"1333\"  itemprop=\"thumbnailUrl\" srcset=\"https:\/\/radiorevelacionfm.cl\/wp-content\/uploads\/2022\/05\/unnamed-28-1_optimized.jpg 1333w, https:\/\/radiorevelacionfm.cl\/wp-content\/uploads\/2022\/05\/unnamed-28-1_optimized-300x135.jpg 300w, https:\/\/radiorevelacionfm.cl\/wp-content\/uploads\/2022\/05\/unnamed-28-1_optimized-1030x464.jpg 1030w, https:\/\/radiorevelacionfm.cl\/wp-content\/uploads\/2022\/05\/unnamed-28-1_optimized-768x346.jpg 768w, https:\/\/radiorevelacionfm.cl\/wp-content\/uploads\/2022\/05\/unnamed-28-1_optimized-705x317.jpg 705w, https:\/\/radiorevelacionfm.cl\/wp-content\/uploads\/2022\/05\/unnamed-28-1_optimized-600x270.jpg 600w\" sizes=\"(max-width: 1333px) 100vw, 1333px\" \/><\/div><\/div><\/div><\/div><div class=\"flex_column av_one_full  flex_column_div av-zero-column-padding first  avia-builder-el-2  el_after_av_one_full  el_before_av_one_full  column-top-margin\" style='border-radius:0px; '><section class=\"av_textblock_section \"  itemscope=\"itemscope\" itemtype=\"https:\/\/schema.org\/BlogPosting\" itemprop=\"blogPost\" ><div class='avia_textblock  '   itemprop=\"text\" ><p style=\"text-align: center;\"><span style=\"font-size: 18pt;\"><b>Subdere explica la importancia de la tenencia responsable de mascotas a ni\u00f1os y ni\u00f1as de jard\u00edn infantil de Ays\u00e9n<\/b><\/span><\/p>\n<div id=\"gtx-trans\" style=\"position: absolute; left: -50px; top: 4.31534px;\">\n<div class=\"gtx-trans-icon\"><\/div>\n<\/div>\n<\/div><\/section><\/div><div class=\"flex_column av_one_full  flex_column_div av-zero-column-padding first  avia-builder-el-4  el_after_av_one_full  el_before_av_hr  column-top-margin\" style='border-radius:0px; '><section class=\"av_textblock_section \"  itemscope=\"itemscope\" itemtype=\"https:\/\/schema.org\/BlogPosting\" itemprop=\"blogPost\" ><div class='avia_textblock  '   itemprop=\"text\" ><p style=\"font-weight: 400; text-align: justify;\">En el marco del D\u00eda del Trabajador y la Trabajadora, el jard\u00edn infantil Kaukalem \u2013 del Junji- quiso resaltar el trabajo que tienen los m\u00e9dicos veterinarios en cuanto al cuidado a los animales, por lo que invit\u00f3 al programa Mascota Protegida (Ptrac) de la Subsecretar\u00eda de Desarrollo Regional y Administrativo (Subdere) para que ense\u00f1ara a ni\u00f1os y ni\u00f1as del nivel medio mayor -3 y 4 a\u00f1os- sobre el rol de estos profesionales y la importancia de la tenencia responsable de mascotas.<\/p>\n<p style=\"font-weight: 400; text-align: justify;\">En la ocasi\u00f3n, fue la asesora regional del Ptrac, Delia Araus, quien llev\u00f3 a cabo la charla cuyo enfoque estuvo en los cuidados que se deben procurar para una buena salud y bienestar de las mascotas incluyendo vacunaciones y desparasitaciones regulares; cuidados en la casa como: comida en cantidad y calidad que sean acordes a su especie y estado fisiol\u00f3gico, agua limpia, fresca y permanente, procurarles un espacio donde puedan refugiarse del clima; paseos en compa\u00f1\u00eda y en el caso de los ni\u00f1os, interactuar siempre con supervisi\u00f3n de un adulto; y la importancia de no interactuar con animales desconocidos.<\/p>\n<p style=\"font-weight: 400; text-align: justify;\">\u201cNos interesa enormemente fortalecer la colaboraci\u00f3n intersectorial, en donde los servicios puedan interactuar y trabajar en conjunto para lograr el objetivo de generar el cambio en la comunidad respecto a la tenencia responsable de mascotas y su participaci\u00f3n conjunta. El poder transmitir desde nuestra visi\u00f3n la importancia que tiene el cuidado de mascotas a la mayor cantidad de personas desde los primeros a\u00f1os de vida, se vuelve fundamental para generar una conciencia colectiva de la importancia que tienen nuestras mascotas dentro de las familias, su cuidado y el cari\u00f1o que debemos entregarles\u201d, dijo el jefe regional de Subdere Ays\u00e9n, Guillermo Mart\u00ednez.<\/p>\n<p style=\"font-weight: 400; text-align: justify;\">En tanto, la asesora regional del Ptrac, Delia Araus, sostuvo que \u201ccreemos en la importancia de seguir fortaleciendo estas actividades, en realizar intervenciones que sea l\u00fadicas y comprensibles para los ni\u00f1os y ni\u00f1as, ya que educar en etapas iniciales, a nivel de jard\u00edn, nos permite no s\u00f3lo sembrar conocimiento en el ni\u00f1o, sino que a toda su familia y cercanos en pos de mejorar la convivencia responsable y el bienestar de las mascotas que hoy son consideradas parte de nuestra familia- una familia multiespecie\u201d.<\/p>\n<p style=\"font-weight: 400; text-align: justify;\">La Subdere regional tiene consideradas en su plan de trabajo, actividades intersectoriales que permiten aunar esfuerzos en lo que respecta a masificar el mensaje sobre la tenencia responsable de mascotas en las comunidades de la zona.<\/p>\n<p style=\"font-weight: 400; text-align: justify;\">La charla se dio de forma did\u00e1ctica, apoyada por dibujos, para que los ni\u00f1os y ni\u00f1as mantuvieran la atenci\u00f3n y aprendieran de forma entretenida.<\/p>\n<\/div><\/section><\/div><div  style='height:50px' class='hr hr-invisible   avia-builder-el-6  el_after_av_one_full  el_before_av_social_share '><span class='hr-inner ' ><span class='hr-inner-style'><\/span><\/span><\/div><\/p>\n<div  class='av-social-sharing-box  avia-builder-el-7  el_after_av_hr  el_before_av_hr  '><div class='av-share-box'><h5 class='av-share-link-description av-no-toc '>Compartir esta noticia<\/h5><ul class='av-share-box-list noLightbox'><li class='av-share-link av-social-link-facebook' ><a target=\"_blank\" aria-label=\"Compartir en Facebook\" href='https:\/\/www.facebook.com\/sharer.php?u=https:\/\/radiorevelacionfm.cl\/?p=16679&#038;t=Subdere%20explica%20la%20importancia%20de%20la%20tenencia%20responsable%20de%20mascotas%20a%20ni%C3%B1os%20y%20ni%C3%B1as%20de%20jard%C3%ADn%20infantil%20de%20Ays%C3%A9n' aria-hidden='false' data-av_icon='\ue8f3' data-av_iconfont='entypo-fontello' title='' data-avia-related-tooltip='Compartir en Facebook' rel=\"noopener\"><span class='avia_hidden_link_text'>Compartir en Facebook<\/span><\/a><\/li><li class='av-share-link av-social-link-twitter' ><a target=\"_blank\" aria-label=\"Compartir en Twitter\" href='https:\/\/twitter.com\/share?text=Subdere%20explica%20la%20importancia%20de%20la%20tenencia%20responsable%20de%20mascotas%20a%20ni%C3%B1os%20y%20ni%C3%B1as%20de%20jard%C3%ADn%20infantil%20de%20Ays%C3%A9n&#038;url=https:\/\/radiorevelacionfm.cl\/?p=16679' aria-hidden='false' data-av_icon='\ue8f1' data-av_iconfont='entypo-fontello' title='' data-avia-related-tooltip='Compartir en Twitter' rel=\"noopener\"><span class='avia_hidden_link_text'>Compartir en Twitter<\/span><\/a><\/li><li class='av-share-link av-social-link-whatsapp' ><a target=\"_blank\" aria-label=\"Compartir en Whatsapp\" href='https:\/\/api.whatsapp.com\/send?text=https:\/\/radiorevelacionfm.cl\/?p=16679' aria-hidden='false' data-av_icon='\uf232' data-av_iconfont='entypo-fontello' title='' data-avia-related-tooltip='Compartir en Whatsapp' rel=\"noopener\"><span class='avia_hidden_link_text'>Compartir en Whatsapp<\/span><\/a><\/li><li class='av-share-link av-social-link-linkedin' ><a target=\"_blank\" aria-label=\"Compartir en LinkedIn\" href='https:\/\/linkedin.com\/shareArticle?mini=true&#038;title=Subdere%20explica%20la%20importancia%20de%20la%20tenencia%20responsable%20de%20mascotas%20a%20ni%C3%B1os%20y%20ni%C3%B1as%20de%20jard%C3%ADn%20infantil%20de%20Ays%C3%A9n&#038;url=https:\/\/radiorevelacionfm.cl\/?p=16679' aria-hidden='false' data-av_icon='\ue8fc' data-av_iconfont='entypo-fontello' title='' data-avia-related-tooltip='Compartir en LinkedIn' rel=\"noopener\"><span class='avia_hidden_link_text'>Compartir en LinkedIn<\/span><\/a><\/li><li class='av-share-link av-social-link-mail' ><a  aria-label=\"Compartir por correo\" href='mailto:?subject=Subdere%20explica%20la%20importancia%20de%20la%20tenencia%20responsable%20de%20mascotas%20a%20ni%C3%B1os%20y%20ni%C3%B1as%20de%20jard%C3%ADn%20infantil%20de%20Ays%C3%A9n&#038;body=https:\/\/radiorevelacionfm.cl\/?p=16679' aria-hidden='false' data-av_icon='\ue805' data-av_iconfont='entypo-fontello' title='' data-avia-related-tooltip='Compartir por correo'><span class='avia_hidden_link_text'>Compartir por correo<\/span><\/a><\/li><\/ul><\/div><\/div>\n<div  style='height:50px' class='hr hr-invisible   avia-builder-el-8  el_after_av_social_share  el_before_av_comments_list '><span class='hr-inner ' ><span class='hr-inner-style'><\/span><\/span><\/div>\n<div  class='av-buildercomment  av-blog-meta-html-info-disabled av-blog-meta-tag-disabled  '><\/div>\n","protected":false},"excerpt":{"rendered":"","protected":false},"author":1,"featured_media":16680,"comment_status":"open","ping_status":"open","sticky":false,"template":"","format":"standard","meta":{"footnotes":""},"categories":[49,38],"tags":[],"class_list":["post-16679","post","type-post","status-publish","format-standard","has-post-thumbnail","hentry","category-educacion","category-regional"],"jetpack_featured_media_url":"https:\/\/radiorevelacionfm.cl\/wp-content\/uploads\/2022\/05\/unnamed-28-1_optimized.jpg","_links":{"self":[{"href":"https:\/\/radiorevelacionfm.cl\/index.php?rest_route=\/wp\/v2\/posts\/16679","targetHints":{"allow":["GET"]}}],"collection":[{"href":"https:\/\/radiorevelacionfm.cl\/index.php?rest_route=\/wp\/v2\/posts"}],"about":[{"href":"https:\/\/radiorevelacionfm.cl\/index.php?rest_route=\/wp\/v2\/types\/post"}],"author":[{"embeddable":true,"href":"https:\/\/radiorevelacionfm.cl\/index.php?rest_route=\/wp\/v2\/users\/1"}],"replies":[{"embeddable":true,"href":"https:\/\/radiorevelacionfm.cl\/index.php?rest_route=%2Fwp%2Fv2%2Fcomments&post=16679"}],"version-history":[{"count":2,"href":"https:\/\/radiorevelacionfm.cl\/index.php?rest_route=\/wp\/v2\/posts\/16679\/revisions"}],"predecessor-version":[{"id":16716,"href":"https:\/\/radiorevelacionfm.cl\/index.php?rest_route=\/wp\/v2\/posts\/16679\/revisions\/16716"}],"wp:featuredmedia":[{"embeddable":true,"href":"https:\/\/radiorevelacionfm.cl\/index.php?rest_route=\/wp\/v2\/media\/16680"}],"wp:attachment":[{"href":"https:\/\/radiorevelacionfm.cl\/index.php?rest_route=%2Fwp%2Fv2%2Fmedia&parent=16679"}],"wp:term":[{"taxonomy":"category","embeddable":true,"href":"https:\/\/radiorevelacionfm.cl\/index.php?rest_route=%2Fwp%2Fv2%2Fcategories&post=16679"},{"taxonomy":"post_tag","embeddable":true,"href":"https:\/\/radiorevelacionfm.cl\/index.php?rest_route=%2Fwp%2Fv2%2Ftags&post=16679"}],"curies":[{"name":"wp","href":"https:\/\/api.w.org\/{rel}","templated":true}]}}