{"id":16675,"date":"2022-05-10T12:22:11","date_gmt":"2022-05-10T15:22:11","guid":{"rendered":"https:\/\/radiorevelacionfm.cl\/?p=16675"},"modified":"2022-05-10T12:22:11","modified_gmt":"2022-05-10T15:22:11","slug":"ayseninas-inician-su-trayectoria-en-el-programa-mujeres-jefas-de-hogar-2022","status":"publish","type":"post","link":"https:\/\/radiorevelacionfm.cl\/?p=16675","title":{"rendered":"Ayseninas inician su trayectoria en el Programa Mujeres Jefas de Hogar 2022"},"content":{"rendered":"<div class=\"flex_column av_one_full  flex_column_div av-zero-column-padding first  avia-builder-el-0  el_before_av_one_full  avia-builder-el-first  \" style='border-radius:0px; '><div  class='avia-image-container  av-styling-    avia-builder-el-1  avia-builder-el-no-sibling  avia-align-center '  itemprop=\"image\" itemscope=\"itemscope\" itemtype=\"https:\/\/schema.org\/ImageObject\"  ><div class='avia-image-container-inner'><div class='avia-image-overlay-wrap'><img decoding=\"async\" class='wp-image-16676 avia-img-lazy-loading-not-16676 avia_image' src=\"https:\/\/radiorevelacionfm.cl\/wp-content\/uploads\/2022\/05\/lanzamiento-programa-mjh-2022-4-1_optimized.jpg\" alt='' title='lanzamiento-programa-mjh-2022-(4)-(1)_optimized' height=\"600\" width=\"1408\"  itemprop=\"thumbnailUrl\" srcset=\"https:\/\/radiorevelacionfm.cl\/wp-content\/uploads\/2022\/05\/lanzamiento-programa-mjh-2022-4-1_optimized.jpg 1408w, https:\/\/radiorevelacionfm.cl\/wp-content\/uploads\/2022\/05\/lanzamiento-programa-mjh-2022-4-1_optimized-300x128.jpg 300w, https:\/\/radiorevelacionfm.cl\/wp-content\/uploads\/2022\/05\/lanzamiento-programa-mjh-2022-4-1_optimized-1030x439.jpg 1030w, https:\/\/radiorevelacionfm.cl\/wp-content\/uploads\/2022\/05\/lanzamiento-programa-mjh-2022-4-1_optimized-768x327.jpg 768w, https:\/\/radiorevelacionfm.cl\/wp-content\/uploads\/2022\/05\/lanzamiento-programa-mjh-2022-4-1_optimized-705x300.jpg 705w, https:\/\/radiorevelacionfm.cl\/wp-content\/uploads\/2022\/05\/lanzamiento-programa-mjh-2022-4-1_optimized-600x256.jpg 600w\" sizes=\"(max-width: 1408px) 100vw, 1408px\" \/><\/div><\/div><\/div><\/div><div class=\"flex_column av_one_full  flex_column_div av-zero-column-padding first  avia-builder-el-2  el_after_av_one_full  el_before_av_one_full  column-top-margin\" style='border-radius:0px; '><section class=\"av_textblock_section \"  itemscope=\"itemscope\" itemtype=\"https:\/\/schema.org\/BlogPosting\" itemprop=\"blogPost\" ><div class='avia_textblock  '   itemprop=\"text\" ><p class=\"v1MsoNormal\" style=\"text-align: center;\"><strong><span lang=\"ES\" style=\"font-size: 18pt;\">Ayseninas inician su trayectoria en el Programa Mujeres Jefas de Hogar 2022<\/span><\/strong><\/p>\n<p class=\"v1MsoNormal\"><span lang=\"ES\">\u00a0<\/span><\/p>\n<div id=\"gtx-trans\" style=\"position: absolute; left: -50px; top: 4.31534px;\">\n<div class=\"gtx-trans-icon\"><\/div>\n<\/div>\n<\/div><\/section><\/div><div class=\"flex_column av_one_full  flex_column_div av-zero-column-padding first  avia-builder-el-4  el_after_av_one_full  el_before_av_hr  column-top-margin\" style='border-radius:0px; '><section class=\"av_textblock_section \"  itemscope=\"itemscope\" itemtype=\"https:\/\/schema.org\/BlogPosting\" itemprop=\"blogPost\" ><div class='avia_textblock  '   itemprop=\"text\" ><p class=\"v1MsoNormal\" style=\"text-align: justify;\">En el marco de los resguardos sanitarios para el manejo del COVID \u2013 19, se realiz\u00f3 el lanzamiento del Programa Mujeres Jefas de Hogar a\u00f1o 2022 a trav\u00e9s de una ceremonia virtual, en el que se dio la bienvenida a 90 participantes seleccionadas de Puerto Ays\u00e9n y Puerto Chacabuco. El modelo program\u00e1tico del Servicio Nacional de la Mujer y la Equidad de G\u00e9nero, SernamEG, se ejecuta en el territorio, en convenio con la Municipalidad de Ays\u00e9n.<\/p>\n<p class=\"v1MsoNormal\" style=\"text-align: justify;\">Durante su intervenci\u00f3n, el Delegado Presidencial Regional de Ays\u00e9n, Rodrigo Araya Morales, dijo: \u00abe<span lang=\"ES\">l Programa Mujeres Jefas de Hogar es muy importante y tiene ya su historia, el que viene a apoyar y resolver un problema de brecha de g\u00e9nero que tenemos frente a las posibilidades de las mujeres de acceder a fuentes laborales, todas las actividades que tienen van en esa l\u00ednea, justamente el abordar esa brecha de equidad. De ah\u00ed lo importante de que ustedes participen y aprovechen todas estas instancias donde distintas instituciones van a trabajar en conjunto con ustedes\u00bb.<\/span><\/p>\n<p class=\"v1MsoNormal\" style=\"text-align: justify;\"><span lang=\"ES\">Por su parte, el Administrador Municipal de Ays\u00e9n, Oscar Az\u00f3car Adriazola, destac\u00f3 las caracter\u00edsticas del modelo program\u00e1tico, precisando que \u00abel Programa del Servicio Nacional de la Mujer y la Equidad de G\u00e9nero tiene como principal objetivo el entregar herramientas que permitan a las mujeres alcanzar la autonom\u00eda econ\u00f3mica e insertarse laboralmente, para mejorar sus competencias en el \u00e1mbito laboral y sus habilidades. En nombre de nuestro Alcalde, Julio Uribe Alvarado, desearles todo el \u00e9xito en este nuevo desaf\u00edo para que puedan desarrollarse de manera efectiva en el campo laboral\u00bb. \u00a0<\/span><\/p>\n<p class=\"v1MsoNormal\" style=\"text-align: justify;\"><span lang=\"ES\">\u00a0<\/span><span lang=\"ES\">Una de las participantes del a\u00f1o 2021, Fanny C\u00e9spedes P\u00e9rez, entreg\u00f3 su testimonio durante la actividad. \u00abAgradezco la ayuda que se me ha brindado, lo que me permiti\u00f3 aprobar dos capacitaciones virtuales; una de ellas como emprendedora denominada DreamBuilder, y la otra, de mec\u00e1nica automotriz b\u00e1sica que contaba con una Tablet con conexi\u00f3n a internet. Adem\u00e1s, logr\u00e9 acceder a oftalm\u00f3logo y postular a FOSIS. Invito a las que hoy comienzan su camino a tratar con confianza a las profesionales del Programa Mujeres Jefas de Hogar, porque ellas siempre est\u00e1n dispuestas a ayudar y a buscar respuestas a nuestras inquietudes\u00bb, manifest\u00f3.\u00a0<\/span><\/p>\n<p class=\"v1MsoNormal\" style=\"text-align: justify;\"><span lang=\"ES\">\u00a0<\/span><span lang=\"ES\">En la ceremonia de lanzamiento del Programa Mujeres Jefas de Hogar estuvieron presentes el Delegado Presidencial Regional de Ays\u00e9n, Rodrigo Araya Morales; las secretar\u00edas regionales ministeriales de Econom\u00eda, Rosa Machac\u00e1n Navarrete, y de la Mujer y la Equidad de G\u00e9nero, Andrea M\u00e9ndez Valenzuela; la concejal de la comuna de Ays\u00e9n, Rosa Gonz\u00e1lez B\u00f3rquez; el Director Regional de JUNJI, Sergio Herrera Hern\u00e1ndez; la Directora Regional Subrogante de SernamEG, Carla Arriagada Malague\u00f1o; y el Administrador Municipal de Ays\u00e9n, Oscar Az\u00f3car Adriazola.<\/span><\/p>\n<p class=\"v1MsoNormal\" style=\"text-align: justify;\"><b><span lang=\"ES\">\u00a0<\/span><\/b><\/p>\n<p class=\"v1MsoNormal\" style=\"text-align: justify;\"><b><span lang=\"ES\">INSERCI\u00d3N LABORAL FEMENINA<\/span><\/b><\/p>\n<p class=\"v1MsoNormal\" style=\"text-align: justify;\">El \u00e9nfasis del Programa Mujeres Jefas de Hogar est\u00e1 en el desarrollo y fortalecimiento de condiciones para el trabajo remunerado de las jefas de hogar &#8211; habilidades, capacidades, redes, servicios sociales, entre otros- ya que las competencias en este nivel son las que contribuyen a la sostenibilidad en el mercado del trabajo y la generaci\u00f3n de ingresos para las mujeres, mediante la trayectoria o proyecto laboral de cada una de ellas.<\/p>\n<p class=\"v1MsoNormal\" style=\"text-align: justify;\">L<span lang=\"ES\">a Directora Regional Subrogante de SernamEG, Carla Arriagada Malague\u00f1o, se refiri\u00f3 a las dificultades que han vivido las mujeres para mantenerse en sus trabajos producto del confinamiento por el manejo del Covid- 19. Al respecto, se\u00f1al\u00f3: \u00abla CASEN del a\u00f1o 2020 nos muestra que las jefaturas de hogar femeninas que estaban en situaci\u00f3n de pobreza llegaban al 11,4% versus la jefatura de hogar masculina que llegaba al 7,6%. Es decir, hay muchas m\u00e1s mujeres jefas de hogar que est\u00e1n en situaci\u00f3n de pobreza respecto de los hombres. Este Programa apunta a dar garant\u00edas a la participaci\u00f3n laboral de las mujeres, porque la idea es que pueda realizarse en igualdad de condiciones y de derechos. Obviamente, tenemos que darle mucha fuerza al Programa para que a prop\u00f3sito del desconfinamiento puedan insertarse laboralmente en las mejores condiciones\u00bb.\u00a0<\/span><\/p>\n<p class=\"v1MsoNormal\" style=\"text-align: justify;\"><span lang=\"ES\">\u00a0<\/span>El Programa Mujeres Jefas de Hogar se ejecuta en el territorio comunal desde su inicio de manera ininterrumpida, a trav\u00e9s de sucesivos convenios suscritos entre SernamEG y la Municipalidad de Ays\u00e9n. Para su ejecuci\u00f3n, el Municipio tiene habilitada una oficina; bajo dependencia de la Direcci\u00f3n de Desarrollo Comunitario, DIDECO. Finalmente, l<span lang=\"ES\">a participaci\u00f3n de las mujeres se inicia con los Talleres de Formaci\u00f3n para el Trabajo y la elaboraci\u00f3n del proyecto laboral individual de corto, mediano y largo plazo de cada participante.<\/span><\/p>\n<p class=\"v1MsoNormal\"><span lang=\"ES\">\u00a0<\/span><\/p>\n<\/div><\/section><\/div><div  style='height:50px' class='hr hr-invisible   avia-builder-el-6  el_after_av_one_full  el_before_av_social_share '><span class='hr-inner ' ><span class='hr-inner-style'><\/span><\/span><\/div><\/p>\n<div  class='av-social-sharing-box  avia-builder-el-7  el_after_av_hr  el_before_av_hr  '><div class='av-share-box'><h5 class='av-share-link-description av-no-toc '>Compartir esta noticia<\/h5><ul class='av-share-box-list noLightbox'><li class='av-share-link av-social-link-facebook' ><a target=\"_blank\" aria-label=\"Compartir en Facebook\" href='https:\/\/www.facebook.com\/sharer.php?u=https:\/\/radiorevelacionfm.cl\/?p=16675&#038;t=Ayseninas%20inician%20su%20trayectoria%20en%20el%20Programa%20Mujeres%20Jefas%20de%20Hogar%202022' aria-hidden='false' data-av_icon='\ue8f3' data-av_iconfont='entypo-fontello' title='' data-avia-related-tooltip='Compartir en Facebook' rel=\"noopener\"><span class='avia_hidden_link_text'>Compartir en Facebook<\/span><\/a><\/li><li class='av-share-link av-social-link-twitter' ><a target=\"_blank\" aria-label=\"Compartir en Twitter\" href='https:\/\/twitter.com\/share?text=Ayseninas%20inician%20su%20trayectoria%20en%20el%20Programa%20Mujeres%20Jefas%20de%20Hogar%202022&#038;url=https:\/\/radiorevelacionfm.cl\/?p=16675' aria-hidden='false' data-av_icon='\ue8f1' data-av_iconfont='entypo-fontello' title='' data-avia-related-tooltip='Compartir en Twitter' rel=\"noopener\"><span class='avia_hidden_link_text'>Compartir en Twitter<\/span><\/a><\/li><li class='av-share-link av-social-link-whatsapp' ><a target=\"_blank\" aria-label=\"Compartir en Whatsapp\" href='https:\/\/api.whatsapp.com\/send?text=https:\/\/radiorevelacionfm.cl\/?p=16675' aria-hidden='false' data-av_icon='\uf232' data-av_iconfont='entypo-fontello' title='' data-avia-related-tooltip='Compartir en Whatsapp' rel=\"noopener\"><span class='avia_hidden_link_text'>Compartir en Whatsapp<\/span><\/a><\/li><li class='av-share-link av-social-link-linkedin' ><a target=\"_blank\" aria-label=\"Compartir en LinkedIn\" href='https:\/\/linkedin.com\/shareArticle?mini=true&#038;title=Ayseninas%20inician%20su%20trayectoria%20en%20el%20Programa%20Mujeres%20Jefas%20de%20Hogar%202022&#038;url=https:\/\/radiorevelacionfm.cl\/?p=16675' aria-hidden='false' data-av_icon='\ue8fc' data-av_iconfont='entypo-fontello' title='' data-avia-related-tooltip='Compartir en LinkedIn' rel=\"noopener\"><span class='avia_hidden_link_text'>Compartir en LinkedIn<\/span><\/a><\/li><li class='av-share-link av-social-link-mail' ><a  aria-label=\"Compartir por correo\" href='mailto:?subject=Ayseninas%20inician%20su%20trayectoria%20en%20el%20Programa%20Mujeres%20Jefas%20de%20Hogar%202022&#038;body=https:\/\/radiorevelacionfm.cl\/?p=16675' aria-hidden='false' data-av_icon='\ue805' data-av_iconfont='entypo-fontello' title='' data-avia-related-tooltip='Compartir por correo'><span class='avia_hidden_link_text'>Compartir por correo<\/span><\/a><\/li><\/ul><\/div><\/div>\n<div  style='height:50px' class='hr hr-invisible   avia-builder-el-8  el_after_av_social_share  el_before_av_comments_list '><span class='hr-inner ' ><span class='hr-inner-style'><\/span><\/span><\/div>\n<div  class='av-buildercomment  av-blog-meta-html-info-disabled av-blog-meta-tag-disabled  '><\/div>\n","protected":false},"excerpt":{"rendered":"","protected":false},"author":1,"featured_media":16676,"comment_status":"open","ping_status":"open","sticky":false,"template":"","format":"standard","meta":{"footnotes":""},"categories":[47,56],"tags":[],"class_list":["post-16675","post","type-post","status-publish","format-standard","has-post-thumbnail","hentry","category-reportajes","category-trabajo"],"jetpack_featured_media_url":"https:\/\/radiorevelacionfm.cl\/wp-content\/uploads\/2022\/05\/lanzamiento-programa-mjh-2022-4-1_optimized.jpg","_links":{"self":[{"href":"https:\/\/radiorevelacionfm.cl\/index.php?rest_route=\/wp\/v2\/posts\/16675","targetHints":{"allow":["GET"]}}],"collection":[{"href":"https:\/\/radiorevelacionfm.cl\/index.php?rest_route=\/wp\/v2\/posts"}],"about":[{"href":"https:\/\/radiorevelacionfm.cl\/index.php?rest_route=\/wp\/v2\/types\/post"}],"author":[{"embeddable":true,"href":"https:\/\/radiorevelacionfm.cl\/index.php?rest_route=\/wp\/v2\/users\/1"}],"replies":[{"embeddable":true,"href":"https:\/\/radiorevelacionfm.cl\/index.php?rest_route=%2Fwp%2Fv2%2Fcomments&post=16675"}],"version-history":[{"count":2,"href":"https:\/\/radiorevelacionfm.cl\/index.php?rest_route=\/wp\/v2\/posts\/16675\/revisions"}],"predecessor-version":[{"id":16678,"href":"https:\/\/radiorevelacionfm.cl\/index.php?rest_route=\/wp\/v2\/posts\/16675\/revisions\/16678"}],"wp:featuredmedia":[{"embeddable":true,"href":"https:\/\/radiorevelacionfm.cl\/index.php?rest_route=\/wp\/v2\/media\/16676"}],"wp:attachment":[{"href":"https:\/\/radiorevelacionfm.cl\/index.php?rest_route=%2Fwp%2Fv2%2Fmedia&parent=16675"}],"wp:term":[{"taxonomy":"category","embeddable":true,"href":"https:\/\/radiorevelacionfm.cl\/index.php?rest_route=%2Fwp%2Fv2%2Fcategories&post=16675"},{"taxonomy":"post_tag","embeddable":true,"href":"https:\/\/radiorevelacionfm.cl\/index.php?rest_route=%2Fwp%2Fv2%2Ftags&post=16675"}],"curies":[{"name":"wp","href":"https:\/\/api.w.org\/{rel}","templated":true}]}}