{"id":16671,"date":"2022-05-10T16:54:54","date_gmt":"2022-05-10T19:54:54","guid":{"rendered":"https:\/\/radiorevelacionfm.cl\/?p=16671"},"modified":"2022-05-10T16:54:54","modified_gmt":"2022-05-10T19:54:54","slug":"convocatoria-abierta-explora-aysen-invita-a-ser-parte-de-investigacion-e-innovacion-escolar-2022","status":"publish","type":"post","link":"https:\/\/radiorevelacionfm.cl\/?p=16671","title":{"rendered":"Convocatoria Abierta: Explora Ays\u00e9n invita a ser parte de Investigaci\u00f3n e Innovaci\u00f3n Escolar 2022"},"content":{"rendered":"<div class=\"flex_column av_one_full  flex_column_div av-zero-column-padding first  avia-builder-el-0  el_before_av_one_full  avia-builder-el-first  \" style='border-radius:0px; '><div  class='avia-image-container  av-styling-    avia-builder-el-1  avia-builder-el-no-sibling  avia-align-center '  itemprop=\"image\" itemscope=\"itemscope\" itemtype=\"https:\/\/schema.org\/ImageObject\"  ><div class='avia-image-container-inner'><div class='avia-image-overlay-wrap'><img decoding=\"async\" class='wp-image-16672 avia-img-lazy-loading-not-16672 avia_image' src=\"https:\/\/radiorevelacionfm.cl\/wp-content\/uploads\/2022\/05\/Convocatoria-IIE-2022_Explora-Aysen-1-1.png\" alt='' title='Convocatoria IIE 2022_Explora Ays\u00e9n (1) (1)' height=\"600\" width=\"938\"  itemprop=\"thumbnailUrl\" srcset=\"https:\/\/radiorevelacionfm.cl\/wp-content\/uploads\/2022\/05\/Convocatoria-IIE-2022_Explora-Aysen-1-1.png 938w, https:\/\/radiorevelacionfm.cl\/wp-content\/uploads\/2022\/05\/Convocatoria-IIE-2022_Explora-Aysen-1-1-300x192.png 300w, https:\/\/radiorevelacionfm.cl\/wp-content\/uploads\/2022\/05\/Convocatoria-IIE-2022_Explora-Aysen-1-1-768x491.png 768w, https:\/\/radiorevelacionfm.cl\/wp-content\/uploads\/2022\/05\/Convocatoria-IIE-2022_Explora-Aysen-1-1-705x451.png 705w, https:\/\/radiorevelacionfm.cl\/wp-content\/uploads\/2022\/05\/Convocatoria-IIE-2022_Explora-Aysen-1-1-600x384.png 600w\" sizes=\"(max-width: 938px) 100vw, 938px\" \/><\/div><\/div><\/div><\/div><div class=\"flex_column av_one_full  flex_column_div av-zero-column-padding first  avia-builder-el-2  el_after_av_one_full  el_before_av_one_full  column-top-margin\" style='border-radius:0px; '><section class=\"av_textblock_section \"  itemscope=\"itemscope\" itemtype=\"https:\/\/schema.org\/BlogPosting\" itemprop=\"blogPost\" ><div class='avia_textblock  '   itemprop=\"text\" ><p style=\"text-align: center;\"><span style=\"font-size: 18pt;\"><strong>Convocatoria Abierta: Explora Ays\u00e9n invita a ser parte de Investigaci\u00f3n e Innovaci\u00f3n Escolar 2022<\/strong><\/span><\/p>\n<div id=\"gtx-trans\" style=\"position: absolute; left: -50px; top: 4.31534px;\">\n<div class=\"gtx-trans-icon\"><\/div>\n<\/div>\n<\/div><\/section><\/div><div class=\"flex_column av_one_full  flex_column_div av-zero-column-padding first  avia-builder-el-4  el_after_av_one_full  el_before_av_hr  column-top-margin\" style='border-radius:0px; '><section class=\"av_textblock_section \"  itemscope=\"itemscope\" itemtype=\"https:\/\/schema.org\/BlogPosting\" itemprop=\"blogPost\" ><div class='avia_textblock  '   itemprop=\"text\" ><p style=\"text-align: justify;\">En busca de fomentar el desarrollo de habilidades de pensamiento cient\u00edfico en ni\u00f1os, ni\u00f1as y adolescentes y fortalecer su inter\u00e9s hacia la ciencia y la tecnolog\u00eda, el Proyecto Explora Ays\u00e9n del Ministerio de Ciencia, impulsado en la regi\u00f3n por el Campus Patagonia de la Universidad Austral de Chile, invita a docentes y estudiantes a inscribirse en <strong>Investigaci\u00f3n e Innovaci\u00f3n Escolar (IIE) 2022.<\/strong><\/p>\n<p style=\"text-align: justify;\"><strong>Vive una ruta de experiencias cient\u00edficas <\/strong><\/p>\n<p style=\"text-align: justify;\">Un espacio para que estudiantes y docentes de la regi\u00f3n puedan descubrir, discutir y trabajar en equipo en la b\u00fasqueda de soluciones a problem\u00e1ticas y necesidades que identifiquen en sus entornos es el objetivo de Investigaci\u00f3n e Innovaci\u00f3n Escolar 2022.<\/p>\n<p style=\"text-align: justify;\">Para esto, entre los meses de mayo a diciembre, los equipos de investigaci\u00f3n podr\u00e1n vivir una ruta de experiencias cient\u00edficas en la que podr\u00e1n hacerse preguntas, explorar y reflexionar a trav\u00e9s de talleres pedag\u00f3gicos tem\u00e1ticos adem\u00e1s de sesiones de trabajo con asesores\/as cient\u00edficos\/as que los apoyar\u00e1n durante toda su investigaci\u00f3n.<\/p>\n<p style=\"text-align: justify;\">Una de las novedades que trae consigo IIE 2022 en la regi\u00f3n de Ays\u00e9n es el <strong>regreso a la presencialidad<\/strong>, por lo que los talleres se realizar\u00e1n, en la medida que las condiciones sanitarias lo permitan, en modalidad presencial y contar\u00e1n con apoyo de transporte.<\/p>\n<p style=\"text-align: justify;\">Respecto a la nueva versi\u00f3n del Instrumento, Nicol\u00e1s L\u00f3pez Carrozzi, encargado de la iniciativa en la regi\u00f3n de Ays\u00e9n afirma: \u201cPara el Proyecto Asociativo Regional Explora Ays\u00e9n es muy importante que estudiantes, en grupos de dos o m\u00e1s personas y acompa\u00f1ados\/as de un\/a profesor\/a, identifiquen problem\u00e1ticas asociadas a su entorno para buscar soluciones creativas e innovadoras que puedan ser implementadas en la medida de lo posible. Los proyectos de investigaci\u00f3n pueden estar relacionados con las \u00e1reas de ciencias naturales y exactas, ciencias sociales, artes y humanidades y los proyectos de innovaci\u00f3n deben contar con una base cient\u00edfico-tecnol\u00f3gica. Te invitamos a ser parte de Investigaci\u00f3n e Innovaci\u00f3n Escolar a trav\u00e9s de una ruta de experiencias cient\u00edficas que, este a\u00f1o, retorna a la presencialidad en la medida que las condiciones sanitarias lo permitan\u201d.<\/p>\n<p style=\"text-align: justify;\"><strong>\u00bfC\u00f3mo inscribirse en IIE 2022? <\/strong><\/p>\n<p style=\"text-align: justify;\"><strong>\u00a0<\/strong>Para ser parte del Programa cada equipo de investigaci\u00f3n, conformados por un\/a docente y dos o m\u00e1s estudiantes de ense\u00f1anza b\u00e1sica o media, debe inscribirse a trav\u00e9s del <strong>formulario de participaci\u00f3n IIE 2022<\/strong> disponible en <a href=\"https:\/\/www.explora.cl\/aysen\/\">explora.cl\/aysen\/<\/a> y enviarlo al correo de contacto exploraysen@uach.cl hasta el<strong> 17 de mayo.<\/strong><\/p>\n<\/div><\/section><\/div><div  style='height:50px' class='hr hr-invisible   avia-builder-el-6  el_after_av_one_full  el_before_av_social_share '><span class='hr-inner ' ><span class='hr-inner-style'><\/span><\/span><\/div><\/p>\n<div  class='av-social-sharing-box  avia-builder-el-7  el_after_av_hr  el_before_av_hr  '><div class='av-share-box'><h5 class='av-share-link-description av-no-toc '>Compartir esta noticia<\/h5><ul class='av-share-box-list noLightbox'><li class='av-share-link av-social-link-facebook' ><a target=\"_blank\" aria-label=\"Compartir en Facebook\" href='https:\/\/www.facebook.com\/sharer.php?u=https:\/\/radiorevelacionfm.cl\/?p=16671&#038;t=Convocatoria%20Abierta%3A%20Explora%20Ays%C3%A9n%20invita%20a%20ser%20parte%20de%20Investigaci%C3%B3n%20e%20Innovaci%C3%B3n%20Escolar%202022' aria-hidden='false' data-av_icon='\ue8f3' data-av_iconfont='entypo-fontello' title='' data-avia-related-tooltip='Compartir en Facebook' rel=\"noopener\"><span class='avia_hidden_link_text'>Compartir en Facebook<\/span><\/a><\/li><li class='av-share-link av-social-link-twitter' ><a target=\"_blank\" aria-label=\"Compartir en Twitter\" href='https:\/\/twitter.com\/share?text=Convocatoria%20Abierta%3A%20Explora%20Ays%C3%A9n%20invita%20a%20ser%20parte%20de%20Investigaci%C3%B3n%20e%20Innovaci%C3%B3n%20Escolar%202022&#038;url=https:\/\/radiorevelacionfm.cl\/?p=16671' aria-hidden='false' data-av_icon='\ue8f1' data-av_iconfont='entypo-fontello' title='' data-avia-related-tooltip='Compartir en Twitter' rel=\"noopener\"><span class='avia_hidden_link_text'>Compartir en Twitter<\/span><\/a><\/li><li class='av-share-link av-social-link-whatsapp' ><a target=\"_blank\" aria-label=\"Compartir en Whatsapp\" href='https:\/\/api.whatsapp.com\/send?text=https:\/\/radiorevelacionfm.cl\/?p=16671' aria-hidden='false' data-av_icon='\uf232' data-av_iconfont='entypo-fontello' title='' data-avia-related-tooltip='Compartir en Whatsapp' rel=\"noopener\"><span class='avia_hidden_link_text'>Compartir en Whatsapp<\/span><\/a><\/li><li class='av-share-link av-social-link-linkedin' ><a target=\"_blank\" aria-label=\"Compartir en LinkedIn\" href='https:\/\/linkedin.com\/shareArticle?mini=true&#038;title=Convocatoria%20Abierta%3A%20Explora%20Ays%C3%A9n%20invita%20a%20ser%20parte%20de%20Investigaci%C3%B3n%20e%20Innovaci%C3%B3n%20Escolar%202022&#038;url=https:\/\/radiorevelacionfm.cl\/?p=16671' aria-hidden='false' data-av_icon='\ue8fc' data-av_iconfont='entypo-fontello' title='' data-avia-related-tooltip='Compartir en LinkedIn' rel=\"noopener\"><span class='avia_hidden_link_text'>Compartir en LinkedIn<\/span><\/a><\/li><li class='av-share-link av-social-link-mail' ><a  aria-label=\"Compartir por correo\" href='mailto:?subject=Convocatoria%20Abierta%3A%20Explora%20Ays%C3%A9n%20invita%20a%20ser%20parte%20de%20Investigaci%C3%B3n%20e%20Innovaci%C3%B3n%20Escolar%202022&#038;body=https:\/\/radiorevelacionfm.cl\/?p=16671' aria-hidden='false' data-av_icon='\ue805' data-av_iconfont='entypo-fontello' title='' data-avia-related-tooltip='Compartir por correo'><span class='avia_hidden_link_text'>Compartir por correo<\/span><\/a><\/li><\/ul><\/div><\/div>\n<div  style='height:50px' class='hr hr-invisible   avia-builder-el-8  el_after_av_social_share  el_before_av_comments_list '><span class='hr-inner ' ><span class='hr-inner-style'><\/span><\/span><\/div>\n<div  class='av-buildercomment  av-blog-meta-html-info-disabled av-blog-meta-tag-disabled  '><\/div>\n","protected":false},"excerpt":{"rendered":"","protected":false},"author":1,"featured_media":16672,"comment_status":"open","ping_status":"open","sticky":false,"template":"","format":"standard","meta":{"footnotes":""},"categories":[53,49],"tags":[],"class_list":["post-16671","post","type-post","status-publish","format-standard","has-post-thumbnail","hentry","category-ciencia","category-educacion"],"jetpack_featured_media_url":"https:\/\/radiorevelacionfm.cl\/wp-content\/uploads\/2022\/05\/Convocatoria-IIE-2022_Explora-Aysen-1-1.png","_links":{"self":[{"href":"https:\/\/radiorevelacionfm.cl\/index.php?rest_route=\/wp\/v2\/posts\/16671","targetHints":{"allow":["GET"]}}],"collection":[{"href":"https:\/\/radiorevelacionfm.cl\/index.php?rest_route=\/wp\/v2\/posts"}],"about":[{"href":"https:\/\/radiorevelacionfm.cl\/index.php?rest_route=\/wp\/v2\/types\/post"}],"author":[{"embeddable":true,"href":"https:\/\/radiorevelacionfm.cl\/index.php?rest_route=\/wp\/v2\/users\/1"}],"replies":[{"embeddable":true,"href":"https:\/\/radiorevelacionfm.cl\/index.php?rest_route=%2Fwp%2Fv2%2Fcomments&post=16671"}],"version-history":[{"count":2,"href":"https:\/\/radiorevelacionfm.cl\/index.php?rest_route=\/wp\/v2\/posts\/16671\/revisions"}],"predecessor-version":[{"id":16700,"href":"https:\/\/radiorevelacionfm.cl\/index.php?rest_route=\/wp\/v2\/posts\/16671\/revisions\/16700"}],"wp:featuredmedia":[{"embeddable":true,"href":"https:\/\/radiorevelacionfm.cl\/index.php?rest_route=\/wp\/v2\/media\/16672"}],"wp:attachment":[{"href":"https:\/\/radiorevelacionfm.cl\/index.php?rest_route=%2Fwp%2Fv2%2Fmedia&parent=16671"}],"wp:term":[{"taxonomy":"category","embeddable":true,"href":"https:\/\/radiorevelacionfm.cl\/index.php?rest_route=%2Fwp%2Fv2%2Fcategories&post=16671"},{"taxonomy":"post_tag","embeddable":true,"href":"https:\/\/radiorevelacionfm.cl\/index.php?rest_route=%2Fwp%2Fv2%2Ftags&post=16671"}],"curies":[{"name":"wp","href":"https:\/\/api.w.org\/{rel}","templated":true}]}}