{"id":16654,"date":"2022-05-09T21:56:11","date_gmt":"2022-05-10T00:56:11","guid":{"rendered":"https:\/\/radiorevelacionfm.cl\/?p=16654"},"modified":"2022-05-09T21:56:11","modified_gmt":"2022-05-10T00:56:11","slug":"carabineros-de-coyhaique-presta-apoyo-en-emergencia-por-sistema-frontal","status":"publish","type":"post","link":"https:\/\/radiorevelacionfm.cl\/?p=16654","title":{"rendered":"Carabineros de Coyhaique presta apoyo en emergencia por sistema frontal"},"content":{"rendered":"<div class=\"flex_column av_one_full  flex_column_div av-zero-column-padding first  avia-builder-el-0  el_before_av_one_full  avia-builder-el-first  \" style='border-radius:0px; '><div  class='avia-image-container  av-styling-    avia-builder-el-1  avia-builder-el-no-sibling  avia-align-center '  itemprop=\"image\" itemscope=\"itemscope\" itemtype=\"https:\/\/schema.org\/ImageObject\"  ><div class='avia-image-container-inner'><div class='avia-image-overlay-wrap'><img decoding=\"async\" class='wp-image-16655 avia-img-lazy-loading-not-16655 avia_image' src=\"https:\/\/radiorevelacionfm.cl\/wp-content\/uploads\/2022\/05\/fsmvaysx0aeqw_n-1_optimized.jpg\" alt='' title='fsmvaysx0aeqw_n-(1)_optimized' height=\"600\" width=\"1283\"  itemprop=\"thumbnailUrl\" srcset=\"https:\/\/radiorevelacionfm.cl\/wp-content\/uploads\/2022\/05\/fsmvaysx0aeqw_n-1_optimized.jpg 1283w, https:\/\/radiorevelacionfm.cl\/wp-content\/uploads\/2022\/05\/fsmvaysx0aeqw_n-1_optimized-300x140.jpg 300w, https:\/\/radiorevelacionfm.cl\/wp-content\/uploads\/2022\/05\/fsmvaysx0aeqw_n-1_optimized-1030x482.jpg 1030w, https:\/\/radiorevelacionfm.cl\/wp-content\/uploads\/2022\/05\/fsmvaysx0aeqw_n-1_optimized-768x359.jpg 768w, https:\/\/radiorevelacionfm.cl\/wp-content\/uploads\/2022\/05\/fsmvaysx0aeqw_n-1_optimized-705x330.jpg 705w, https:\/\/radiorevelacionfm.cl\/wp-content\/uploads\/2022\/05\/fsmvaysx0aeqw_n-1_optimized-600x281.jpg 600w\" sizes=\"(max-width: 1283px) 100vw, 1283px\" \/><\/div><\/div><\/div><\/div><div class=\"flex_column av_one_full  flex_column_div av-zero-column-padding first  avia-builder-el-2  el_after_av_one_full  el_before_av_one_full  column-top-margin\" style='border-radius:0px; '><section class=\"av_textblock_section \"  itemscope=\"itemscope\" itemtype=\"https:\/\/schema.org\/BlogPosting\" itemprop=\"blogPost\" ><div class='avia_textblock  '   itemprop=\"text\" ><p style=\"text-align: center;\"><span style=\"font-size: 18pt;\"><b>Carabineros de Coyhaique presta apoyo en emergencia por sistema frontal<\/b><\/span><\/p>\n<div id=\"gtx-trans\" style=\"position: absolute; left: -50px; top: 4.31534px;\">\n<div class=\"gtx-trans-icon\"><\/div>\n<\/div>\n<\/div><\/section><\/div><div class=\"flex_column av_one_full  flex_column_div av-zero-column-padding first  avia-builder-el-4  el_after_av_one_full  el_before_av_hr  column-top-margin\" style='border-radius:0px; '><section class=\"av_textblock_section \"  itemscope=\"itemscope\" itemtype=\"https:\/\/schema.org\/BlogPosting\" itemprop=\"blogPost\" ><div class='avia_textblock  '   itemprop=\"text\" ><p class=\"v1MsoNormal\" style=\"text-align: justify;\">Una ardua labor realiz\u00f3 Carabineros de Coyhaique durante el fin de semana con motivo de los efectos del paso del sistema frontal, desplegando personal en las diferentes rutas y sectores de la comuna, acudiendo en apoyo a la comunidad.<\/p>\n<p class=\"v1MsoNormal\" style=\"text-align: justify;\">El Comisario de Coyhaique, Mayor Franco Herrera Quezada, detall\u00f3 que tras la participaci\u00f3n de Carabineros en Comit\u00e9 de Emergencias con el Director Nacional de ONEMI fue abordada la contingencia clim\u00e1tica que estaba prevista para el fin de semana, con la finalidad de reaccionar y dar respuesta oportuna a este tipo de eventualidades.<\/p>\n<p class=\"v1MsoNormal\" style=\"text-align: justify;\">\u00abCarabineros estuvo presente en todos aquellos lugares donde producto de esta condici\u00f3n clim\u00e1tica se presentaron diferentes rodados y situaciones que en algunos casos cortaron las rutas de regi\u00f3n de Ays\u00e9n o se mantienen problem\u00e1ticas. Al momento se presentaron cinco rodados que interrumpieron rutas, dentro de las cuales dos ya se encuentran totalmente habilitadas como es el caso del km 14 y km 687 de la Ruta 7 y actualmente se mantiene una restricci\u00f3n en el puente El Claro de la Ruta X-023 -en la comuna de Ib\u00e1\u00f1ez- donde existe un desprendimiento de material que hace el soporte de este puente. Vialidad con Carabineros hizo la restricci\u00f3n y de manera paralela se habilit\u00f3 un bad\u00e9n en el mismo r\u00edo y que lo hace transitable para veh\u00edculos doble tracci\u00f3n\u00bb, detall\u00f3 el Comisario.<\/p>\n<p class=\"v1MsoNormal\" style=\"text-align: justify;\">A\u00f1adi\u00f3 el Oficial que se mantienen dos cortes por rodado en el camino a Exploradores en R\u00edo Tranquilo en tanto que otro de los cortes se localiza en la ruta X-731 en Puerto S\u00e1nchez, donde se encuentra trabajando la Direcci\u00f3n de Vialidad.<\/p>\n<p class=\"v1MsoNormal\" style=\"text-align: justify;\"><b>Siete detenidos<\/b><\/p>\n<p class=\"v1MsoNormal\" style=\"text-align: justify;\">Por otra parte, en el \u00e1mbito operativo, Carabineros de Coyhaique logr\u00f3 la detenci\u00f3n de siete personas, entre estos tres por violencia intrafamiliar, de los cuales, dos procedimientos dicen relaci\u00f3n con amenazas con arma blanca ocurridos al interior de domicilios.<\/p>\n<p class=\"v1MsoNormal\" style=\"text-align: justify;\">\u00abEn un caso fue v\u00edctima una mujer, que su pareja la amenaz\u00f3 con arma blanca y fue socorrida por parte de Carabineros. El victimario fue detenido al interior del domicilio y fue puesto a disposici\u00f3n del Ministerio P\u00fablico. En un segundo caso, tambi\u00e9n tuvimos un procedimiento al interior de una vivienda donde lamentablemente debido a la ingesta de bebidas alcoh\u00f3licas, un padre habr\u00eda amenazado con arma blanca a su hijo de 17 a\u00f1os -quien llam\u00f3 por socorro a personal de Carabinero- siendo (el sujeto) detenido y puesto a disposici\u00f3n del Ministerio P\u00fablico\u00bb, detall\u00f3 el Comisario de Coyhaique.<\/p>\n<\/div><\/section><\/div><div  style='height:50px' class='hr hr-invisible   avia-builder-el-6  el_after_av_one_full  el_before_av_social_share '><span class='hr-inner ' ><span class='hr-inner-style'><\/span><\/span><\/div><\/p>\n<div  class='av-social-sharing-box  avia-builder-el-7  el_after_av_hr  el_before_av_hr  '><div class='av-share-box'><h5 class='av-share-link-description av-no-toc '>Compartir esta noticia<\/h5><ul class='av-share-box-list noLightbox'><li class='av-share-link av-social-link-facebook' ><a target=\"_blank\" aria-label=\"Compartir en Facebook\" href='https:\/\/www.facebook.com\/sharer.php?u=https:\/\/radiorevelacionfm.cl\/?p=16654&#038;t=Carabineros%20de%20Coyhaique%20presta%20apoyo%20en%20emergencia%20por%20sistema%20frontal' aria-hidden='false' data-av_icon='\ue8f3' data-av_iconfont='entypo-fontello' title='' data-avia-related-tooltip='Compartir en Facebook' rel=\"noopener\"><span class='avia_hidden_link_text'>Compartir en Facebook<\/span><\/a><\/li><li class='av-share-link av-social-link-twitter' ><a target=\"_blank\" aria-label=\"Compartir en Twitter\" href='https:\/\/twitter.com\/share?text=Carabineros%20de%20Coyhaique%20presta%20apoyo%20en%20emergencia%20por%20sistema%20frontal&#038;url=https:\/\/radiorevelacionfm.cl\/?p=16654' aria-hidden='false' data-av_icon='\ue8f1' data-av_iconfont='entypo-fontello' title='' data-avia-related-tooltip='Compartir en Twitter' rel=\"noopener\"><span class='avia_hidden_link_text'>Compartir en Twitter<\/span><\/a><\/li><li class='av-share-link av-social-link-whatsapp' ><a target=\"_blank\" aria-label=\"Compartir en Whatsapp\" href='https:\/\/api.whatsapp.com\/send?text=https:\/\/radiorevelacionfm.cl\/?p=16654' aria-hidden='false' data-av_icon='\uf232' data-av_iconfont='entypo-fontello' title='' data-avia-related-tooltip='Compartir en Whatsapp' rel=\"noopener\"><span class='avia_hidden_link_text'>Compartir en Whatsapp<\/span><\/a><\/li><li class='av-share-link av-social-link-linkedin' ><a target=\"_blank\" aria-label=\"Compartir en LinkedIn\" href='https:\/\/linkedin.com\/shareArticle?mini=true&#038;title=Carabineros%20de%20Coyhaique%20presta%20apoyo%20en%20emergencia%20por%20sistema%20frontal&#038;url=https:\/\/radiorevelacionfm.cl\/?p=16654' aria-hidden='false' data-av_icon='\ue8fc' data-av_iconfont='entypo-fontello' title='' data-avia-related-tooltip='Compartir en LinkedIn' rel=\"noopener\"><span class='avia_hidden_link_text'>Compartir en LinkedIn<\/span><\/a><\/li><li class='av-share-link av-social-link-mail' ><a  aria-label=\"Compartir por correo\" href='mailto:?subject=Carabineros%20de%20Coyhaique%20presta%20apoyo%20en%20emergencia%20por%20sistema%20frontal&#038;body=https:\/\/radiorevelacionfm.cl\/?p=16654' aria-hidden='false' data-av_icon='\ue805' data-av_iconfont='entypo-fontello' title='' data-avia-related-tooltip='Compartir por correo'><span class='avia_hidden_link_text'>Compartir por correo<\/span><\/a><\/li><\/ul><\/div><\/div>\n<div  style='height:50px' class='hr hr-invisible   avia-builder-el-8  el_after_av_social_share  el_before_av_comments_list '><span class='hr-inner ' ><span class='hr-inner-style'><\/span><\/span><\/div>\n<div  class='av-buildercomment  av-blog-meta-html-info-disabled av-blog-meta-tag-disabled  '><\/div>\n","protected":false},"excerpt":{"rendered":"","protected":false},"author":1,"featured_media":16655,"comment_status":"open","ping_status":"open","sticky":false,"template":"","format":"standard","meta":{"footnotes":""},"categories":[36],"tags":[],"class_list":["post-16654","post","type-post","status-publish","format-standard","has-post-thumbnail","hentry","category-policial"],"jetpack_featured_media_url":"https:\/\/radiorevelacionfm.cl\/wp-content\/uploads\/2022\/05\/fsmvaysx0aeqw_n-1_optimized.jpg","_links":{"self":[{"href":"https:\/\/radiorevelacionfm.cl\/index.php?rest_route=\/wp\/v2\/posts\/16654","targetHints":{"allow":["GET"]}}],"collection":[{"href":"https:\/\/radiorevelacionfm.cl\/index.php?rest_route=\/wp\/v2\/posts"}],"about":[{"href":"https:\/\/radiorevelacionfm.cl\/index.php?rest_route=\/wp\/v2\/types\/post"}],"author":[{"embeddable":true,"href":"https:\/\/radiorevelacionfm.cl\/index.php?rest_route=\/wp\/v2\/users\/1"}],"replies":[{"embeddable":true,"href":"https:\/\/radiorevelacionfm.cl\/index.php?rest_route=%2Fwp%2Fv2%2Fcomments&post=16654"}],"version-history":[{"count":2,"href":"https:\/\/radiorevelacionfm.cl\/index.php?rest_route=\/wp\/v2\/posts\/16654\/revisions"}],"predecessor-version":[{"id":16657,"href":"https:\/\/radiorevelacionfm.cl\/index.php?rest_route=\/wp\/v2\/posts\/16654\/revisions\/16657"}],"wp:featuredmedia":[{"embeddable":true,"href":"https:\/\/radiorevelacionfm.cl\/index.php?rest_route=\/wp\/v2\/media\/16655"}],"wp:attachment":[{"href":"https:\/\/radiorevelacionfm.cl\/index.php?rest_route=%2Fwp%2Fv2%2Fmedia&parent=16654"}],"wp:term":[{"taxonomy":"category","embeddable":true,"href":"https:\/\/radiorevelacionfm.cl\/index.php?rest_route=%2Fwp%2Fv2%2Fcategories&post=16654"},{"taxonomy":"post_tag","embeddable":true,"href":"https:\/\/radiorevelacionfm.cl\/index.php?rest_route=%2Fwp%2Fv2%2Ftags&post=16654"}],"curies":[{"name":"wp","href":"https:\/\/api.w.org\/{rel}","templated":true}]}}