{"id":16650,"date":"2022-05-10T11:56:37","date_gmt":"2022-05-10T14:56:37","guid":{"rendered":"https:\/\/radiorevelacionfm.cl\/?p=16650"},"modified":"2022-05-10T11:56:37","modified_gmt":"2022-05-10T14:56:37","slug":"seremi-del-mop-patricio-sanhueza-afirmo-plan-para-zonas-extremas-permanente-nos-permitira-avanzar-en-concretar-construccion-de-infraestructura-en-donde-antes-no-lo-podiamos-hacer","status":"publish","type":"post","link":"https:\/\/radiorevelacionfm.cl\/?p=16650","title":{"rendered":"Seremi del MOP, Patricio Sanhueza afirm\u00f3: \u201cPlan para Zonas Extremas Permanente nos permitir\u00e1 avanzar en concretar construcci\u00f3n de infraestructura en donde antes no lo pod\u00edamos hacer\u201d"},"content":{"rendered":"<div class=\"flex_column av_one_full  flex_column_div av-zero-column-padding first  avia-builder-el-0  el_before_av_one_full  avia-builder-el-first  \" style='border-radius:0px; '><div  class='avia-image-container  av-styling-    avia-builder-el-1  avia-builder-el-no-sibling  avia-align-center '  itemprop=\"image\" itemscope=\"itemscope\" itemtype=\"https:\/\/schema.org\/ImageObject\"  ><div class='avia-image-container-inner'><div class='avia-image-overlay-wrap'><img decoding=\"async\" class='wp-image-16651 avia-img-lazy-loading-not-16651 avia_image' src=\"https:\/\/radiorevelacionfm.cl\/wp-content\/uploads\/2022\/05\/dron-1_optimized.jpg\" alt='' title='dron-(1)_optimized' height=\"600\" width=\"1067\"  itemprop=\"thumbnailUrl\" srcset=\"https:\/\/radiorevelacionfm.cl\/wp-content\/uploads\/2022\/05\/dron-1_optimized.jpg 1067w, https:\/\/radiorevelacionfm.cl\/wp-content\/uploads\/2022\/05\/dron-1_optimized-300x169.jpg 300w, https:\/\/radiorevelacionfm.cl\/wp-content\/uploads\/2022\/05\/dron-1_optimized-1030x579.jpg 1030w, https:\/\/radiorevelacionfm.cl\/wp-content\/uploads\/2022\/05\/dron-1_optimized-768x432.jpg 768w, https:\/\/radiorevelacionfm.cl\/wp-content\/uploads\/2022\/05\/dron-1_optimized-705x396.jpg 705w, https:\/\/radiorevelacionfm.cl\/wp-content\/uploads\/2022\/05\/dron-1_optimized-600x337.jpg 600w\" sizes=\"(max-width: 1067px) 100vw, 1067px\" \/><\/div><\/div><\/div><\/div><div class=\"flex_column av_one_full  flex_column_div av-zero-column-padding first  avia-builder-el-2  el_after_av_one_full  el_before_av_one_full  column-top-margin\" style='border-radius:0px; '><section class=\"av_textblock_section \"  itemscope=\"itemscope\" itemtype=\"https:\/\/schema.org\/BlogPosting\" itemprop=\"blogPost\" ><div class='avia_textblock  '   itemprop=\"text\" ><p style=\"text-align: center;\"><span style=\"font-size: 18pt;\"><strong>Seremi del MOP, Patricio Sanhueza afirm\u00f3:\u00a0<\/strong><strong>\u201cPlan para Zonas Extremas Permanente nos permitir\u00e1 avanzar en concretar construcci\u00f3n de infraestructura en donde antes no lo pod\u00edamos hacer\u201d<\/strong><\/span><\/p>\n<div id=\"gtx-trans\" style=\"position: absolute; left: -50px; top: 4.31534px;\">\n<div class=\"gtx-trans-icon\"><\/div>\n<\/div>\n<\/div><\/section><\/div><div class=\"flex_column av_one_full  flex_column_div av-zero-column-padding first  avia-builder-el-4  el_after_av_one_full  el_before_av_hr  column-top-margin\" style='border-radius:0px; '><section class=\"av_textblock_section \"  itemscope=\"itemscope\" itemtype=\"https:\/\/schema.org\/BlogPosting\" itemprop=\"blogPost\" ><div class='avia_textblock  '   itemprop=\"text\" ><p style=\"text-align: justify;\">El Ministro de Obras P\u00fablicas Juan Carlos Garc\u00eda junto al Secretario Regional Ministerial de Obras P\u00fablicas en la regi\u00f3n de Ays\u00e9n Patricio Sanhueza Ulloa destacaron como trascendental para los habitantes de la regi\u00f3n de Ays\u00e9n el reciente anuncio efectuado por el presidente Gabriel Boric respecto de crear una pol\u00edtica nacional de car\u00e1cter permanente para las zonas extremas.<\/p>\n<p style=\"text-align: justify;\">La nueva iniciativa reemplazar\u00e1 a los Planes Especiales de Desarrollo de Zonas Extremas (PEDZE) creados el a\u00f1o 2014 como una medida de apoyo extraordinaria del Estado, por una pol\u00edtica p\u00fablica permanente y recursos que deber\u00e1n ser administrados por los Gobiernos Regionales. Este es el compromiso que el gobierno del presidente Gabriel Boric tiene con la descentralizaci\u00f3n del pa\u00eds, con lo que cambiar\u00e1 radicalmente la visi\u00f3n en materia de infraestructura para los vecinos y vecinas de la regi\u00f3n de Ays\u00e9n.<\/p>\n<p style=\"text-align: justify;\">As\u00ed lo refrend\u00f3, el ministro de Obras P\u00fablicas Juan Carlos Garc\u00eda, quien al respecto indic\u00f3 que este es \u201cun anuncio muy importante el que ha hecho el presidente Gabriel Boric en torno a la creaci\u00f3n de una Pol\u00edtica Nacional de Desarrollo de Zonas Extremas. Esto permitir\u00e1 cambiar el sistema de evaluaci\u00f3n de proyectos, lo que en definitiva permitir\u00e1 destrabar muchos de ellos, porque desde ahora no se regir\u00e1n \u00fanicamente por un asunto de Rentabilidad Social. Esto beneficia a los sectores m\u00e1s postergados de nuestro territorio y es por eso que el Ministerio de Obras P\u00fablicas pondr\u00e1 todo su empe\u00f1o y esfuerzo para apoyar esta iniciativa en los rincones de Chile que m\u00e1s lo necesiten. Con esto avanzamos decididamente hacia la descentralizaci\u00f3n del pa\u00eds\u00bb<\/p>\n<p style=\"text-align: justify;\">De igual forma, el SEREMI del MOP Patricio Sanhueza se\u00f1al\u00f3 \u201cEstamos muy contentos por este anuncio realizado por el presidente de la Rep\u00fablica, el que honra lo dicho en campa\u00f1a en diciembre del a\u00f1o pasado en Tarapac\u00e1 junto a nuestra Gobernadora Regional Andrea Mac\u00edas. Nuestro presidente Boric ha planteado una pol\u00edtica permanente para las zonas extremas que permite destrabar situaciones que son estructurales y que no nos dejan avanzar como es la exigencia de opciones costo \u2013beneficio en regiones con muy baja densidad poblacional, con una poblaci\u00f3n dispersa y con muy pocas pasadas vehiculares, lo que impide por la econom\u00eda de transportes lograr la rentabilidad positiva del proyecto. As\u00ed que este anuncio nos da esperanza para poder avanzar en la construcci\u00f3n de infraestructura para nuestras comunidades, para las personas y en donde no lo pod\u00edamos hacer. Tambi\u00e9n es un reto, porque implica exigir a nuestros equipos t\u00e9cnicos sistematizar una cartera de proyectos que propondremos a nuestras autoridades ministeriales y vecinos y vecinas, porque esto tambi\u00e9n exige en el momento de su ejecuci\u00f3n contar con los equipos t\u00e9cnicos y recursos materiales para poder abordar las obras y un trabajo permanente con la comunidad. Hoy, nos hemos contactado con varias autoridades como nuestro Delegado Presidencial Regional y la Subdere para coordinar esfuerzos y voluntades para abordar una cartera de proyectos conjuntamente con la ciudadan\u00eda, as\u00ed que como nos ha mandatado nuestro presidente y ministro MOP vamos a preparar esta cartera de proyectos, y para eso nuevamente vamos a escuchar, escuchar y escuchar a todos los sectores para avanzar en una cartera de consenso que nos permita dar soluci\u00f3n a tantas demandas y esperanzas que todos y todas tenemos\u201d.<\/p>\n<\/div><\/section><\/div><div  style='height:50px' class='hr hr-invisible   avia-builder-el-6  el_after_av_one_full  el_before_av_social_share '><span class='hr-inner ' ><span class='hr-inner-style'><\/span><\/span><\/div><\/p>\n<div  class='av-social-sharing-box  avia-builder-el-7  el_after_av_hr  el_before_av_hr  '><div class='av-share-box'><h5 class='av-share-link-description av-no-toc '>Compartir esta noticia<\/h5><ul class='av-share-box-list noLightbox'><li class='av-share-link av-social-link-facebook' ><a target=\"_blank\" aria-label=\"Compartir en Facebook\" href='https:\/\/www.facebook.com\/sharer.php?u=https:\/\/radiorevelacionfm.cl\/?p=16650&#038;t=Seremi%20del%20MOP%2C%20Patricio%20Sanhueza%20afirm%C3%B3%3A%20%E2%80%9CPlan%20para%20Zonas%20Extremas%20Permanente%20nos%20permitir%C3%A1%20avanzar%20en%20concretar%20construcci%C3%B3n%20de%20infraestructura%20en%20donde%20antes%20no%20lo%20pod%C3%ADamos%20hacer%E2%80%9D' aria-hidden='false' data-av_icon='\ue8f3' data-av_iconfont='entypo-fontello' title='' data-avia-related-tooltip='Compartir en Facebook' rel=\"noopener\"><span class='avia_hidden_link_text'>Compartir en Facebook<\/span><\/a><\/li><li class='av-share-link av-social-link-twitter' ><a target=\"_blank\" aria-label=\"Compartir en Twitter\" href='https:\/\/twitter.com\/share?text=Seremi%20del%20MOP%2C%20Patricio%20Sanhueza%20afirm%C3%B3%3A%20%E2%80%9CPlan%20para%20Zonas%20Extremas%20Permanente%20nos%20permitir%C3%A1%20avanzar%20en%20concretar%20construcci%C3%B3n%20de%20infraestructura%20en%20donde%20antes%20no%20lo%20pod%C3%ADamos%20hacer%E2%80%9D&#038;url=https:\/\/radiorevelacionfm.cl\/?p=16650' aria-hidden='false' data-av_icon='\ue8f1' data-av_iconfont='entypo-fontello' title='' data-avia-related-tooltip='Compartir en Twitter' rel=\"noopener\"><span class='avia_hidden_link_text'>Compartir en Twitter<\/span><\/a><\/li><li class='av-share-link av-social-link-whatsapp' ><a target=\"_blank\" aria-label=\"Compartir en Whatsapp\" href='https:\/\/api.whatsapp.com\/send?text=https:\/\/radiorevelacionfm.cl\/?p=16650' aria-hidden='false' data-av_icon='\uf232' data-av_iconfont='entypo-fontello' title='' data-avia-related-tooltip='Compartir en Whatsapp' rel=\"noopener\"><span class='avia_hidden_link_text'>Compartir en Whatsapp<\/span><\/a><\/li><li class='av-share-link av-social-link-linkedin' ><a target=\"_blank\" aria-label=\"Compartir en LinkedIn\" href='https:\/\/linkedin.com\/shareArticle?mini=true&#038;title=Seremi%20del%20MOP%2C%20Patricio%20Sanhueza%20afirm%C3%B3%3A%20%E2%80%9CPlan%20para%20Zonas%20Extremas%20Permanente%20nos%20permitir%C3%A1%20avanzar%20en%20concretar%20construcci%C3%B3n%20de%20infraestructura%20en%20donde%20antes%20no%20lo%20pod%C3%ADamos%20hacer%E2%80%9D&#038;url=https:\/\/radiorevelacionfm.cl\/?p=16650' aria-hidden='false' data-av_icon='\ue8fc' data-av_iconfont='entypo-fontello' title='' data-avia-related-tooltip='Compartir en LinkedIn' rel=\"noopener\"><span class='avia_hidden_link_text'>Compartir en LinkedIn<\/span><\/a><\/li><li class='av-share-link av-social-link-mail' ><a  aria-label=\"Compartir por correo\" href='mailto:?subject=Seremi%20del%20MOP%2C%20Patricio%20Sanhueza%20afirm%C3%B3%3A%20%E2%80%9CPlan%20para%20Zonas%20Extremas%20Permanente%20nos%20permitir%C3%A1%20avanzar%20en%20concretar%20construcci%C3%B3n%20de%20infraestructura%20en%20donde%20antes%20no%20lo%20pod%C3%ADamos%20hacer%E2%80%9D&#038;body=https:\/\/radiorevelacionfm.cl\/?p=16650' aria-hidden='false' data-av_icon='\ue805' data-av_iconfont='entypo-fontello' title='' data-avia-related-tooltip='Compartir por correo'><span class='avia_hidden_link_text'>Compartir por correo<\/span><\/a><\/li><\/ul><\/div><\/div>\n<div  style='height:50px' class='hr hr-invisible   avia-builder-el-8  el_after_av_social_share  el_before_av_comments_list '><span class='hr-inner ' ><span class='hr-inner-style'><\/span><\/span><\/div>\n<div  class='av-buildercomment  av-blog-meta-html-info-disabled av-blog-meta-tag-disabled  '><\/div>\n","protected":false},"excerpt":{"rendered":"","protected":false},"author":1,"featured_media":16651,"comment_status":"open","ping_status":"open","sticky":false,"template":"","format":"standard","meta":{"footnotes":""},"categories":[35,38],"tags":[],"class_list":["post-16650","post","type-post","status-publish","format-standard","has-post-thumbnail","hentry","category-politica","category-regional"],"jetpack_featured_media_url":"https:\/\/radiorevelacionfm.cl\/wp-content\/uploads\/2022\/05\/dron-1_optimized.jpg","_links":{"self":[{"href":"https:\/\/radiorevelacionfm.cl\/index.php?rest_route=\/wp\/v2\/posts\/16650","targetHints":{"allow":["GET"]}}],"collection":[{"href":"https:\/\/radiorevelacionfm.cl\/index.php?rest_route=\/wp\/v2\/posts"}],"about":[{"href":"https:\/\/radiorevelacionfm.cl\/index.php?rest_route=\/wp\/v2\/types\/post"}],"author":[{"embeddable":true,"href":"https:\/\/radiorevelacionfm.cl\/index.php?rest_route=\/wp\/v2\/users\/1"}],"replies":[{"embeddable":true,"href":"https:\/\/radiorevelacionfm.cl\/index.php?rest_route=%2Fwp%2Fv2%2Fcomments&post=16650"}],"version-history":[{"count":2,"href":"https:\/\/radiorevelacionfm.cl\/index.php?rest_route=\/wp\/v2\/posts\/16650\/revisions"}],"predecessor-version":[{"id":16674,"href":"https:\/\/radiorevelacionfm.cl\/index.php?rest_route=\/wp\/v2\/posts\/16650\/revisions\/16674"}],"wp:featuredmedia":[{"embeddable":true,"href":"https:\/\/radiorevelacionfm.cl\/index.php?rest_route=\/wp\/v2\/media\/16651"}],"wp:attachment":[{"href":"https:\/\/radiorevelacionfm.cl\/index.php?rest_route=%2Fwp%2Fv2%2Fmedia&parent=16650"}],"wp:term":[{"taxonomy":"category","embeddable":true,"href":"https:\/\/radiorevelacionfm.cl\/index.php?rest_route=%2Fwp%2Fv2%2Fcategories&post=16650"},{"taxonomy":"post_tag","embeddable":true,"href":"https:\/\/radiorevelacionfm.cl\/index.php?rest_route=%2Fwp%2Fv2%2Ftags&post=16650"}],"curies":[{"name":"wp","href":"https:\/\/api.w.org\/{rel}","templated":true}]}}