{"id":16647,"date":"2022-05-09T22:22:12","date_gmt":"2022-05-10T01:22:12","guid":{"rendered":"https:\/\/radiorevelacionfm.cl\/?p=16647"},"modified":"2022-05-09T22:22:12","modified_gmt":"2022-05-10T01:22:12","slug":"presentan-nuevos-locales-de-vacunacion-anti-influenza-y-contra-el-covid-19-en-coyhaique","status":"publish","type":"post","link":"https:\/\/radiorevelacionfm.cl\/?p=16647","title":{"rendered":"Presentan nuevos locales de vacunaci\u00f3n anti influenza y contra el Covid-19 en Coyhaique"},"content":{"rendered":"<div class=\"flex_column av_one_full  flex_column_div av-zero-column-padding first  avia-builder-el-0  el_before_av_one_full  avia-builder-el-first  \" style='border-radius:0px; '><div  class='avia-image-container  av-styling-    avia-builder-el-1  avia-builder-el-no-sibling  avia-align-center '  itemprop=\"image\" itemscope=\"itemscope\" itemtype=\"https:\/\/schema.org\/ImageObject\"  ><div class='avia-image-container-inner'><div class='avia-image-overlay-wrap'><img decoding=\"async\" class='wp-image-16648 avia-img-lazy-loading-not-16648 avia_image' src=\"https:\/\/radiorevelacionfm.cl\/wp-content\/uploads\/2022\/05\/WhatsApp-Image-2022-05-09-at-1.10.09-PM-1-1.jpeg\" alt='' title='WhatsApp Image 2022-05-09 at 1.10.09 PM (1) (1)' height=\"600\" width=\"800\"  itemprop=\"thumbnailUrl\" srcset=\"https:\/\/radiorevelacionfm.cl\/wp-content\/uploads\/2022\/05\/WhatsApp-Image-2022-05-09-at-1.10.09-PM-1-1.jpeg 800w, https:\/\/radiorevelacionfm.cl\/wp-content\/uploads\/2022\/05\/WhatsApp-Image-2022-05-09-at-1.10.09-PM-1-1-300x225.jpeg 300w, https:\/\/radiorevelacionfm.cl\/wp-content\/uploads\/2022\/05\/WhatsApp-Image-2022-05-09-at-1.10.09-PM-1-1-768x576.jpeg 768w, https:\/\/radiorevelacionfm.cl\/wp-content\/uploads\/2022\/05\/WhatsApp-Image-2022-05-09-at-1.10.09-PM-1-1-705x529.jpeg 705w, https:\/\/radiorevelacionfm.cl\/wp-content\/uploads\/2022\/05\/WhatsApp-Image-2022-05-09-at-1.10.09-PM-1-1-600x450.jpeg 600w\" sizes=\"(max-width: 800px) 100vw, 800px\" \/><\/div><\/div><\/div><\/div><div class=\"flex_column av_one_full  flex_column_div av-zero-column-padding first  avia-builder-el-2  el_after_av_one_full  el_before_av_one_full  column-top-margin\" style='border-radius:0px; '><section class=\"av_textblock_section \"  itemscope=\"itemscope\" itemtype=\"https:\/\/schema.org\/BlogPosting\" itemprop=\"blogPost\" ><div class='avia_textblock  '   itemprop=\"text\" ><p style=\"text-align: center;\"><span style=\"font-size: 18pt;\"><b><span lang=\"ES\">Presentan nuevos locales de vacunaci\u00f3n anti influenza y contra el Covid-19 en Coyhaique<\/span><\/b><\/span><\/p>\n<div id=\"gtx-trans\" style=\"position: absolute; left: -50px; top: 4.31534px;\">\n<div class=\"gtx-trans-icon\"><\/div>\n<\/div>\n<\/div><\/section><\/div><div class=\"flex_column av_one_full  flex_column_div av-zero-column-padding first  avia-builder-el-4  el_after_av_one_full  el_before_av_hr  column-top-margin\" style='border-radius:0px; '><section class=\"av_textblock_section \"  itemscope=\"itemscope\" itemtype=\"https:\/\/schema.org\/BlogPosting\" itemprop=\"blogPost\" ><div class='avia_textblock  '   itemprop=\"text\" ><p style=\"font-weight: 400; text-align: justify;\">Las sedes vecinales de la poblaci\u00f3n Ampliaci\u00f3n Bernardo O\u2019Higgins, en Los Pinos esquina Los Nogales; y Vista Hermosa ubicada en la intersecci\u00f3n de Ventisqueros con Los Fiordos, se sumaron este lunes a los centros de vacunaci\u00f3n anti influenza y contra el Covid-19 en Coyhaique.<\/p>\n<p style=\"font-weight: 400; text-align: justify;\">El anuncio de esta nueva estrategia, que adem\u00e1s incluye atenci\u00f3n los fines de semana en los CESFAM V\u00edctor Domingo Silva y Alejandro Guti\u00e9rrez, fue realizado la ma\u00f1ana de este lunes por el Director del Servicio de Salud Ays\u00e9n, Gabriel Burgos, en compa\u00f1\u00eda de la Seremi de la cartera, Carmen Gloria Monsalve.<\/p>\n<p style=\"font-weight: 400; text-align: justify;\">\u201cLa idea es vacunar a la mayor cantidad de gente, porque as\u00ed vamos a poder andar m\u00e1s libres tambi\u00e9n, no vamos a estar tan restringidos, han disminuido bastante los casos de COVID-19 y necesitamos que la poblaci\u00f3n se siga cuidando, que siga manteniendo las medidas de cuidado, as\u00ed que los invito a todos y todas a vacunarse ac\u00e1 en la sede comunitaria\u201d indic\u00f3 Beatriz Alarc\u00f3n, Presidenta de la J.J.V.V. Ampliaci\u00f3n Bernardo O`Higgins.<\/p>\n<p style=\"font-weight: 400; text-align: justify;\">En la regi\u00f3n de Ays\u00e9n la vacunaci\u00f3n anti influenza a\u00fan es baja alcanzando al 9 de mayo un 59,8 %, siendo los grupos objetivos de embarazadas desde las 13 semanas de gestaci\u00f3n, los adultos mayores sobre los 65 a\u00f1os, y los menores entre los 5 meses y los 5 a\u00f1os, los rangos etarios que contin\u00faan con bajas cifras de vacunaci\u00f3n.<\/p>\n<p style=\"font-weight: 400; text-align: justify;\">\u201cEn Influenza estamos dentro de las cuatro regiones con m\u00e1s bajo \u00edndice de cobertura y por lo tanto es importante, se acerca el invierno y necesitamos que todas las personas vayan a vacunarse. Adem\u00e1s, el tema del COVID-19 que es muy importante que la podamos tener con sus refuerzos cada cuatro a seis meses, que es lo recomendable para no enfermarnos gravemente\u201d se\u00f1al\u00f3 el Director del Servicio de Salud Ays\u00e9n, Gabriel Burgos.<\/p>\n<p style=\"font-weight: 400; text-align: justify;\">Por su parte la Seremi de Salud, Carmen Gloria Monsalve, agreg\u00f3 que \u201ca partir del primero de junio debiera comenzar a aplicarse la restricci\u00f3n de aforos en aquellos cursos que no cumplen con el 80% de cobertura de vacunaci\u00f3n de primera y segunda dosis, por lo tanto el llamado es a los padres que puedan autorizar la vacunaci\u00f3n espec\u00edficamente de los ni\u00f1os de 3 a 5 a\u00f1os, en esa etapa preescolar tenemos muy baja cobertura, en segunda dosis no llegamos al 50% y en primera dosis a\u00fan no alcanzamos el 70%\u201d.<\/p>\n<p style=\"font-weight: 400; text-align: justify;\">Adem\u00e1s de las sedes vecinales que funcionar\u00e1n como centros de vacunaci\u00f3n el s\u00e1bado se administrar\u00e1n las dosis de las campa\u00f1as de influenza y COVID-19 en el CESFAM V\u00edctor Domingo Silva y el domingo en el Alejandro Guti\u00e9rrez.<\/p>\n<p style=\"font-weight: 400; text-align: justify;\">\u201cEstamos muy contentos, porque hoy materializamos el deseo que ten\u00edamos de llevar la vacunaci\u00f3n a espacios comunitarios. Los s\u00e1bados en la ma\u00f1ana vacunaremos en el CESFAM, por lo tanto, estamos haciendo el esfuerzo como Servicio de Salud, de traer la vacunaci\u00f3n donde las personas viven y trabajan\u201d, dijo la Doctora Sandra Paredes, Directora CESFAM V\u00edctor Domingo Silva.<\/p>\n<p style=\"font-weight: 400; text-align: justify;\">\u201cLa idea es llevar la vacunaci\u00f3n comunitaria, descentralizar y llevarlo a la parte perif\u00e9rica que es donde hay m\u00e1s dificultad en el acceso. La idea es reforzar, la idea es invitarlos a acudir a la vacunaci\u00f3n contra el Covid-19 y la influenza, adem\u00e1s recalcar que reforzamos la vacunaci\u00f3n durante los fines de semana, los s\u00e1bados y domingo\u201d agreg\u00f3 el Director del CESFAM Alejandro Guti\u00e9rrez, Doctor Jos\u00e9 Luis Toledo.<\/p>\n<p style=\"font-weight: 400; text-align: justify;\">El invierno se acerca y con ello comienza a aumentar la circulaci\u00f3n de virus respiratorios, por esta raz\u00f3n desde el Servicio de Salud, hicieron el llamado a acceder a las vacunas para mantener las condiciones favorables y de menos restricciones que vivimos actualmente.<\/p>\n<p style=\"font-weight: 400; text-align: justify;\">\u201cEl llamado es a confiar en las vacunas, a confiar en la inmunizaci\u00f3n, se han estado reforzando y ampliando los puntos de vacunaci\u00f3n, as\u00ed que solo queda el llamado a la gente, a nuestra comunidad a confiar en las vacunas que est\u00e1n respaldadas cient\u00edficamente y estudiadas, llevamos millones de dosis administradas a nivel nacional con reportes de excelente aceptaci\u00f3n, con muy baja posibilidad de efectos adversos\u201d indic\u00f3 Leandra Aguilar, Encargada Regional del Plan Nacional de Inmunizaci\u00f3n del Servicio de Salud Ays\u00e9n.<\/p>\n<p style=\"font-weight: 400; text-align: justify;\">Conjuntamente a la sede de la Poblaci\u00f3n Ampliaci\u00f3n Bernardo O\u2019Higgins y la sede Vista Hermosa, se mantienen los puntos de vacunaci\u00f3n previamente existentes en el Gimnasio Municipal de Coyhaique, la Asociaci\u00f3n Chilena de Seguridad y la Mutual de Seguridad, los d\u00edas y horarios de funcionamiento de cada uno de los recintos puede ser consultado a trav\u00e9s de las redes sociales y el sitio web del Servicio de Salud Ays\u00e9n.<\/p>\n<\/div><\/section><\/div><div  style='height:50px' class='hr hr-invisible   avia-builder-el-6  el_after_av_one_full  el_before_av_social_share '><span class='hr-inner ' ><span class='hr-inner-style'><\/span><\/span><\/div><\/p>\n<div  class='av-social-sharing-box  avia-builder-el-7  el_after_av_hr  el_before_av_hr  '><div class='av-share-box'><h5 class='av-share-link-description av-no-toc '>Compartir esta noticia<\/h5><ul class='av-share-box-list noLightbox'><li class='av-share-link av-social-link-facebook' ><a target=\"_blank\" aria-label=\"Compartir en Facebook\" href='https:\/\/www.facebook.com\/sharer.php?u=https:\/\/radiorevelacionfm.cl\/?p=16647&#038;t=Presentan%20nuevos%20locales%20de%20vacunaci%C3%B3n%20anti%20influenza%20y%20contra%20el%20Covid-19%20en%20Coyhaique' aria-hidden='false' data-av_icon='\ue8f3' data-av_iconfont='entypo-fontello' title='' data-avia-related-tooltip='Compartir en Facebook' rel=\"noopener\"><span class='avia_hidden_link_text'>Compartir en Facebook<\/span><\/a><\/li><li class='av-share-link av-social-link-twitter' ><a target=\"_blank\" aria-label=\"Compartir en Twitter\" href='https:\/\/twitter.com\/share?text=Presentan%20nuevos%20locales%20de%20vacunaci%C3%B3n%20anti%20influenza%20y%20contra%20el%20Covid-19%20en%20Coyhaique&#038;url=https:\/\/radiorevelacionfm.cl\/?p=16647' aria-hidden='false' data-av_icon='\ue8f1' data-av_iconfont='entypo-fontello' title='' data-avia-related-tooltip='Compartir en Twitter' rel=\"noopener\"><span class='avia_hidden_link_text'>Compartir en Twitter<\/span><\/a><\/li><li class='av-share-link av-social-link-whatsapp' ><a target=\"_blank\" aria-label=\"Compartir en Whatsapp\" href='https:\/\/api.whatsapp.com\/send?text=https:\/\/radiorevelacionfm.cl\/?p=16647' aria-hidden='false' data-av_icon='\uf232' data-av_iconfont='entypo-fontello' title='' data-avia-related-tooltip='Compartir en Whatsapp' rel=\"noopener\"><span class='avia_hidden_link_text'>Compartir en Whatsapp<\/span><\/a><\/li><li class='av-share-link av-social-link-linkedin' ><a target=\"_blank\" aria-label=\"Compartir en LinkedIn\" href='https:\/\/linkedin.com\/shareArticle?mini=true&#038;title=Presentan%20nuevos%20locales%20de%20vacunaci%C3%B3n%20anti%20influenza%20y%20contra%20el%20Covid-19%20en%20Coyhaique&#038;url=https:\/\/radiorevelacionfm.cl\/?p=16647' aria-hidden='false' data-av_icon='\ue8fc' data-av_iconfont='entypo-fontello' title='' data-avia-related-tooltip='Compartir en LinkedIn' rel=\"noopener\"><span class='avia_hidden_link_text'>Compartir en LinkedIn<\/span><\/a><\/li><li class='av-share-link av-social-link-mail' ><a  aria-label=\"Compartir por correo\" href='mailto:?subject=Presentan%20nuevos%20locales%20de%20vacunaci%C3%B3n%20anti%20influenza%20y%20contra%20el%20Covid-19%20en%20Coyhaique&#038;body=https:\/\/radiorevelacionfm.cl\/?p=16647' aria-hidden='false' data-av_icon='\ue805' data-av_iconfont='entypo-fontello' title='' data-avia-related-tooltip='Compartir por correo'><span class='avia_hidden_link_text'>Compartir por correo<\/span><\/a><\/li><\/ul><\/div><\/div>\n<div  style='height:50px' class='hr hr-invisible   avia-builder-el-8  el_after_av_social_share  el_before_av_comments_list '><span class='hr-inner ' ><span class='hr-inner-style'><\/span><\/span><\/div>\n<div  class='av-buildercomment  av-blog-meta-html-info-disabled av-blog-meta-tag-disabled  '><\/div>\n","protected":false},"excerpt":{"rendered":"","protected":false},"author":1,"featured_media":16648,"comment_status":"open","ping_status":"open","sticky":false,"template":"","format":"standard","meta":{"footnotes":""},"categories":[46],"tags":[],"class_list":["post-16647","post","type-post","status-publish","format-standard","has-post-thumbnail","hentry","category-salud"],"jetpack_featured_media_url":"https:\/\/radiorevelacionfm.cl\/wp-content\/uploads\/2022\/05\/WhatsApp-Image-2022-05-09-at-1.10.09-PM-1-1.jpeg","_links":{"self":[{"href":"https:\/\/radiorevelacionfm.cl\/index.php?rest_route=\/wp\/v2\/posts\/16647","targetHints":{"allow":["GET"]}}],"collection":[{"href":"https:\/\/radiorevelacionfm.cl\/index.php?rest_route=\/wp\/v2\/posts"}],"about":[{"href":"https:\/\/radiorevelacionfm.cl\/index.php?rest_route=\/wp\/v2\/types\/post"}],"author":[{"embeddable":true,"href":"https:\/\/radiorevelacionfm.cl\/index.php?rest_route=\/wp\/v2\/users\/1"}],"replies":[{"embeddable":true,"href":"https:\/\/radiorevelacionfm.cl\/index.php?rest_route=%2Fwp%2Fv2%2Fcomments&post=16647"}],"version-history":[{"count":2,"href":"https:\/\/radiorevelacionfm.cl\/index.php?rest_route=\/wp\/v2\/posts\/16647\/revisions"}],"predecessor-version":[{"id":16662,"href":"https:\/\/radiorevelacionfm.cl\/index.php?rest_route=\/wp\/v2\/posts\/16647\/revisions\/16662"}],"wp:featuredmedia":[{"embeddable":true,"href":"https:\/\/radiorevelacionfm.cl\/index.php?rest_route=\/wp\/v2\/media\/16648"}],"wp:attachment":[{"href":"https:\/\/radiorevelacionfm.cl\/index.php?rest_route=%2Fwp%2Fv2%2Fmedia&parent=16647"}],"wp:term":[{"taxonomy":"category","embeddable":true,"href":"https:\/\/radiorevelacionfm.cl\/index.php?rest_route=%2Fwp%2Fv2%2Fcategories&post=16647"},{"taxonomy":"post_tag","embeddable":true,"href":"https:\/\/radiorevelacionfm.cl\/index.php?rest_route=%2Fwp%2Fv2%2Ftags&post=16647"}],"curies":[{"name":"wp","href":"https:\/\/api.w.org\/{rel}","templated":true}]}}