{"id":16643,"date":"2022-05-09T17:50:25","date_gmt":"2022-05-09T20:50:25","guid":{"rendered":"https:\/\/radiorevelacionfm.cl\/?p=16643"},"modified":"2022-05-09T17:50:25","modified_gmt":"2022-05-09T20:50:25","slug":"corte-de-coyhaique-ordena-a-alcalde-de-puerto-cisnes-abstenerse-de-prohibir-a-concejales-tomar-la-palabra-en-sesiones-del-concejo-municipal","status":"publish","type":"post","link":"https:\/\/radiorevelacionfm.cl\/?p=16643","title":{"rendered":"Corte de Coyhaique ordena a alcalde de Puerto Cisnes abstenerse de prohibir a concejales tomar la palabra en sesiones del concejo municipal"},"content":{"rendered":"<div class=\"flex_column av_one_full  flex_column_div av-zero-column-padding first  avia-builder-el-0  el_before_av_one_full  avia-builder-el-first  \" style='border-radius:0px; '><div  class='avia-image-container  av-styling-    avia-builder-el-1  avia-builder-el-no-sibling  avia-align-center '  itemprop=\"image\" itemscope=\"itemscope\" itemtype=\"https:\/\/schema.org\/ImageObject\"  ><div class='avia-image-container-inner'><div class='avia-image-overlay-wrap'><img decoding=\"async\" class='wp-image-16644 avia-img-lazy-loading-not-16644 avia_image' src=\"https:\/\/radiorevelacionfm.cl\/wp-content\/uploads\/2022\/05\/Corte-de-Apelaciones-1-1.jpg\" alt='' title='Corte de Apelaciones (1) (1)' height=\"600\" width=\"900\"  itemprop=\"thumbnailUrl\" srcset=\"https:\/\/radiorevelacionfm.cl\/wp-content\/uploads\/2022\/05\/Corte-de-Apelaciones-1-1.jpg 900w, https:\/\/radiorevelacionfm.cl\/wp-content\/uploads\/2022\/05\/Corte-de-Apelaciones-1-1-300x200.jpg 300w, https:\/\/radiorevelacionfm.cl\/wp-content\/uploads\/2022\/05\/Corte-de-Apelaciones-1-1-768x512.jpg 768w, https:\/\/radiorevelacionfm.cl\/wp-content\/uploads\/2022\/05\/Corte-de-Apelaciones-1-1-705x470.jpg 705w, https:\/\/radiorevelacionfm.cl\/wp-content\/uploads\/2022\/05\/Corte-de-Apelaciones-1-1-600x400.jpg 600w\" sizes=\"(max-width: 900px) 100vw, 900px\" \/><\/div><\/div><\/div><\/div><div class=\"flex_column av_one_full  flex_column_div av-zero-column-padding first  avia-builder-el-2  el_after_av_one_full  el_before_av_one_full  column-top-margin\" style='border-radius:0px; '><section class=\"av_textblock_section \"  itemscope=\"itemscope\" itemtype=\"https:\/\/schema.org\/BlogPosting\" itemprop=\"blogPost\" ><div class='avia_textblock  '   itemprop=\"text\" ><p style=\"text-align: center;\"><span style=\"font-size: 18pt;\"><b>Corte de Coyhaique ordena a alcalde de Puerto Cisnes abstenerse de prohibir a concejales tomar la palabra en sesiones del concejo municipal<\/b><\/span><\/p>\n<div id=\"gtx-trans\" style=\"position: absolute; left: -50px; top: 4.31534px;\">\n<div class=\"gtx-trans-icon\"><\/div>\n<\/div>\n<\/div><\/section><\/div><div class=\"flex_column av_one_full  flex_column_div av-zero-column-padding first  avia-builder-el-4  el_after_av_one_full  el_before_av_hr  column-top-margin\" style='border-radius:0px; '><section class=\"av_textblock_section \"  itemscope=\"itemscope\" itemtype=\"https:\/\/schema.org\/BlogPosting\" itemprop=\"blogPost\" ><div class='avia_textblock  '   itemprop=\"text\" ><p class=\"v1MsoNormal\" style=\"text-align: justify;\">La Corte de Apelaciones de Coyhaique acogi\u00f3 el recurso de protecci\u00f3n deducido por tres concejales de la comuna de Puerto Cisnes, en contra del alcalde Francisco Roncagliolo Lepio, por el acto arbitrario e ilegal de privarlos reiteradamente en hacer uso de la palabra durante sesiones ordinarias del concejo municipal.<\/p>\n<p class=\"v1MsoNormal\" style=\"text-align: justify;\">En fallo un\u00e1nime (causa rol 104-2022), la Primera Sala del tribunal de alzada \u2013integrada por los ministros Pedro Castro Espinoza, Jos\u00e9 Ignacio Mora Trujillo y Natalia Rencoret Oliva\u2013 acogi\u00f3 la acci\u00f3n cautelar y orden\u00f3 a la parte recurrida abstenerse en lo sucesivo de coartar el ejercicio del derecho a hacer uso de la palabra de los recurrentes, en la forma y oportunidad que corresponda.<\/p>\n<p class=\"v1MsoNormal\" style=\"text-align: justify;\">\u00abQue, en consecuencia, la actuaci\u00f3n impugnada mediante esta acci\u00f3n de protecci\u00f3n, surge del todo ilegal, como asimismo aparece arbitraria, ya que vulnera la libertad de emitir opini\u00f3n y la de informar, sin censura previa, en cualquier forma y por cualquier medio, estatuido en el art\u00edculo 19 N.\u00ba 12 del nuestra Carta Magna, desde que priva a los recurrentes, Concejales de la Municipalidad de Cisnes, de manifestar su opini\u00f3n, precisamente, al no permit\u00edrseles el uso de la palabra durante su desempe\u00f1o en las sesiones ordinarias del Concejo celebradas, aludiendo que se trataba de un tema no contenido en tabla y que en raz\u00f3n del tiempo deb\u00eda asistir a otra reuni\u00f3n\u00bb, sostiene el fallo.<\/p>\n<p class=\"v1MsoNormal\" style=\"text-align: justify;\">La resoluci\u00f3n agrega que: \u00ab(&#8230;) la actuaci\u00f3n del recurrido infringe el derecho a la igualdad ante la ley, consagrado en el art\u00edculo 19 N\u00b02 de la Constituci\u00f3n Pol\u00edtica de la Rep\u00fablica, por cuanto limit\u00f3 y restringi\u00f3 el uso de la palabra de los recurrentes cuando estos la solicitaron aludiendo a &#8216;puntos varios&#8217;, en circunstancias que si lo permiti\u00f3 respecto de los puntos consignados en tabla\u00bb.<\/p>\n<p class=\"v1MsoNormal\" style=\"text-align: justify;\">\u00abQue, en consecuencia, habi\u00e9ndose incurrido por la recurrida en un acto arbitrario e ilegal que priva a los recurrentes de las garant\u00edas constitucionales se\u00f1aladas; se deber\u00e1 acoger el presente recurso de protecci\u00f3n de la manera en que se dir\u00e1\u00bb, a\u00f1ade.<\/p>\n<p class=\"v1MsoNormal\" style=\"text-align: justify;\">Por tanto, se resuelve que: \u00ab<b>SE ACOGE<\/b>, con costas, el recurso de protecci\u00f3n deducido por Francisco Javier Abarca Arap, Carlos Vald\u00e9s Anti\u00f1anco y Almendra Silva Millalonco, Concejales de la Municipalidad de Cisnes en contra de Francisco Roncagliolo Lepio, alcalde de la Municipalidad de Cisnes, y, en consecuencia se ordena a la autoridad municipal recurrida que, en lo sucesivo, deber\u00e1 abstenerse de impedir el ejercicio del derecho a hacer uso de la palabra a los Concejales, en la forma y oportunidad que corresponda, y, especialmente, en la sesiones ordinarias en las que se tratan las materias contenidas en la tabla respectiva, particularmente, una vez concluidas estas \u00faltimas, al tratar otras materias no consideradas en ella, seg\u00fan dispone el Reglamento respectivo\u00bb.<\/p>\n<\/div><\/section><\/div><div  style='height:50px' class='hr hr-invisible   avia-builder-el-6  el_after_av_one_full  el_before_av_social_share '><span class='hr-inner ' ><span class='hr-inner-style'><\/span><\/span><\/div><\/p>\n<div  class='av-social-sharing-box  avia-builder-el-7  el_after_av_hr  el_before_av_hr  '><div class='av-share-box'><h5 class='av-share-link-description av-no-toc '>Compartir esta noticia<\/h5><ul class='av-share-box-list noLightbox'><li class='av-share-link av-social-link-facebook' ><a target=\"_blank\" aria-label=\"Compartir en Facebook\" href='https:\/\/www.facebook.com\/sharer.php?u=https:\/\/radiorevelacionfm.cl\/?p=16643&#038;t=Corte%20de%20Coyhaique%20ordena%20a%20alcalde%20de%20Puerto%20Cisnes%20abstenerse%20de%20prohibir%20a%20concejales%20tomar%20la%20palabra%20en%20sesiones%20del%20concejo%20municipal' aria-hidden='false' data-av_icon='\ue8f3' data-av_iconfont='entypo-fontello' title='' data-avia-related-tooltip='Compartir en Facebook' rel=\"noopener\"><span class='avia_hidden_link_text'>Compartir en Facebook<\/span><\/a><\/li><li class='av-share-link av-social-link-twitter' ><a target=\"_blank\" aria-label=\"Compartir en Twitter\" href='https:\/\/twitter.com\/share?text=Corte%20de%20Coyhaique%20ordena%20a%20alcalde%20de%20Puerto%20Cisnes%20abstenerse%20de%20prohibir%20a%20concejales%20tomar%20la%20palabra%20en%20sesiones%20del%20concejo%20municipal&#038;url=https:\/\/radiorevelacionfm.cl\/?p=16643' aria-hidden='false' data-av_icon='\ue8f1' data-av_iconfont='entypo-fontello' title='' data-avia-related-tooltip='Compartir en Twitter' rel=\"noopener\"><span class='avia_hidden_link_text'>Compartir en Twitter<\/span><\/a><\/li><li class='av-share-link av-social-link-whatsapp' ><a target=\"_blank\" aria-label=\"Compartir en Whatsapp\" href='https:\/\/api.whatsapp.com\/send?text=https:\/\/radiorevelacionfm.cl\/?p=16643' aria-hidden='false' data-av_icon='\uf232' data-av_iconfont='entypo-fontello' title='' data-avia-related-tooltip='Compartir en Whatsapp' rel=\"noopener\"><span class='avia_hidden_link_text'>Compartir en Whatsapp<\/span><\/a><\/li><li class='av-share-link av-social-link-linkedin' ><a target=\"_blank\" aria-label=\"Compartir en LinkedIn\" href='https:\/\/linkedin.com\/shareArticle?mini=true&#038;title=Corte%20de%20Coyhaique%20ordena%20a%20alcalde%20de%20Puerto%20Cisnes%20abstenerse%20de%20prohibir%20a%20concejales%20tomar%20la%20palabra%20en%20sesiones%20del%20concejo%20municipal&#038;url=https:\/\/radiorevelacionfm.cl\/?p=16643' aria-hidden='false' data-av_icon='\ue8fc' data-av_iconfont='entypo-fontello' title='' data-avia-related-tooltip='Compartir en LinkedIn' rel=\"noopener\"><span class='avia_hidden_link_text'>Compartir en LinkedIn<\/span><\/a><\/li><li class='av-share-link av-social-link-mail' ><a  aria-label=\"Compartir por correo\" href='mailto:?subject=Corte%20de%20Coyhaique%20ordena%20a%20alcalde%20de%20Puerto%20Cisnes%20abstenerse%20de%20prohibir%20a%20concejales%20tomar%20la%20palabra%20en%20sesiones%20del%20concejo%20municipal&#038;body=https:\/\/radiorevelacionfm.cl\/?p=16643' aria-hidden='false' data-av_icon='\ue805' data-av_iconfont='entypo-fontello' title='' data-avia-related-tooltip='Compartir por correo'><span class='avia_hidden_link_text'>Compartir por correo<\/span><\/a><\/li><\/ul><\/div><\/div>\n<div  style='height:50px' class='hr hr-invisible   avia-builder-el-8  el_after_av_social_share  el_before_av_comments_list '><span class='hr-inner ' ><span class='hr-inner-style'><\/span><\/span><\/div>\n<div  class='av-buildercomment  av-blog-meta-html-info-disabled av-blog-meta-tag-disabled  '><\/div>\n","protected":false},"excerpt":{"rendered":"","protected":false},"author":1,"featured_media":16644,"comment_status":"open","ping_status":"open","sticky":false,"template":"","format":"standard","meta":{"footnotes":""},"categories":[55],"tags":[],"class_list":["post-16643","post","type-post","status-publish","format-standard","has-post-thumbnail","hentry","category-justicia"],"jetpack_featured_media_url":"https:\/\/radiorevelacionfm.cl\/wp-content\/uploads\/2022\/05\/Corte-de-Apelaciones-1-1.jpg","_links":{"self":[{"href":"https:\/\/radiorevelacionfm.cl\/index.php?rest_route=\/wp\/v2\/posts\/16643","targetHints":{"allow":["GET"]}}],"collection":[{"href":"https:\/\/radiorevelacionfm.cl\/index.php?rest_route=\/wp\/v2\/posts"}],"about":[{"href":"https:\/\/radiorevelacionfm.cl\/index.php?rest_route=\/wp\/v2\/types\/post"}],"author":[{"embeddable":true,"href":"https:\/\/radiorevelacionfm.cl\/index.php?rest_route=\/wp\/v2\/users\/1"}],"replies":[{"embeddable":true,"href":"https:\/\/radiorevelacionfm.cl\/index.php?rest_route=%2Fwp%2Fv2%2Fcomments&post=16643"}],"version-history":[{"count":2,"href":"https:\/\/radiorevelacionfm.cl\/index.php?rest_route=\/wp\/v2\/posts\/16643\/revisions"}],"predecessor-version":[{"id":16646,"href":"https:\/\/radiorevelacionfm.cl\/index.php?rest_route=\/wp\/v2\/posts\/16643\/revisions\/16646"}],"wp:featuredmedia":[{"embeddable":true,"href":"https:\/\/radiorevelacionfm.cl\/index.php?rest_route=\/wp\/v2\/media\/16644"}],"wp:attachment":[{"href":"https:\/\/radiorevelacionfm.cl\/index.php?rest_route=%2Fwp%2Fv2%2Fmedia&parent=16643"}],"wp:term":[{"taxonomy":"category","embeddable":true,"href":"https:\/\/radiorevelacionfm.cl\/index.php?rest_route=%2Fwp%2Fv2%2Fcategories&post=16643"},{"taxonomy":"post_tag","embeddable":true,"href":"https:\/\/radiorevelacionfm.cl\/index.php?rest_route=%2Fwp%2Fv2%2Ftags&post=16643"}],"curies":[{"name":"wp","href":"https:\/\/api.w.org\/{rel}","templated":true}]}}