{"id":16640,"date":"2022-05-10T15:45:21","date_gmt":"2022-05-10T18:45:21","guid":{"rendered":"https:\/\/radiorevelacionfm.cl\/?p=16640"},"modified":"2022-05-10T15:45:21","modified_gmt":"2022-05-10T18:45:21","slug":"invitan-a-localidades-de-la-zona-sur-de-cisnes-a-ser-parte-del-concurso-literario-voces-del-mar","status":"publish","type":"post","link":"https:\/\/radiorevelacionfm.cl\/?p=16640","title":{"rendered":"Invitan a localidades de la zona sur de Cisnes a ser parte del concurso literario \u201cVoces del Mar\u201d"},"content":{"rendered":"<div class=\"flex_column av_one_full  flex_column_div av-zero-column-padding first  avia-builder-el-0  el_before_av_one_full  avia-builder-el-first  \" style='border-radius:0px; '><div  class='avia-image-container  av-styling-    avia-builder-el-1  avia-builder-el-no-sibling  avia-align-center '  itemprop=\"image\" itemscope=\"itemscope\" itemtype=\"https:\/\/schema.org\/ImageObject\"  ><div class='avia-image-container-inner'><div class='avia-image-overlay-wrap'><img decoding=\"async\" class='wp-image-16696 avia-img-lazy-loading-not-16696 avia_image' src=\"https:\/\/radiorevelacionfm.cl\/wp-content\/uploads\/2022\/05\/CONCURSO-LITERARIO-2-1-1.jpg\" alt='' title='CONCURSO LITERARIO (2) (1) (1)' height=\"600\" width=\"399\"  itemprop=\"thumbnailUrl\" srcset=\"https:\/\/radiorevelacionfm.cl\/wp-content\/uploads\/2022\/05\/CONCURSO-LITERARIO-2-1-1.jpg 399w, https:\/\/radiorevelacionfm.cl\/wp-content\/uploads\/2022\/05\/CONCURSO-LITERARIO-2-1-1-200x300.jpg 200w\" sizes=\"(max-width: 399px) 100vw, 399px\" \/><\/div><\/div><\/div><\/div><div class=\"flex_column av_one_full  flex_column_div av-zero-column-padding first  avia-builder-el-2  el_after_av_one_full  el_before_av_one_full  column-top-margin\" style='border-radius:0px; '><section class=\"av_textblock_section \"  itemscope=\"itemscope\" itemtype=\"https:\/\/schema.org\/BlogPosting\" itemprop=\"blogPost\" ><div class='avia_textblock  '   itemprop=\"text\" ><p style=\"text-align: center;\"><strong><span style=\"font-size: 18pt;\">Invitan a localidades de la zona sur de Cisnes a ser parte del concurso literario \u201cVoces del Mar\u201d<\/span><\/strong><\/p>\n<div id=\"gtx-trans\" style=\"position: absolute; left: -50px; top: 4.31534px;\">\n<div class=\"gtx-trans-icon\"><\/div>\n<\/div>\n<\/div><\/section><\/div><div class=\"flex_column av_one_full  flex_column_div av-zero-column-padding first  avia-builder-el-4  el_after_av_one_full  el_before_av_hr  column-top-margin\" style='border-radius:0px; '><section class=\"av_textblock_section \"  itemscope=\"itemscope\" itemtype=\"https:\/\/schema.org\/BlogPosting\" itemprop=\"blogPost\" ><div class='avia_textblock  '   itemprop=\"text\" ><p style=\"text-align: justify;\">Con la idea de propiciar y fomentar la creaci\u00f3n literaria a trav\u00e9s del rescate de historias locales por parte de ni\u00f1os, ni\u00f1as, j\u00f3venes, adultos y adultos mayores, la Ilustre Municipalidad de Cisnes a trav\u00e9s de su \u00e1rea de cultura ha organizado un concurso literario centrado en la poes\u00eda, el que se extiende hasta el d\u00eda 13 mayo para entregar las creaciones.<\/p>\n<p style=\"text-align: justify;\">La instancia art\u00edstico \u2013 cultural, es la primera de su tipo post pandemia y en esta oportunidad est\u00e1 orientada a las localidades de la zona sur de la comuna de Cisnes, Puerto Gala, Puerto Gaviota, Melimoyu y la cabecera comunal, Puerto Cisnes. As\u00ed lo dio a conocer la encargada de cultura del territorio antes indicado, Antonieta Inostroza.<\/p>\n<p style=\"text-align: justify;\">\u201cEsta actividad naci\u00f3 a ra\u00edz del d\u00eda del libro que se celebr\u00f3 el d\u00eda 23 de abril, con la necesidad urgente de involucrar la participaci\u00f3n de las localidades de la zona sur, que incluyen, Melimoyu, Puerto Gala, Puerto Gaviota y Puerto Cisnes. La idea fue pensarlo en grande, porque justamente muchos de los jurados viven ac\u00e1 en la localidad o viven en algunas zonas aleda\u00f1as a Cisnes, tambi\u00e9n en otros puntos de la regi\u00f3n como Coyhaique y tienen mucha experiencia con editoriales importantes y reconocidas no solamente en la regi\u00f3n, sino que tambi\u00e9n fuera. Adem\u00e1s, muchos de ellos escriben y es como una forma de dar a conocer nombres que no siempre la gente reconoce\u201d.<\/p>\n<p style=\"text-align: justify;\">Una de las personas que estar\u00e1 en el jurado es la escritora y periodista regional, Ivonne Co\u00f1uecar, quien puso en valor el que se retomen actividades culturales en el \u00e1rea de la poes\u00eda, que permiten conocer adem\u00e1s la realidad de las localidades.<\/p>\n<p style=\"text-align: justify;\">\u201cSobre los concursos literarios, me parecen que son muy relevantes, a nivel local, regional, nacional, no solo por la participaci\u00f3n y la convocatoria hacia la comunidad, sino que tambi\u00e9n, permiten hacer una especie de diagn\u00f3stico sobre c\u00f3mo se est\u00e1 desenvolviendo en t\u00e9rminos literarios una comunidad, ese lugar interesante desde donde tambi\u00e9n podemos manifestarnos. Me parece que los concursos son s\u00faper necesarios, estoy muy agradecida y feliz de ser jurado, por ello, agradezco a la Municipalidad de Cisnes, tambi\u00e9n al departamento de cultura y a quienes corresponda esta invitaci\u00f3n. Es un orgullo muy lindo que, desde mi regi\u00f3n, se me convoque a este tipo de actividades\u201d.<\/p>\n<p style=\"text-align: justify;\">En las distintas localidades de la zona sur de la comuna de Cisnes, ya se encuentran las bases y la informaci\u00f3n disponible para este concurso de poes\u00eda, que tiene como plazo para entregar las creaciones, el d\u00eda viernes 13 de mayo pr\u00f3ximo.<\/p>\n<\/div><\/section><\/div><div  style='height:50px' class='hr hr-invisible   avia-builder-el-6  el_after_av_one_full  el_before_av_social_share '><span class='hr-inner ' ><span class='hr-inner-style'><\/span><\/span><\/div><\/p>\n<div  class='av-social-sharing-box  avia-builder-el-7  el_after_av_hr  el_before_av_hr  '><div class='av-share-box'><h5 class='av-share-link-description av-no-toc '>Compartir esta noticia<\/h5><ul class='av-share-box-list noLightbox'><li class='av-share-link av-social-link-facebook' ><a target=\"_blank\" aria-label=\"Compartir en Facebook\" href='https:\/\/www.facebook.com\/sharer.php?u=https:\/\/radiorevelacionfm.cl\/?p=16640&#038;t=Invitan%20a%20localidades%20de%20la%20zona%20sur%20de%20Cisnes%20a%20ser%20parte%20del%20concurso%20literario%20%E2%80%9CVoces%20del%20Mar%E2%80%9D' aria-hidden='false' data-av_icon='\ue8f3' data-av_iconfont='entypo-fontello' title='' data-avia-related-tooltip='Compartir en Facebook' rel=\"noopener\"><span class='avia_hidden_link_text'>Compartir en Facebook<\/span><\/a><\/li><li class='av-share-link av-social-link-twitter' ><a target=\"_blank\" aria-label=\"Compartir en Twitter\" href='https:\/\/twitter.com\/share?text=Invitan%20a%20localidades%20de%20la%20zona%20sur%20de%20Cisnes%20a%20ser%20parte%20del%20concurso%20literario%20%E2%80%9CVoces%20del%20Mar%E2%80%9D&#038;url=https:\/\/radiorevelacionfm.cl\/?p=16640' aria-hidden='false' data-av_icon='\ue8f1' data-av_iconfont='entypo-fontello' title='' data-avia-related-tooltip='Compartir en Twitter' rel=\"noopener\"><span class='avia_hidden_link_text'>Compartir en Twitter<\/span><\/a><\/li><li class='av-share-link av-social-link-whatsapp' ><a target=\"_blank\" aria-label=\"Compartir en Whatsapp\" href='https:\/\/api.whatsapp.com\/send?text=https:\/\/radiorevelacionfm.cl\/?p=16640' aria-hidden='false' data-av_icon='\uf232' data-av_iconfont='entypo-fontello' title='' data-avia-related-tooltip='Compartir en Whatsapp' rel=\"noopener\"><span class='avia_hidden_link_text'>Compartir en Whatsapp<\/span><\/a><\/li><li class='av-share-link av-social-link-linkedin' ><a target=\"_blank\" aria-label=\"Compartir en LinkedIn\" href='https:\/\/linkedin.com\/shareArticle?mini=true&#038;title=Invitan%20a%20localidades%20de%20la%20zona%20sur%20de%20Cisnes%20a%20ser%20parte%20del%20concurso%20literario%20%E2%80%9CVoces%20del%20Mar%E2%80%9D&#038;url=https:\/\/radiorevelacionfm.cl\/?p=16640' aria-hidden='false' data-av_icon='\ue8fc' data-av_iconfont='entypo-fontello' title='' data-avia-related-tooltip='Compartir en LinkedIn' rel=\"noopener\"><span class='avia_hidden_link_text'>Compartir en LinkedIn<\/span><\/a><\/li><li class='av-share-link av-social-link-mail' ><a  aria-label=\"Compartir por correo\" href='mailto:?subject=Invitan%20a%20localidades%20de%20la%20zona%20sur%20de%20Cisnes%20a%20ser%20parte%20del%20concurso%20literario%20%E2%80%9CVoces%20del%20Mar%E2%80%9D&#038;body=https:\/\/radiorevelacionfm.cl\/?p=16640' aria-hidden='false' data-av_icon='\ue805' data-av_iconfont='entypo-fontello' title='' data-avia-related-tooltip='Compartir por correo'><span class='avia_hidden_link_text'>Compartir por correo<\/span><\/a><\/li><\/ul><\/div><\/div>\n<div  style='height:50px' class='hr hr-invisible   avia-builder-el-8  el_after_av_social_share  el_before_av_comments_list '><span class='hr-inner ' ><span class='hr-inner-style'><\/span><\/span><\/div>\n<div  class='av-buildercomment  av-blog-meta-html-info-disabled av-blog-meta-tag-disabled  '><\/div>\n","protected":false},"excerpt":{"rendered":"","protected":false},"author":1,"featured_media":16696,"comment_status":"open","ping_status":"open","sticky":false,"template":"","format":"standard","meta":{"footnotes":""},"categories":[52,1],"tags":[],"class_list":["post-16640","post","type-post","status-publish","format-standard","has-post-thumbnail","hentry","category-cultura","category-sin-categoria"],"jetpack_featured_media_url":"https:\/\/radiorevelacionfm.cl\/wp-content\/uploads\/2022\/05\/CONCURSO-LITERARIO-2-1-1.jpg","_links":{"self":[{"href":"https:\/\/radiorevelacionfm.cl\/index.php?rest_route=\/wp\/v2\/posts\/16640","targetHints":{"allow":["GET"]}}],"collection":[{"href":"https:\/\/radiorevelacionfm.cl\/index.php?rest_route=\/wp\/v2\/posts"}],"about":[{"href":"https:\/\/radiorevelacionfm.cl\/index.php?rest_route=\/wp\/v2\/types\/post"}],"author":[{"embeddable":true,"href":"https:\/\/radiorevelacionfm.cl\/index.php?rest_route=\/wp\/v2\/users\/1"}],"replies":[{"embeddable":true,"href":"https:\/\/radiorevelacionfm.cl\/index.php?rest_route=%2Fwp%2Fv2%2Fcomments&post=16640"}],"version-history":[{"count":3,"href":"https:\/\/radiorevelacionfm.cl\/index.php?rest_route=\/wp\/v2\/posts\/16640\/revisions"}],"predecessor-version":[{"id":16698,"href":"https:\/\/radiorevelacionfm.cl\/index.php?rest_route=\/wp\/v2\/posts\/16640\/revisions\/16698"}],"wp:featuredmedia":[{"embeddable":true,"href":"https:\/\/radiorevelacionfm.cl\/index.php?rest_route=\/wp\/v2\/media\/16696"}],"wp:attachment":[{"href":"https:\/\/radiorevelacionfm.cl\/index.php?rest_route=%2Fwp%2Fv2%2Fmedia&parent=16640"}],"wp:term":[{"taxonomy":"category","embeddable":true,"href":"https:\/\/radiorevelacionfm.cl\/index.php?rest_route=%2Fwp%2Fv2%2Fcategories&post=16640"},{"taxonomy":"post_tag","embeddable":true,"href":"https:\/\/radiorevelacionfm.cl\/index.php?rest_route=%2Fwp%2Fv2%2Ftags&post=16640"}],"curies":[{"name":"wp","href":"https:\/\/api.w.org\/{rel}","templated":true}]}}