{"id":16637,"date":"2022-05-10T12:57:51","date_gmt":"2022-05-10T15:57:51","guid":{"rendered":"https:\/\/radiorevelacionfm.cl\/?p=16637"},"modified":"2022-05-10T12:57:51","modified_gmt":"2022-05-10T15:57:51","slug":"consejero-abello-resalta-programa-del-gobierno-que-permitira-entregar-mas-recursos-a-servicios-publicos-municipalidades-y-gobiernos-regionales","status":"publish","type":"post","link":"https:\/\/radiorevelacionfm.cl\/?p=16637","title":{"rendered":"Consejero Abello resalta programa del Gobierno que permitir\u00e1 entregar m\u00e1s recursos a Servicios P\u00fablicos, Municipalidades y Gobiernos Regionales"},"content":{"rendered":"<div class=\"flex_column av_one_full  flex_column_div av-zero-column-padding first  avia-builder-el-0  el_before_av_one_full  avia-builder-el-first  \" style='border-radius:0px; '><div  class='avia-image-container  av-styling-    avia-builder-el-1  avia-builder-el-no-sibling  avia-align-center '  itemprop=\"image\" itemscope=\"itemscope\" itemtype=\"https:\/\/schema.org\/ImageObject\"  ><div class='avia-image-container-inner'><div class='avia-image-overlay-wrap'><img decoding=\"async\" class='wp-image-16638 avia-img-lazy-loading-not-16638 avia_image' src=\"https:\/\/radiorevelacionfm.cl\/wp-content\/uploads\/2022\/05\/IMG_20220421_135148-1-1.jpg\" alt='' title='IMG_20220421_135148 (1) (1)' height=\"600\" width=\"441\"  itemprop=\"thumbnailUrl\" srcset=\"https:\/\/radiorevelacionfm.cl\/wp-content\/uploads\/2022\/05\/IMG_20220421_135148-1-1.jpg 441w, https:\/\/radiorevelacionfm.cl\/wp-content\/uploads\/2022\/05\/IMG_20220421_135148-1-1-221x300.jpg 221w\" sizes=\"(max-width: 441px) 100vw, 441px\" \/><\/div><\/div><\/div><\/div><div class=\"flex_column av_one_full  flex_column_div av-zero-column-padding first  avia-builder-el-2  el_after_av_one_full  el_before_av_one_full  column-top-margin\" style='border-radius:0px; '><section class=\"av_textblock_section \"  itemscope=\"itemscope\" itemtype=\"https:\/\/schema.org\/BlogPosting\" itemprop=\"blogPost\" ><div class='avia_textblock  '   itemprop=\"text\" ><p style=\"text-align: center;\"><strong><span style=\"font-size: 18pt;\">Consejero Abello resalta programa del Gobierno que permitir\u00e1 entregar m\u00e1s recursos a Servicios P\u00fablicos, Municipalidades y Gobiernos Regionales<\/span><\/strong><\/p>\n<div id=\"gtx-trans\" style=\"position: absolute; left: -50px; top: 4.31534px;\">\n<div class=\"gtx-trans-icon\"><\/div>\n<\/div>\n<\/div><\/section><\/div><div class=\"flex_column av_one_full  flex_column_div av-zero-column-padding first  avia-builder-el-4  el_after_av_one_full  el_before_av_hr  column-top-margin\" style='border-radius:0px; '><section class=\"av_textblock_section \"  itemscope=\"itemscope\" itemtype=\"https:\/\/schema.org\/BlogPosting\" itemprop=\"blogPost\" ><div class='avia_textblock  '   itemprop=\"text\" ><p style=\"text-align: justify;\">Como una gran oportunidad calific\u00f3 el Consejero Regional y miembro de la comisi\u00f3n de Presupuesto e Inversiones, Jorge Abello, una de las l\u00edneas program\u00e1ticas de \u201cChile Apoya\u201d, plan de recuperaci\u00f3n econ\u00f3mica inclusiva impulsado por el Gobierno, iniciativa que permitir\u00e1 contar con un fondo de US$300 millones para proyectos de inversi\u00f3n.<\/p>\n<p style=\"text-align: justify;\">El plan establece la creaci\u00f3n de un fondo por US$ 300 millones para proyectos de inversi\u00f3n que sean intensivos en mano de obra y que tengan un car\u00e1cter verde, y cuya principal condici\u00f3n para la entrega de los recursos es que deber\u00e1n ser destinados a iniciativas en condiciones de ejecutarse \u201ccon celeridad\u201d\u00a0 y que se enmarquen en programas e instrumentos de inversi\u00f3n, como, Programa Mejoramiento Urbano y Equipamiento Comunal del Ministerio del Interior y Seguridad P\u00fablica; el Programa de Mejoramiento de Barrios, tambi\u00e9n del Ministerio del Interior y Seguridad P\u00fablica; y el Fondo Regional de Iniciativa Local (FRIL), regulado por la ley de Presupuestos 2022 en la partida de los Gobiernos Regionales.<\/p>\n<p style=\"text-align: justify;\">Seg\u00fan Jorge Abello, \u201ces una gran oportunidad que est\u00e1 dando el Gobierno a las regiones, para que los gobiernos locales, y otros servicios, accedan a financiamiento con proyectos con \u00e9nfasis en mano de obra, que se puedan ejecutar con celeridad dentro de este a\u00f1o y que deseablemente puedan contribuir en materias de adaptaci\u00f3n a la crisis clim\u00e1tica. Ac\u00e1 se requiere una adecuada coordinaci\u00f3n regional, adem\u00e1s de una priorizaci\u00f3n de esfuerzos de los equipos t\u00e9cnicos junto con audacia y creatividad para generar con premura iniciativas factibles de financiar, dado que los plazos son acotados\u201d.<\/p>\n<p style=\"text-align: justify;\">\u201cEs una oportunidad relevante que no se debe desaprovechar. Cuando vemos que existen dificultades en la ejecuci\u00f3n presupuestaria en el Gobierno Regional y as\u00ed tambi\u00e9n en parte importante de reparticiones p\u00fablicas de la regi\u00f3n, este proceso debe ser aprovechado para resolver las contingencias regionales, sobre todo en el empleo\u201d, indic\u00f3.<\/p>\n<p style=\"text-align: justify;\">Finalmente, el Consejero Regional Jorge Abello, insisti\u00f3 en los plazos, los cuales \u201cest\u00e1n corriendo desde el 12 de abril, cerrando el proceso de postulaci\u00f3n este 11 de mayo, seg\u00fan instructivo y difusi\u00f3n realizado por la Subsecretar\u00eda de Desarrollo Regional, SUBDERE\u201d.<\/p>\n<\/div><\/section><\/div><div  style='height:50px' class='hr hr-invisible   avia-builder-el-6  el_after_av_one_full  el_before_av_social_share '><span class='hr-inner ' ><span class='hr-inner-style'><\/span><\/span><\/div><\/p>\n<div  class='av-social-sharing-box  avia-builder-el-7  el_after_av_hr  el_before_av_hr  '><div class='av-share-box'><h5 class='av-share-link-description av-no-toc '>Compartir esta noticia<\/h5><ul class='av-share-box-list noLightbox'><li class='av-share-link av-social-link-facebook' ><a target=\"_blank\" aria-label=\"Compartir en Facebook\" href='https:\/\/www.facebook.com\/sharer.php?u=https:\/\/radiorevelacionfm.cl\/?p=16637&#038;t=Consejero%20Abello%20resalta%20programa%20del%20Gobierno%20que%20permitir%C3%A1%20entregar%20m%C3%A1s%20recursos%20a%20Servicios%20P%C3%BAblicos%2C%20Municipalidades%20y%20Gobiernos%20Regionales' aria-hidden='false' data-av_icon='\ue8f3' data-av_iconfont='entypo-fontello' title='' data-avia-related-tooltip='Compartir en Facebook' rel=\"noopener\"><span class='avia_hidden_link_text'>Compartir en Facebook<\/span><\/a><\/li><li class='av-share-link av-social-link-twitter' ><a target=\"_blank\" aria-label=\"Compartir en Twitter\" href='https:\/\/twitter.com\/share?text=Consejero%20Abello%20resalta%20programa%20del%20Gobierno%20que%20permitir%C3%A1%20entregar%20m%C3%A1s%20recursos%20a%20Servicios%20P%C3%BAblicos%2C%20Municipalidades%20y%20Gobiernos%20Regionales&#038;url=https:\/\/radiorevelacionfm.cl\/?p=16637' aria-hidden='false' data-av_icon='\ue8f1' data-av_iconfont='entypo-fontello' title='' data-avia-related-tooltip='Compartir en Twitter' rel=\"noopener\"><span class='avia_hidden_link_text'>Compartir en Twitter<\/span><\/a><\/li><li class='av-share-link av-social-link-whatsapp' ><a target=\"_blank\" aria-label=\"Compartir en Whatsapp\" href='https:\/\/api.whatsapp.com\/send?text=https:\/\/radiorevelacionfm.cl\/?p=16637' aria-hidden='false' data-av_icon='\uf232' data-av_iconfont='entypo-fontello' title='' data-avia-related-tooltip='Compartir en Whatsapp' rel=\"noopener\"><span class='avia_hidden_link_text'>Compartir en Whatsapp<\/span><\/a><\/li><li class='av-share-link av-social-link-linkedin' ><a target=\"_blank\" aria-label=\"Compartir en LinkedIn\" href='https:\/\/linkedin.com\/shareArticle?mini=true&#038;title=Consejero%20Abello%20resalta%20programa%20del%20Gobierno%20que%20permitir%C3%A1%20entregar%20m%C3%A1s%20recursos%20a%20Servicios%20P%C3%BAblicos%2C%20Municipalidades%20y%20Gobiernos%20Regionales&#038;url=https:\/\/radiorevelacionfm.cl\/?p=16637' aria-hidden='false' data-av_icon='\ue8fc' data-av_iconfont='entypo-fontello' title='' data-avia-related-tooltip='Compartir en LinkedIn' rel=\"noopener\"><span class='avia_hidden_link_text'>Compartir en LinkedIn<\/span><\/a><\/li><li class='av-share-link av-social-link-mail' ><a  aria-label=\"Compartir por correo\" href='mailto:?subject=Consejero%20Abello%20resalta%20programa%20del%20Gobierno%20que%20permitir%C3%A1%20entregar%20m%C3%A1s%20recursos%20a%20Servicios%20P%C3%BAblicos%2C%20Municipalidades%20y%20Gobiernos%20Regionales&#038;body=https:\/\/radiorevelacionfm.cl\/?p=16637' aria-hidden='false' data-av_icon='\ue805' data-av_iconfont='entypo-fontello' title='' data-avia-related-tooltip='Compartir por correo'><span class='avia_hidden_link_text'>Compartir por correo<\/span><\/a><\/li><\/ul><\/div><\/div>\n<div  style='height:50px' class='hr hr-invisible   avia-builder-el-8  el_after_av_social_share  el_before_av_comments_list '><span class='hr-inner ' ><span class='hr-inner-style'><\/span><\/span><\/div>\n<div  class='av-buildercomment  av-blog-meta-html-info-disabled av-blog-meta-tag-disabled  '><\/div>\n","protected":false},"excerpt":{"rendered":"","protected":false},"author":1,"featured_media":16638,"comment_status":"open","ping_status":"open","sticky":false,"template":"","format":"standard","meta":{"footnotes":""},"categories":[35],"tags":[],"class_list":["post-16637","post","type-post","status-publish","format-standard","has-post-thumbnail","hentry","category-politica"],"jetpack_featured_media_url":"https:\/\/radiorevelacionfm.cl\/wp-content\/uploads\/2022\/05\/IMG_20220421_135148-1-1.jpg","_links":{"self":[{"href":"https:\/\/radiorevelacionfm.cl\/index.php?rest_route=\/wp\/v2\/posts\/16637","targetHints":{"allow":["GET"]}}],"collection":[{"href":"https:\/\/radiorevelacionfm.cl\/index.php?rest_route=\/wp\/v2\/posts"}],"about":[{"href":"https:\/\/radiorevelacionfm.cl\/index.php?rest_route=\/wp\/v2\/types\/post"}],"author":[{"embeddable":true,"href":"https:\/\/radiorevelacionfm.cl\/index.php?rest_route=\/wp\/v2\/users\/1"}],"replies":[{"embeddable":true,"href":"https:\/\/radiorevelacionfm.cl\/index.php?rest_route=%2Fwp%2Fv2%2Fcomments&post=16637"}],"version-history":[{"count":2,"href":"https:\/\/radiorevelacionfm.cl\/index.php?rest_route=\/wp\/v2\/posts\/16637\/revisions"}],"predecessor-version":[{"id":16687,"href":"https:\/\/radiorevelacionfm.cl\/index.php?rest_route=\/wp\/v2\/posts\/16637\/revisions\/16687"}],"wp:featuredmedia":[{"embeddable":true,"href":"https:\/\/radiorevelacionfm.cl\/index.php?rest_route=\/wp\/v2\/media\/16638"}],"wp:attachment":[{"href":"https:\/\/radiorevelacionfm.cl\/index.php?rest_route=%2Fwp%2Fv2%2Fmedia&parent=16637"}],"wp:term":[{"taxonomy":"category","embeddable":true,"href":"https:\/\/radiorevelacionfm.cl\/index.php?rest_route=%2Fwp%2Fv2%2Fcategories&post=16637"},{"taxonomy":"post_tag","embeddable":true,"href":"https:\/\/radiorevelacionfm.cl\/index.php?rest_route=%2Fwp%2Fv2%2Ftags&post=16637"}],"curies":[{"name":"wp","href":"https:\/\/api.w.org\/{rel}","templated":true}]}}