{"id":16634,"date":"2022-05-10T12:51:34","date_gmt":"2022-05-10T15:51:34","guid":{"rendered":"https:\/\/radiorevelacionfm.cl\/?p=16634"},"modified":"2022-05-10T12:51:34","modified_gmt":"2022-05-10T15:51:34","slug":"con-gestion-colaborativa-se-abordan-eventos-del-sistema-frontal-en-la-region-de-aysen","status":"publish","type":"post","link":"https:\/\/radiorevelacionfm.cl\/?p=16634","title":{"rendered":"Con gesti\u00f3n colaborativa se abordan eventos del sistema frontal en la Regi\u00f3n de Ays\u00e9n"},"content":{"rendered":"<div class=\"flex_column av_one_full  flex_column_div av-zero-column-padding first  avia-builder-el-0  el_before_av_one_full  avia-builder-el-first  \" style='border-radius:0px; '><div  class='avia-image-container  av-styling-    avia-builder-el-1  avia-builder-el-no-sibling  avia-align-center '  itemprop=\"image\" itemscope=\"itemscope\" itemtype=\"https:\/\/schema.org\/ImageObject\"  ><div class='avia-image-container-inner'><div class='avia-image-overlay-wrap'><img decoding=\"async\" class='wp-image-16635 avia-img-lazy-loading-not-16635 avia_image' src=\"https:\/\/radiorevelacionfm.cl\/wp-content\/uploads\/2022\/05\/WhatsApp-Image-2022-05-08-at-6.23.17-PM-1-1.jpeg\" alt='' title='WhatsApp Image 2022-05-08 at 6.23.17 PM (1) (1)' height=\"600\" width=\"1067\"  itemprop=\"thumbnailUrl\" srcset=\"https:\/\/radiorevelacionfm.cl\/wp-content\/uploads\/2022\/05\/WhatsApp-Image-2022-05-08-at-6.23.17-PM-1-1.jpeg 1067w, https:\/\/radiorevelacionfm.cl\/wp-content\/uploads\/2022\/05\/WhatsApp-Image-2022-05-08-at-6.23.17-PM-1-1-300x169.jpeg 300w, https:\/\/radiorevelacionfm.cl\/wp-content\/uploads\/2022\/05\/WhatsApp-Image-2022-05-08-at-6.23.17-PM-1-1-1030x579.jpeg 1030w, https:\/\/radiorevelacionfm.cl\/wp-content\/uploads\/2022\/05\/WhatsApp-Image-2022-05-08-at-6.23.17-PM-1-1-768x432.jpeg 768w, https:\/\/radiorevelacionfm.cl\/wp-content\/uploads\/2022\/05\/WhatsApp-Image-2022-05-08-at-6.23.17-PM-1-1-705x396.jpeg 705w, https:\/\/radiorevelacionfm.cl\/wp-content\/uploads\/2022\/05\/WhatsApp-Image-2022-05-08-at-6.23.17-PM-1-1-600x337.jpeg 600w\" sizes=\"(max-width: 1067px) 100vw, 1067px\" \/><\/div><\/div><\/div><\/div><div class=\"flex_column av_one_full  flex_column_div av-zero-column-padding first  avia-builder-el-2  el_after_av_one_full  el_before_av_one_full  column-top-margin\" style='border-radius:0px; '><section class=\"av_textblock_section \"  itemscope=\"itemscope\" itemtype=\"https:\/\/schema.org\/BlogPosting\" itemprop=\"blogPost\" ><div class='avia_textblock  '   itemprop=\"text\" ><p style=\"font-weight: 400; text-align: center;\"><span style=\"font-size: 18pt;\"><strong>Con gesti\u00f3n colaborativa se abordan eventos\u00a0<\/strong><strong>\u00a0del sistema frontal en la Regi\u00f3n de Ays\u00e9n<\/strong><\/span><\/p>\n<div id=\"gtx-trans\" style=\"position: absolute; left: -50px; top: 4.31534px;\">\n<div class=\"gtx-trans-icon\"><\/div>\n<\/div>\n<\/div><\/section><\/div><div class=\"flex_column av_one_full  flex_column_div av-zero-column-padding first  avia-builder-el-4  el_after_av_one_full  el_before_av_hr  column-top-margin\" style='border-radius:0px; '><section class=\"av_textblock_section \"  itemscope=\"itemscope\" itemtype=\"https:\/\/schema.org\/BlogPosting\" itemprop=\"blogPost\" ><div class='avia_textblock  '   itemprop=\"text\" ><p style=\"text-align: justify;\">Mediante una gesti\u00f3n colaborativa por parte de instituciones p\u00fablicas junto a las comunidades locales, se trabaj\u00f3 en los eventos derivados del sistema frontal registrado este fin de semana en la Regi\u00f3n de Ays\u00e9n.<\/p>\n<p style=\"text-align: justify;\">La Delegaci\u00f3n Presidencial Regional y provinciales, secretar\u00edas regionales ministeriales de Obras P\u00fablicas, Salud y Vivienda, municipalidades, carabineros, bomberos, entre otras, se han coordinado al alero del Programa Invierno 2022 y la Mesa T\u00e9cnica de la Oficina Nacional de Emergencias (Onemi).<\/p>\n<p style=\"text-align: justify;\">La identificaci\u00f3n de puntos cr\u00edticos para comunidades y rutas, producto de las intensas precipitaciones, permiti\u00f3 adoptar medidas como la suspensi\u00f3n del tr\u00e1nsito nocturno en dos tramos y alertar a los Comit\u00e9 de Agua Potable Rural para las acciones preventivas.<\/p>\n<p style=\"text-align: justify;\">Desde tempranas horas los equipos de Vialidad y empresas a cargo de la mantenci\u00f3n de rutas, trabajaron en el despeje de rodados y desprendimientos, para restablecer conectividad.<\/p>\n<p style=\"text-align: justify;\">El Delegado Presidencial Regional, Rodrigo Araya Morales, se\u00f1al\u00f3 que la labor coordinada permite optimizar tanto el diagn\u00f3stico como la capacidad de respuesta.<\/p>\n<p style=\"text-align: justify;\">\u201cTodos los fen\u00f3menos que puedan ocurrir en este per\u00edodo, gracias a la detecci\u00f3n de las zonas cr\u00edticas y puntos cr\u00edticos, que son las zonas de riesgo de nuestra regi\u00f3n, con participaci\u00f3n de los municipios en la identificaci\u00f3n de esos lugares, nos permite confiar en que toda la institucionalidad de los distintos ministerios va a funcionar preventivamente y mitigando cuando ocurran los distintos eventos\u201d, recalc\u00f3.<\/p>\n<p style=\"text-align: justify;\">El director de Onemi, Sidi Bravo, indic\u00f3 que el an\u00e1lisis implic\u00f3 identificar infraestructura cr\u00edtica de servicios b\u00e1sicos y obras de mitigaci\u00f3n, entre otros aspectos.<\/p>\n<p style=\"text-align: justify;\">\u201cLa detecci\u00f3n de aquellos puntos cr\u00edticos de toda la regi\u00f3n, multisectorialmente, trabajado directamente con los municipios. El trabajo ha sido colaborativo, multisectorial, con los municipios y hay dos instituciones muy importantes, como es el Ministerio de Obras P\u00fablicas, el Ministerio de Vivienda, que son colaboradores directos del Sistema de Gesti\u00f3n de Riesgos, para mitigar cualquier impacto que podamos tener\u201d, se\u00f1al\u00f3.<\/p>\n<p style=\"text-align: justify;\"><strong>El estado de rutas<\/strong><\/p>\n<p style=\"text-align: justify;\">El Secretario Regional Ministerial de Obras P\u00fablicas, Patricio Sanhueza Ulloa realiz\u00f3 un balance respecto del estado de la red vial regional y los trabajos realizados, indicando que los equipos de Vialidad se encuentran distribuidos en todo el territorio y mantienen un trabajo coordinado con las empresas constructoras a trav\u00e9s de los contratos de conservaci\u00f3n global de caminos y v\u00eda administraci\u00f3n directa. Se recomienda a conductores y conductoras tomar medidas de precauci\u00f3n correspondientes, manejar atentos\/as a las condiciones de los caminos, transitar con luz d\u00eda, respetar se\u00f1alizaci\u00f3n y velocidad m\u00e1xima permitida.<\/p>\n<p style=\"text-align: justify;\">Respecto de la Ruta 7, v\u00eda estructurante de la regi\u00f3n de Ays\u00e9n, \u00e9sta se encuentra en su totalidad operativa.<\/p>\n<p style=\"text-align: justify;\">Con relaci\u00f3n a otras Rutas, la informaci\u00f3n a las 17:40 horas de este domingo 08 de mayo 2022 indica:<\/p>\n<ul style=\"text-align: justify;\">\n<li>RUTA 240 -CH ENTRE AYS\u00c9N Y CHACABUCO, SECTOR R\u00cdO \u00c1LVAREZ: ANEGAMIENTO EN EL CAMINO, CAUDAL BAJ\u00d3, CAMINO SE ENCUENTRA OPERATIVO PARA EL TR\u00c1NSITO VEHICULAR CON PRECAUCI\u00d3N<\/li>\n<li>RUTA 7 SUR KM 720, SECTOR PUENTE EL MANSO: ANEGAMIENTO DE PLATAFORMA DEL CAMINO, CAUDAL BAJ\u00d3, CAMINO SE ENCUENTRA OPERATIVO PARA EL TR\u00c1NSITO VEHICULAR CON PRECAUCI\u00d3N<\/li>\n<li>RUTA X-83, ENTRADA BAKER &#8211; PASO ROBALLOS, KM 37,6: ANEGAMIENTO DE PLATAFORMA, CAMINO CERRADO. SE ESPERA BAJE EL RIO PARA EVALUAR ESTADO DE CARPETA Y PROGRAMAR HABILITACI\u00d3N DE PLATAFORMA DE REQUERIRSE.<\/li>\n<li>RUTA X-753 (CHILE CHICO) &#8211; RESERVA NACIONAL LAGO JEINIMENI, KM 41, SECTOR EL SUCIO: CAMINO CERRADO. SE INICIAR\u00c1N TRABAJOS MA\u00d1ANA LUNES 09 DE MAYO.<\/li>\n<li>RUTA X-735 CRUCE X-65 (PUERTO IB\u00c1\u00d1EZ) &#8211; PEN\u00cdNSULA LEVIC\u00c1N: P\u00c9RDIDA DE TERRAPL\u00c9N PUENTE EL CLARO, CAMINO CERRADO. TRANSITAR EN FORMA ALTERNATIVA POR CAMINO CRUCE RUTA 7 &#8211; LAGO LAS ARDILLAS &#8211; CRUCE X-735.<\/li>\n<li>RUTA X-686 CRUCE RUTA 7 (VALLE SIMPSON) &#8211; LAGO ELIZALDE &#8211; LAGO CARO, KM 15 Y KM 25: CAMINO CERRADO. SE INICIAR\u00c1N TRABAJOS MA\u00d1ANA LUNES 09 DE MAYO.<\/li>\n<li>RUTA X-728 CRUCE RUTA 7 (R\u00cdO TRANQUILO) &#8211; BAH\u00cdA EXPLORADORES, KM 20: P\u00c9RDIDA DE PLATAFORMA DEL CAMINO, RUTA CERRADA.<\/li>\n<li>RUTA X-731, CRUCE RUTA 7 (BAH\u00cdA MURTA) &#8211; PUERTO S\u00c1NCHEZ: COLAPSO DE ALCANTARILLA Y P\u00c9RDIDA DE PLATAFORMA DEL CMAINO. SE HABILIT\u00d3 TR\u00c1NSITO CON PRECAUCI\u00d3N.<\/li>\n<li>RUTA 265-CH, CRUCE RUTA 7 (EL MAIT\u00c9N) &#8211; CHILE CHICO &#8211; PASO R\u00cdO JEINIMENI, SECTOR PASO DE LAS LLAVES: SE EST\u00c1 TRABAJANDO EN DOS SECTORES. EN EL DESLIZAMIENTO Y EN TRAMO EROSIONADO POR CURSO DE AGUA. CAMINO CERRADO.<\/li>\n<\/ul>\n<p style=\"text-align: justify;\">Con relaci\u00f3n a los Servicios Sanitarios Rurales, la Direcci\u00f3n Regional de Obras Hidr\u00e1ulicas del MOP inform\u00f3 que producto del frente clim\u00e1tico hay algunos sistemas afectados como el de Cerro Negro con turbiedad, R\u00edo Claro con un corte de rotura por impulsi\u00f3n, en Puerto S\u00e1nchez existe problema en la captaci\u00f3n, el de Villa Ortega est\u00e1 operando en un 50%, y tambi\u00e9n en el km 12 Puerto Ays\u00e9n tambi\u00e9n estar\u00eda afectado.<\/p>\n<p style=\"text-align: justify;\">A estas comunidades, se pide mantener permanente contacto con sus dirigentes y personal que administra el Servicio Sanitario correspondiente y seguir las indicaciones que entreguen.<\/p>\n<p style=\"text-align: justify;\">La Direcci\u00f3n Regional de Obras Hidr\u00e1ulicas continuar\u00e1 monitoreando cada uno de los sistemas.<\/p>\n<\/div><\/section><\/div><div  style='height:50px' class='hr hr-invisible   avia-builder-el-6  el_after_av_one_full  el_before_av_social_share '><span class='hr-inner ' ><span class='hr-inner-style'><\/span><\/span><\/div><\/p>\n<div  class='av-social-sharing-box  avia-builder-el-7  el_after_av_hr  el_before_av_hr  '><div class='av-share-box'><h5 class='av-share-link-description av-no-toc '>Compartir esta noticia<\/h5><ul class='av-share-box-list noLightbox'><li class='av-share-link av-social-link-facebook' ><a target=\"_blank\" aria-label=\"Compartir en Facebook\" href='https:\/\/www.facebook.com\/sharer.php?u=https:\/\/radiorevelacionfm.cl\/?p=16634&#038;t=Con%20gesti%C3%B3n%20colaborativa%20se%20abordan%20eventos%20del%20sistema%20frontal%20en%20la%20Regi%C3%B3n%20de%20Ays%C3%A9n' aria-hidden='false' data-av_icon='\ue8f3' data-av_iconfont='entypo-fontello' title='' data-avia-related-tooltip='Compartir en Facebook' rel=\"noopener\"><span class='avia_hidden_link_text'>Compartir en Facebook<\/span><\/a><\/li><li class='av-share-link av-social-link-twitter' ><a target=\"_blank\" aria-label=\"Compartir en Twitter\" href='https:\/\/twitter.com\/share?text=Con%20gesti%C3%B3n%20colaborativa%20se%20abordan%20eventos%20del%20sistema%20frontal%20en%20la%20Regi%C3%B3n%20de%20Ays%C3%A9n&#038;url=https:\/\/radiorevelacionfm.cl\/?p=16634' aria-hidden='false' data-av_icon='\ue8f1' data-av_iconfont='entypo-fontello' title='' data-avia-related-tooltip='Compartir en Twitter' rel=\"noopener\"><span class='avia_hidden_link_text'>Compartir en Twitter<\/span><\/a><\/li><li class='av-share-link av-social-link-whatsapp' ><a target=\"_blank\" aria-label=\"Compartir en Whatsapp\" href='https:\/\/api.whatsapp.com\/send?text=https:\/\/radiorevelacionfm.cl\/?p=16634' aria-hidden='false' data-av_icon='\uf232' data-av_iconfont='entypo-fontello' title='' data-avia-related-tooltip='Compartir en Whatsapp' rel=\"noopener\"><span class='avia_hidden_link_text'>Compartir en Whatsapp<\/span><\/a><\/li><li class='av-share-link av-social-link-linkedin' ><a target=\"_blank\" aria-label=\"Compartir en LinkedIn\" href='https:\/\/linkedin.com\/shareArticle?mini=true&#038;title=Con%20gesti%C3%B3n%20colaborativa%20se%20abordan%20eventos%20del%20sistema%20frontal%20en%20la%20Regi%C3%B3n%20de%20Ays%C3%A9n&#038;url=https:\/\/radiorevelacionfm.cl\/?p=16634' aria-hidden='false' data-av_icon='\ue8fc' data-av_iconfont='entypo-fontello' title='' data-avia-related-tooltip='Compartir en LinkedIn' rel=\"noopener\"><span class='avia_hidden_link_text'>Compartir en LinkedIn<\/span><\/a><\/li><li class='av-share-link av-social-link-mail' ><a  aria-label=\"Compartir por correo\" href='mailto:?subject=Con%20gesti%C3%B3n%20colaborativa%20se%20abordan%20eventos%20del%20sistema%20frontal%20en%20la%20Regi%C3%B3n%20de%20Ays%C3%A9n&#038;body=https:\/\/radiorevelacionfm.cl\/?p=16634' aria-hidden='false' data-av_icon='\ue805' data-av_iconfont='entypo-fontello' title='' data-avia-related-tooltip='Compartir por correo'><span class='avia_hidden_link_text'>Compartir por correo<\/span><\/a><\/li><\/ul><\/div><\/div>\n<div  style='height:50px' class='hr hr-invisible   avia-builder-el-8  el_after_av_social_share  el_before_av_comments_list '><span class='hr-inner ' ><span class='hr-inner-style'><\/span><\/span><\/div>\n<div  class='av-buildercomment  av-blog-meta-html-info-disabled av-blog-meta-tag-disabled  '><\/div>\n","protected":false},"excerpt":{"rendered":"","protected":false},"author":1,"featured_media":16635,"comment_status":"open","ping_status":"open","sticky":false,"template":"","format":"standard","meta":{"footnotes":""},"categories":[38],"tags":[],"class_list":["post-16634","post","type-post","status-publish","format-standard","has-post-thumbnail","hentry","category-regional"],"jetpack_featured_media_url":"https:\/\/radiorevelacionfm.cl\/wp-content\/uploads\/2022\/05\/WhatsApp-Image-2022-05-08-at-6.23.17-PM-1-1.jpeg","_links":{"self":[{"href":"https:\/\/radiorevelacionfm.cl\/index.php?rest_route=\/wp\/v2\/posts\/16634","targetHints":{"allow":["GET"]}}],"collection":[{"href":"https:\/\/radiorevelacionfm.cl\/index.php?rest_route=\/wp\/v2\/posts"}],"about":[{"href":"https:\/\/radiorevelacionfm.cl\/index.php?rest_route=\/wp\/v2\/types\/post"}],"author":[{"embeddable":true,"href":"https:\/\/radiorevelacionfm.cl\/index.php?rest_route=\/wp\/v2\/users\/1"}],"replies":[{"embeddable":true,"href":"https:\/\/radiorevelacionfm.cl\/index.php?rest_route=%2Fwp%2Fv2%2Fcomments&post=16634"}],"version-history":[{"count":2,"href":"https:\/\/radiorevelacionfm.cl\/index.php?rest_route=\/wp\/v2\/posts\/16634\/revisions"}],"predecessor-version":[{"id":16686,"href":"https:\/\/radiorevelacionfm.cl\/index.php?rest_route=\/wp\/v2\/posts\/16634\/revisions\/16686"}],"wp:featuredmedia":[{"embeddable":true,"href":"https:\/\/radiorevelacionfm.cl\/index.php?rest_route=\/wp\/v2\/media\/16635"}],"wp:attachment":[{"href":"https:\/\/radiorevelacionfm.cl\/index.php?rest_route=%2Fwp%2Fv2%2Fmedia&parent=16634"}],"wp:term":[{"taxonomy":"category","embeddable":true,"href":"https:\/\/radiorevelacionfm.cl\/index.php?rest_route=%2Fwp%2Fv2%2Fcategories&post=16634"},{"taxonomy":"post_tag","embeddable":true,"href":"https:\/\/radiorevelacionfm.cl\/index.php?rest_route=%2Fwp%2Fv2%2Ftags&post=16634"}],"curies":[{"name":"wp","href":"https:\/\/api.w.org\/{rel}","templated":true}]}}