{"id":16631,"date":"2022-05-09T18:08:42","date_gmt":"2022-05-09T21:08:42","guid":{"rendered":"https:\/\/radiorevelacionfm.cl\/?p=16631"},"modified":"2022-05-09T18:08:42","modified_gmt":"2022-05-09T21:08:42","slug":"con-instrumentos-de-planificacion-se-modernizara-la-gestion-de-transito-para-cochrane-y-caleta-tortel","status":"publish","type":"post","link":"https:\/\/radiorevelacionfm.cl\/?p=16631","title":{"rendered":"Con instrumentos de planificaci\u00f3n se modernizar\u00e1 la gesti\u00f3n de tr\u00e1nsito para Cochrane y Caleta Tortel"},"content":{"rendered":"<div class=\"flex_column av_one_full  flex_column_div av-zero-column-padding first  avia-builder-el-0  el_before_av_one_full  avia-builder-el-first  \" style='border-radius:0px; '><div  class='avia-image-container  av-styling-    avia-builder-el-1  avia-builder-el-no-sibling  avia-align-center '  itemprop=\"image\" itemscope=\"itemscope\" itemtype=\"https:\/\/schema.org\/ImageObject\"  ><div class='avia-image-container-inner'><div class='avia-image-overlay-wrap'><img decoding=\"async\" class='wp-image-16632 avia-img-lazy-loading-not-16632 avia_image' src=\"https:\/\/radiorevelacionfm.cl\/wp-content\/uploads\/2022\/05\/DSC_5791-1-1.jpg\" alt='' title='DSC_5791 (1) (1)' height=\"600\" width=\"903\"  itemprop=\"thumbnailUrl\" srcset=\"https:\/\/radiorevelacionfm.cl\/wp-content\/uploads\/2022\/05\/DSC_5791-1-1.jpg 903w, https:\/\/radiorevelacionfm.cl\/wp-content\/uploads\/2022\/05\/DSC_5791-1-1-300x199.jpg 300w, https:\/\/radiorevelacionfm.cl\/wp-content\/uploads\/2022\/05\/DSC_5791-1-1-768x510.jpg 768w, https:\/\/radiorevelacionfm.cl\/wp-content\/uploads\/2022\/05\/DSC_5791-1-1-705x468.jpg 705w, https:\/\/radiorevelacionfm.cl\/wp-content\/uploads\/2022\/05\/DSC_5791-1-1-600x399.jpg 600w\" sizes=\"(max-width: 903px) 100vw, 903px\" \/><\/div><\/div><\/div><\/div><div class=\"flex_column av_one_full  flex_column_div av-zero-column-padding first  avia-builder-el-2  el_after_av_one_full  el_before_av_one_full  column-top-margin\" style='border-radius:0px; '><section class=\"av_textblock_section \"  itemscope=\"itemscope\" itemtype=\"https:\/\/schema.org\/BlogPosting\" itemprop=\"blogPost\" ><div class='avia_textblock  '   itemprop=\"text\" ><p style=\"text-align: center;\"><span style=\"font-size: 18pt;\"><strong>Con instrumentos de planificaci\u00f3n se modernizar\u00e1 la gesti\u00f3n de tr\u00e1nsito para Cochrane y Caleta Tortel<\/strong><\/span><\/p>\n<div id=\"gtx-trans\" style=\"position: absolute; left: -50px; top: 4.31534px;\">\n<div class=\"gtx-trans-icon\"><\/div>\n<\/div>\n<\/div><\/section><\/div><div class=\"flex_column av_one_full  flex_column_div av-zero-column-padding first  avia-builder-el-4  el_after_av_one_full  el_before_av_hr  column-top-margin\" style='border-radius:0px; '><section class=\"av_textblock_section \"  itemscope=\"itemscope\" itemtype=\"https:\/\/schema.org\/BlogPosting\" itemprop=\"blogPost\" ><div class='avia_textblock  '   itemprop=\"text\" ><p style=\"text-align: justify;\">Dadas las necesidades de resolver requerimientos de conectividad interna y generar iniciativas que ordenen, y hagan m\u00e1s segura y eficiente la circulaci\u00f3n de distintos modos de transporte en localidades de menor densidad poblacional en Ays\u00e9n, el Ministerio de Transportes y Telecomunicaciones (MTT), a trav\u00e9s de su organismo t\u00e9cnico SECTRA (Programa de Vialidad y Transporte Urbano) ha impulsado la aplicaci\u00f3n de estudios de planificaci\u00f3n del tr\u00e1nsito.<\/p>\n<p style=\"text-align: justify;\">En este sentido, en la regi\u00f3n ya est\u00e1n en desarrollo Planes de Gesti\u00f3n de Tr\u00e1nsito financiados por el MTT para Melinka, Puerto Cisnes, Chile Chico y Cochrane. A este trabajo, se suma el Plan de Movilidad de Caleta Tortel, que se encuentra en etapa de elaboraci\u00f3n de bases y que se concret\u00f3 gracias a una transferencia de recursos del ministerio al municipio local.<\/p>\n<p style=\"text-align: justify;\">Estos estudios tienen como objetivo diagnosticar la movilidad actual, proyectar la movilidad futura, construir una imagen objetivo de la movilidad con los vecinos y vecinas a trav\u00e9s de varias etapas de participaci\u00f3n ciudadana. Con todos estos elementos se plantear\u00e1n los proyectos que sean necesarios para dar respuesta a este diagn\u00f3stico y a esta imagen de movilidad. As\u00ed, se va a poner a disposici\u00f3n de la ciudadan\u00eda las herramientas t\u00e9cnicas para poder analizar esta cartera de proyectos, priorizar y hacer los dise\u00f1os correspondientes.<\/p>\n<p style=\"text-align: justify;\">La seremiTT Claudia Cantero relat\u00f3 que para dar cuenta de esta tarea se realizaron jornadas explicativas de estos instrumentos a los municipios de Cochrane y Caleta Tortel, a fin de definir las l\u00edneas de trabajo: \u201cEstuvimos presentando dos instrumentos de planificaci\u00f3n. En el caso de Cochrane se est\u00e1 presentando un Plan de Gesti\u00f3n de Tr\u00e1nsito y Movilidad. En el caso de Tortel con el Plan de Movilidad Integral, considerando tambi\u00e9n las caracter\u00edsticas particulares de estas localidades en crecimiento. Con estos planes buscamos formas de desplazamiento m\u00e1s directas y eficientes para sus habitantes. Esperamos mantener la coordinaci\u00f3n con ambos municipios para desarrollar esta cartera de proyectos en conjunto.\u201d<\/p>\n<p style=\"text-align: justify;\">En Cochrane, el alcalde de dicha comuna Jorge Calder\u00f3n indic\u00f3 que se espera que a trav\u00e9s del Plan de Gesti\u00f3n de Tr\u00e1nsito se puedan generar dise\u00f1os de infraestructura vial que considere no s\u00f3lo la circulaci\u00f3n vehicular, sino tambi\u00e9n la de ciclos y peatones. \u201cLa verdad es que estamos muy contentos como municipio y como parte del Consejo Municipal de tener esta presentaci\u00f3n que nos permite en definitiva conocer en detalle lo que va ser el Plan de Gesti\u00f3n de Tr\u00e1nsito para el pr\u00f3ximo a\u00f1o; era una presentaci\u00f3n muy esperada por parte de este Consejo y esperamos por supuesto ponernos a disposici\u00f3n junto con la comunidad para abordar estos temas\u201d, dijo.<\/p>\n<p style=\"text-align: justify;\">En cuanto al estudio que se llevar\u00e1 a cabo en Caleta Tortel, los desaf\u00edos a abordar son muy espec\u00edficos de la realidad local, en donde predomina la circulaci\u00f3n peatonal a trav\u00e9s de un sistema de pasarelas de 7 km de longitud total. Tambi\u00e9n un aspecto que se considerar\u00e1 es el transporte de carga desde el sector alto al bajo, y tambi\u00e9n la poblaci\u00f3n de personas mayores o con movilidad reducida, ni\u00f1os, o mujeres embarazadas que se desplazan para hacer las compras, ir a m\u00e9dico, a la escuela u otros.<\/p>\n<p style=\"text-align: justify;\">Como lo explic\u00f3 el edil de Tortel, Abel Becerra \u201ceste estudio va a arrojar tres \u00e1reas fundamentales, la movilidad peatonal, la entrada vehicular y el movimiento importante ya que tenemos conexi\u00f3n dentro de nuestro radio urbano, v\u00eda botes. Esta es una hoja de ruta, no para mi administraci\u00f3n, sino que probablemente de aqu\u00ed a 10 a\u00f1os m\u00e1s. Con este Plan de Movilidad actualizaremos el Plan de Desarrollo Comunal, donde en todos los conversatorios sali\u00f3 el tema de la movilidad interna\u201d.<\/p>\n<p style=\"text-align: justify;\">Este tipo de estudios, es un gran impulso para proyectar el desarrollo de las comunas m\u00e1s peque\u00f1as del pa\u00eds. El Coordinador de SECTRA Austral, \u00cdtalo San Nicol\u00f3 plante\u00f3 que \u201cel \u00e9nfasis es llevar la planificaci\u00f3n de transporte a todas las comunas de la regi\u00f3n, porque hasta ahora los grandes proyectos e inversiones se han concentrado en Coyhaique y Puerto Ays\u00e9n. Entregaremos a las autoridades una cartera de proyectos ya dise\u00f1ada para planificar las inversiones de los pr\u00f3ximos 5 a\u00f1os. Van a haber tambi\u00e9n proyectos de una magnitud significativa que no se podr\u00e1n dise\u00f1ar pero s\u00ed se podr\u00e1n justificar t\u00e9cnicamente y que pueden servir de insumo para el MOP o MINVU\u201d, concluy\u00f3.<\/p>\n<\/div><\/section><\/div><div  style='height:50px' class='hr hr-invisible   avia-builder-el-6  el_after_av_one_full  el_before_av_social_share '><span class='hr-inner ' ><span class='hr-inner-style'><\/span><\/span><\/div><\/p>\n<div  class='av-social-sharing-box  avia-builder-el-7  el_after_av_hr  el_before_av_hr  '><div class='av-share-box'><h5 class='av-share-link-description av-no-toc '>Compartir esta noticia<\/h5><ul class='av-share-box-list noLightbox'><li class='av-share-link av-social-link-facebook' ><a target=\"_blank\" aria-label=\"Compartir en Facebook\" href='https:\/\/www.facebook.com\/sharer.php?u=https:\/\/radiorevelacionfm.cl\/?p=16631&#038;t=Con%20instrumentos%20de%20planificaci%C3%B3n%20se%20modernizar%C3%A1%20la%20gesti%C3%B3n%20de%20tr%C3%A1nsito%20para%20Cochrane%20y%20Caleta%20Tortel' aria-hidden='false' data-av_icon='\ue8f3' data-av_iconfont='entypo-fontello' title='' data-avia-related-tooltip='Compartir en Facebook' rel=\"noopener\"><span class='avia_hidden_link_text'>Compartir en Facebook<\/span><\/a><\/li><li class='av-share-link av-social-link-twitter' ><a target=\"_blank\" aria-label=\"Compartir en Twitter\" href='https:\/\/twitter.com\/share?text=Con%20instrumentos%20de%20planificaci%C3%B3n%20se%20modernizar%C3%A1%20la%20gesti%C3%B3n%20de%20tr%C3%A1nsito%20para%20Cochrane%20y%20Caleta%20Tortel&#038;url=https:\/\/radiorevelacionfm.cl\/?p=16631' aria-hidden='false' data-av_icon='\ue8f1' data-av_iconfont='entypo-fontello' title='' data-avia-related-tooltip='Compartir en Twitter' rel=\"noopener\"><span class='avia_hidden_link_text'>Compartir en Twitter<\/span><\/a><\/li><li class='av-share-link av-social-link-whatsapp' ><a target=\"_blank\" aria-label=\"Compartir en Whatsapp\" href='https:\/\/api.whatsapp.com\/send?text=https:\/\/radiorevelacionfm.cl\/?p=16631' aria-hidden='false' data-av_icon='\uf232' data-av_iconfont='entypo-fontello' title='' data-avia-related-tooltip='Compartir en Whatsapp' rel=\"noopener\"><span class='avia_hidden_link_text'>Compartir en Whatsapp<\/span><\/a><\/li><li class='av-share-link av-social-link-linkedin' ><a target=\"_blank\" aria-label=\"Compartir en LinkedIn\" href='https:\/\/linkedin.com\/shareArticle?mini=true&#038;title=Con%20instrumentos%20de%20planificaci%C3%B3n%20se%20modernizar%C3%A1%20la%20gesti%C3%B3n%20de%20tr%C3%A1nsito%20para%20Cochrane%20y%20Caleta%20Tortel&#038;url=https:\/\/radiorevelacionfm.cl\/?p=16631' aria-hidden='false' data-av_icon='\ue8fc' data-av_iconfont='entypo-fontello' title='' data-avia-related-tooltip='Compartir en LinkedIn' rel=\"noopener\"><span class='avia_hidden_link_text'>Compartir en LinkedIn<\/span><\/a><\/li><li class='av-share-link av-social-link-mail' ><a  aria-label=\"Compartir por correo\" href='mailto:?subject=Con%20instrumentos%20de%20planificaci%C3%B3n%20se%20modernizar%C3%A1%20la%20gesti%C3%B3n%20de%20tr%C3%A1nsito%20para%20Cochrane%20y%20Caleta%20Tortel&#038;body=https:\/\/radiorevelacionfm.cl\/?p=16631' aria-hidden='false' data-av_icon='\ue805' data-av_iconfont='entypo-fontello' title='' data-avia-related-tooltip='Compartir por correo'><span class='avia_hidden_link_text'>Compartir por correo<\/span><\/a><\/li><\/ul><\/div><\/div>\n<div  style='height:50px' class='hr hr-invisible   avia-builder-el-8  el_after_av_social_share  el_before_av_comments_list '><span class='hr-inner ' ><span class='hr-inner-style'><\/span><\/span><\/div>\n<div  class='av-buildercomment  av-blog-meta-html-info-disabled av-blog-meta-tag-disabled  '><\/div>\n","protected":false},"excerpt":{"rendered":"","protected":false},"author":1,"featured_media":16632,"comment_status":"open","ping_status":"open","sticky":false,"template":"","format":"standard","meta":{"footnotes":""},"categories":[38],"tags":[],"class_list":["post-16631","post","type-post","status-publish","format-standard","has-post-thumbnail","hentry","category-regional"],"jetpack_featured_media_url":"https:\/\/radiorevelacionfm.cl\/wp-content\/uploads\/2022\/05\/DSC_5791-1-1.jpg","_links":{"self":[{"href":"https:\/\/radiorevelacionfm.cl\/index.php?rest_route=\/wp\/v2\/posts\/16631","targetHints":{"allow":["GET"]}}],"collection":[{"href":"https:\/\/radiorevelacionfm.cl\/index.php?rest_route=\/wp\/v2\/posts"}],"about":[{"href":"https:\/\/radiorevelacionfm.cl\/index.php?rest_route=\/wp\/v2\/types\/post"}],"author":[{"embeddable":true,"href":"https:\/\/radiorevelacionfm.cl\/index.php?rest_route=\/wp\/v2\/users\/1"}],"replies":[{"embeddable":true,"href":"https:\/\/radiorevelacionfm.cl\/index.php?rest_route=%2Fwp%2Fv2%2Fcomments&post=16631"}],"version-history":[{"count":2,"href":"https:\/\/radiorevelacionfm.cl\/index.php?rest_route=\/wp\/v2\/posts\/16631\/revisions"}],"predecessor-version":[{"id":16653,"href":"https:\/\/radiorevelacionfm.cl\/index.php?rest_route=\/wp\/v2\/posts\/16631\/revisions\/16653"}],"wp:featuredmedia":[{"embeddable":true,"href":"https:\/\/radiorevelacionfm.cl\/index.php?rest_route=\/wp\/v2\/media\/16632"}],"wp:attachment":[{"href":"https:\/\/radiorevelacionfm.cl\/index.php?rest_route=%2Fwp%2Fv2%2Fmedia&parent=16631"}],"wp:term":[{"taxonomy":"category","embeddable":true,"href":"https:\/\/radiorevelacionfm.cl\/index.php?rest_route=%2Fwp%2Fv2%2Fcategories&post=16631"},{"taxonomy":"post_tag","embeddable":true,"href":"https:\/\/radiorevelacionfm.cl\/index.php?rest_route=%2Fwp%2Fv2%2Ftags&post=16631"}],"curies":[{"name":"wp","href":"https:\/\/api.w.org\/{rel}","templated":true}]}}