{"id":16627,"date":"2022-05-09T13:57:06","date_gmt":"2022-05-09T16:57:06","guid":{"rendered":"https:\/\/radiorevelacionfm.cl\/?p=16627"},"modified":"2022-05-09T13:57:06","modified_gmt":"2022-05-09T16:57:06","slug":"conforman-la-primera-mesa-de-trabajo-entre-autoridades-y-comunidad-de-manihuales-para-mejorar-salud-en-el-sector","status":"publish","type":"post","link":"https:\/\/radiorevelacionfm.cl\/?p=16627","title":{"rendered":"Conforman la primera mesa de trabajo entre autoridades y comunidad de Ma\u00f1ihuales para mejorar salud en el sector"},"content":{"rendered":"<div class=\"flex_column av_one_full  flex_column_div av-zero-column-padding first  avia-builder-el-0  el_before_av_one_full  avia-builder-el-first  \" style='border-radius:0px; '><div  class='avia-image-container  av-styling-    avia-builder-el-1  avia-builder-el-no-sibling  avia-align-center '  itemprop=\"image\" itemscope=\"itemscope\" itemtype=\"https:\/\/schema.org\/ImageObject\"  ><div class='avia-image-container-inner'><div class='avia-image-overlay-wrap'><img decoding=\"async\" class='wp-image-16628 avia-img-lazy-loading-not-16628 avia_image' src=\"https:\/\/radiorevelacionfm.cl\/wp-content\/uploads\/2022\/05\/MESA-SALUD-MANIHUALES-6-1-1.jpeg\" alt='' title='MESA SALUD MA\u00d1IHUALES (6) (1) (1)' height=\"600\" width=\"800\"  itemprop=\"thumbnailUrl\" srcset=\"https:\/\/radiorevelacionfm.cl\/wp-content\/uploads\/2022\/05\/MESA-SALUD-MANIHUALES-6-1-1.jpeg 800w, https:\/\/radiorevelacionfm.cl\/wp-content\/uploads\/2022\/05\/MESA-SALUD-MANIHUALES-6-1-1-300x225.jpeg 300w, https:\/\/radiorevelacionfm.cl\/wp-content\/uploads\/2022\/05\/MESA-SALUD-MANIHUALES-6-1-1-768x576.jpeg 768w, https:\/\/radiorevelacionfm.cl\/wp-content\/uploads\/2022\/05\/MESA-SALUD-MANIHUALES-6-1-1-705x529.jpeg 705w, https:\/\/radiorevelacionfm.cl\/wp-content\/uploads\/2022\/05\/MESA-SALUD-MANIHUALES-6-1-1-600x450.jpeg 600w\" sizes=\"(max-width: 800px) 100vw, 800px\" \/><\/div><\/div><\/div><\/div><div class=\"flex_column av_one_full  flex_column_div av-zero-column-padding first  avia-builder-el-2  el_after_av_one_full  el_before_av_one_full  column-top-margin\" style='border-radius:0px; '><section class=\"av_textblock_section \"  itemscope=\"itemscope\" itemtype=\"https:\/\/schema.org\/BlogPosting\" itemprop=\"blogPost\" ><div class='avia_textblock  '   itemprop=\"text\" ><p style=\"text-align: center;\"><span style=\"font-size: 18pt;\"><b><span lang=\"ES\">Conforman la primera mesa de trabajo entre autoridades y comunidad de Ma\u00f1ihuales para mejorar salud en el sector<\/span><\/b><\/span><\/p>\n<div id=\"gtx-trans\" style=\"position: absolute; left: -50px; top: 4.31534px;\">\n<div class=\"gtx-trans-icon\"><\/div>\n<\/div>\n<\/div><\/section><\/div><div class=\"flex_column av_one_full  flex_column_div av-zero-column-padding first  avia-builder-el-4  el_after_av_one_full  el_before_av_hr  column-top-margin\" style='border-radius:0px; '><section class=\"av_textblock_section \"  itemscope=\"itemscope\" itemtype=\"https:\/\/schema.org\/BlogPosting\" itemprop=\"blogPost\" ><div class='avia_textblock  '   itemprop=\"text\" ><p class=\"v1MsoNormal\" style=\"text-align: justify;\"><span lang=\"ES\">Desde la firma del acta de acuerdo para deponer la movilizaci\u00f3n el pasado 21 de abril, tanto autoridades, como la comunidad de Villa Ma\u00f1ihuales han mantenido un estrecho contacto y peri\u00f3dicas visitas de profesionales y equipo del Servicio de Salud Ays\u00e9n (SSA) a la localidad, distante a unos 80 kil\u00f3metros de Coyhaique.<\/span><\/p>\n<p class=\"v1MsoNormal\" style=\"text-align: justify;\"><span lang=\"ES\">Este viernes, desde muy temprano se instal\u00f3 la primera mesa de trabajo, que tiene como objetivo avanzar en los compromisos y darles seguimientos a los acuerdos comprometidos por la autoridad. \u00abLa presencia de las autoridades ac\u00e1 nos da una base de confianza y respaldo para seguir con este trabajo, que viene hace a\u00f1os con los dirigentes tratando de avanzar sin resultados y estamos esperanzados que este trabajo va a comenzar a dar frutos a corto plazo y que a largo plazo se vayan cumpliendo los requerimientos que necesitamos\u00bb, dijo Gabriela Barrientos, vocera de la comunidad y presidenta del Consejo de Desarrollo Vecinal de Ma\u00f1ihuales.<\/span><\/p>\n<p class=\"v1MsoNormal\" style=\"text-align: justify;\"><span lang=\"ES\">La reuni\u00f3n se llev\u00f3 a cabo en la biblioteca de la localidad y cont\u00f3 con la participaci\u00f3n de una veintena de vecinos y vecinas, representantes de distintas organizaciones vivas de la comunidad. \u00abRevisamos en conjunto los puntos del petitorio que nos hab\u00edan entregado, donde el director del servicio de salud dio cuenta de cada uno de ellos, los que se han gestionado, los que est\u00e1n pendientes y las razones por las cuales no se han podido responder de inmediato y se establecieron medidas de corto plazo, hay una persona encargada viviendo en Ma\u00f1ihuales, de la unidad de salud, lo cual destaco y tambi\u00e9n trabajar para que este centro de salud dependa del centro de salud familiar de Puerto Ays\u00e9n y que ser\u00eda una buena coordinaci\u00f3n con la atenci\u00f3n primaria.<\/span><span lang=\"ES\">\u00a0<\/span><span lang=\"ES\">Desde el punto de vista de nuestro Gobierno es muy importante la participaci\u00f3n de las comunidades, junto con los servicios p\u00fablicos \u00ab, explic\u00f3 el delegado presidencial regional, Rodrigo Araya.<\/span><\/p>\n<p class=\"v1MsoNormal\" style=\"text-align: justify;\"><span lang=\"ES\">Para el pr\u00f3ximo 10 de junio se contempla la segunda reuni\u00f3n de la mesa, con el fin de ir monitoreando el cumplimiento de cada una de las medidas comprometidas. Por lo pronto, el Servicio de Salud Ays\u00e9n, nombr\u00f3 a un encargado del sector, con amplia experiencia en el \u00e1rea salud, quien ser\u00e1 el nexo entre la direcci\u00f3n y la comunidad, adem\u00e1s de adoptar medidas tendientes a mejorar la atenci\u00f3n, tanto del Centro Comunitario de Salud Familiar (CECOSF) y el Servicio de Urgencia Rural (SUR). \u00abRevisamos el acta, vimos los acuerdos, junto al delegado presidencial regional, provincial y la comunidad para supervisar los avances, dentro de ellos la llegada del encargado del sector que comenz\u00f3 el 2 de mayo y \u00e9l nos va a levantar la informaci\u00f3n, acercarse con la comunidad y tambi\u00e9n identificar distintas labores a los m\u00e9dicos\u00bb, precis\u00f3 Gabriel Burgos, director del SSA.<\/span><\/p>\n<p class=\"v1MsoNormal\" style=\"text-align: justify;\"><span lang=\"ES\">El compromiso es mantener tres m\u00e9dicos, ocho TENS de manera progresiva. Todo esto, a pesar de la escasa disponibilidad de estos profesionales en la red de salud, matiz\u00f3 Burgos Salas.<\/span><\/p>\n<\/div><\/section><\/div><div  style='height:50px' class='hr hr-invisible   avia-builder-el-6  el_after_av_one_full  el_before_av_social_share '><span class='hr-inner ' ><span class='hr-inner-style'><\/span><\/span><\/div><\/p>\n<div  class='av-social-sharing-box  avia-builder-el-7  el_after_av_hr  el_before_av_hr  '><div class='av-share-box'><h5 class='av-share-link-description av-no-toc '>Compartir esta noticia<\/h5><ul class='av-share-box-list noLightbox'><li class='av-share-link av-social-link-facebook' ><a target=\"_blank\" aria-label=\"Compartir en Facebook\" href='https:\/\/www.facebook.com\/sharer.php?u=https:\/\/radiorevelacionfm.cl\/?p=16627&#038;t=Conforman%20la%20primera%20mesa%20de%20trabajo%20entre%20autoridades%20y%20comunidad%20de%20Ma%C3%B1ihuales%20para%20mejorar%20salud%20en%20el%20sector' aria-hidden='false' data-av_icon='\ue8f3' data-av_iconfont='entypo-fontello' title='' data-avia-related-tooltip='Compartir en Facebook' rel=\"noopener\"><span class='avia_hidden_link_text'>Compartir en Facebook<\/span><\/a><\/li><li class='av-share-link av-social-link-twitter' ><a target=\"_blank\" aria-label=\"Compartir en Twitter\" href='https:\/\/twitter.com\/share?text=Conforman%20la%20primera%20mesa%20de%20trabajo%20entre%20autoridades%20y%20comunidad%20de%20Ma%C3%B1ihuales%20para%20mejorar%20salud%20en%20el%20sector&#038;url=https:\/\/radiorevelacionfm.cl\/?p=16627' aria-hidden='false' data-av_icon='\ue8f1' data-av_iconfont='entypo-fontello' title='' data-avia-related-tooltip='Compartir en Twitter' rel=\"noopener\"><span class='avia_hidden_link_text'>Compartir en Twitter<\/span><\/a><\/li><li class='av-share-link av-social-link-whatsapp' ><a target=\"_blank\" aria-label=\"Compartir en Whatsapp\" href='https:\/\/api.whatsapp.com\/send?text=https:\/\/radiorevelacionfm.cl\/?p=16627' aria-hidden='false' data-av_icon='\uf232' data-av_iconfont='entypo-fontello' title='' data-avia-related-tooltip='Compartir en Whatsapp' rel=\"noopener\"><span class='avia_hidden_link_text'>Compartir en Whatsapp<\/span><\/a><\/li><li class='av-share-link av-social-link-linkedin' ><a target=\"_blank\" aria-label=\"Compartir en LinkedIn\" href='https:\/\/linkedin.com\/shareArticle?mini=true&#038;title=Conforman%20la%20primera%20mesa%20de%20trabajo%20entre%20autoridades%20y%20comunidad%20de%20Ma%C3%B1ihuales%20para%20mejorar%20salud%20en%20el%20sector&#038;url=https:\/\/radiorevelacionfm.cl\/?p=16627' aria-hidden='false' data-av_icon='\ue8fc' data-av_iconfont='entypo-fontello' title='' data-avia-related-tooltip='Compartir en LinkedIn' rel=\"noopener\"><span class='avia_hidden_link_text'>Compartir en LinkedIn<\/span><\/a><\/li><li class='av-share-link av-social-link-mail' ><a  aria-label=\"Compartir por correo\" href='mailto:?subject=Conforman%20la%20primera%20mesa%20de%20trabajo%20entre%20autoridades%20y%20comunidad%20de%20Ma%C3%B1ihuales%20para%20mejorar%20salud%20en%20el%20sector&#038;body=https:\/\/radiorevelacionfm.cl\/?p=16627' aria-hidden='false' data-av_icon='\ue805' data-av_iconfont='entypo-fontello' title='' data-avia-related-tooltip='Compartir por correo'><span class='avia_hidden_link_text'>Compartir por correo<\/span><\/a><\/li><\/ul><\/div><\/div>\n<div  style='height:50px' class='hr hr-invisible   avia-builder-el-8  el_after_av_social_share  el_before_av_comments_list '><span class='hr-inner ' ><span class='hr-inner-style'><\/span><\/span><\/div>\n<div  class='av-buildercomment  av-blog-meta-html-info-disabled av-blog-meta-tag-disabled  '><\/div>\n","protected":false},"excerpt":{"rendered":"","protected":false},"author":1,"featured_media":16628,"comment_status":"open","ping_status":"open","sticky":false,"template":"","format":"standard","meta":{"footnotes":""},"categories":[46],"tags":[],"class_list":["post-16627","post","type-post","status-publish","format-standard","has-post-thumbnail","hentry","category-salud"],"jetpack_featured_media_url":"https:\/\/radiorevelacionfm.cl\/wp-content\/uploads\/2022\/05\/MESA-SALUD-MANIHUALES-6-1-1.jpeg","_links":{"self":[{"href":"https:\/\/radiorevelacionfm.cl\/index.php?rest_route=\/wp\/v2\/posts\/16627","targetHints":{"allow":["GET"]}}],"collection":[{"href":"https:\/\/radiorevelacionfm.cl\/index.php?rest_route=\/wp\/v2\/posts"}],"about":[{"href":"https:\/\/radiorevelacionfm.cl\/index.php?rest_route=\/wp\/v2\/types\/post"}],"author":[{"embeddable":true,"href":"https:\/\/radiorevelacionfm.cl\/index.php?rest_route=\/wp\/v2\/users\/1"}],"replies":[{"embeddable":true,"href":"https:\/\/radiorevelacionfm.cl\/index.php?rest_route=%2Fwp%2Fv2%2Fcomments&post=16627"}],"version-history":[{"count":2,"href":"https:\/\/radiorevelacionfm.cl\/index.php?rest_route=\/wp\/v2\/posts\/16627\/revisions"}],"predecessor-version":[{"id":16642,"href":"https:\/\/radiorevelacionfm.cl\/index.php?rest_route=\/wp\/v2\/posts\/16627\/revisions\/16642"}],"wp:featuredmedia":[{"embeddable":true,"href":"https:\/\/radiorevelacionfm.cl\/index.php?rest_route=\/wp\/v2\/media\/16628"}],"wp:attachment":[{"href":"https:\/\/radiorevelacionfm.cl\/index.php?rest_route=%2Fwp%2Fv2%2Fmedia&parent=16627"}],"wp:term":[{"taxonomy":"category","embeddable":true,"href":"https:\/\/radiorevelacionfm.cl\/index.php?rest_route=%2Fwp%2Fv2%2Fcategories&post=16627"},{"taxonomy":"post_tag","embeddable":true,"href":"https:\/\/radiorevelacionfm.cl\/index.php?rest_route=%2Fwp%2Fv2%2Ftags&post=16627"}],"curies":[{"name":"wp","href":"https:\/\/api.w.org\/{rel}","templated":true}]}}