{"id":16621,"date":"2022-05-09T13:14:23","date_gmt":"2022-05-09T16:14:23","guid":{"rendered":"https:\/\/radiorevelacionfm.cl\/?p=16621"},"modified":"2022-05-09T13:14:23","modified_gmt":"2022-05-09T16:14:23","slug":"ministerios-de-salud-y-educacion-llamaron-a-las-familias-a-vacunarse-contra-la-influenza-y-el-covd-19","status":"publish","type":"post","link":"https:\/\/radiorevelacionfm.cl\/?p=16621","title":{"rendered":"Ministerios de Salud y Educaci\u00f3n llamaron a las familias a vacunarse contra la Influenza y el COVD 19"},"content":{"rendered":"<div class=\"flex_column av_one_full  flex_column_div av-zero-column-padding first  avia-builder-el-0  el_before_av_one_full  avia-builder-el-first  \" style='border-radius:0px; '><div  class='avia-image-container  av-styling-    avia-builder-el-1  avia-builder-el-no-sibling  avia-align-center '  itemprop=\"image\" itemscope=\"itemscope\" itemtype=\"https:\/\/schema.org\/ImageObject\"  ><div class='avia-image-container-inner'><div class='avia-image-overlay-wrap'><img decoding=\"async\" class='wp-image-16622 avia-img-lazy-loading-not-16622 avia_image' src=\"https:\/\/radiorevelacionfm.cl\/wp-content\/uploads\/2022\/05\/equipo-vacunacion-2-1-1.jpg\" alt='' title='equipo vacunaci\u00f3n 2 (1) (1)' height=\"600\" width=\"882\"  itemprop=\"thumbnailUrl\" srcset=\"https:\/\/radiorevelacionfm.cl\/wp-content\/uploads\/2022\/05\/equipo-vacunacion-2-1-1.jpg 882w, https:\/\/radiorevelacionfm.cl\/wp-content\/uploads\/2022\/05\/equipo-vacunacion-2-1-1-300x204.jpg 300w, https:\/\/radiorevelacionfm.cl\/wp-content\/uploads\/2022\/05\/equipo-vacunacion-2-1-1-768x522.jpg 768w, https:\/\/radiorevelacionfm.cl\/wp-content\/uploads\/2022\/05\/equipo-vacunacion-2-1-1-705x480.jpg 705w, https:\/\/radiorevelacionfm.cl\/wp-content\/uploads\/2022\/05\/equipo-vacunacion-2-1-1-600x408.jpg 600w\" sizes=\"(max-width: 882px) 100vw, 882px\" \/><\/div><\/div><\/div><\/div><div class=\"flex_column av_one_full  flex_column_div av-zero-column-padding first  avia-builder-el-2  el_after_av_one_full  el_before_av_one_full  column-top-margin\" style='border-radius:0px; '><section class=\"av_textblock_section \"  itemscope=\"itemscope\" itemtype=\"https:\/\/schema.org\/BlogPosting\" itemprop=\"blogPost\" ><div class='avia_textblock  '   itemprop=\"text\" ><p style=\"text-align: center;\"><span style=\"font-size: 18pt;\"><b>Ministerios de Salud y Educaci\u00f3n llamaron a las familias a vacunarse contra la Influenza y el COVD 19<\/b><\/span><\/p>\n<div id=\"gtx-trans\" style=\"position: absolute; left: -50px; top: 4.31534px;\">\n<div class=\"gtx-trans-icon\"><\/div>\n<\/div>\n<\/div><\/section><\/div><div class=\"flex_column av_one_full  flex_column_div av-zero-column-padding first  avia-builder-el-4  el_after_av_one_full  el_before_av_hr  column-top-margin\" style='border-radius:0px; '><section class=\"av_textblock_section \"  itemscope=\"itemscope\" itemtype=\"https:\/\/schema.org\/BlogPosting\" itemprop=\"blogPost\" ><div class='avia_textblock  '   itemprop=\"text\" ><p class=\"v1MsoNormal\" style=\"text-align: justify;\">Durante la ma\u00f1ana del s\u00e1bado 07 equipos de salud a cargo del proceso de vacunaci\u00f3n por COVID-19 e Influenza atendieron a la comunidad en el sector de Feria Las Quintas, espec\u00edficamente en las dependencias de la Cruz Roja de la capital regional.<\/p>\n<p class=\"v1MsoNormal\" style=\"text-align: justify;\">La actividad, organizada por las secretar\u00edas ministeriales de Salud y de Educaci\u00f3n, busca potenciar la vacunaci\u00f3n extramuro tuvo como p\u00fablico objetivo a los adultos mayores, embarazadas y los escolares; segmentos en los cuales se registra una mayor urgencia en lograr las coberturas necesarias que resguarden la salud de la poblaci\u00f3n ante la mayor circulaci\u00f3n de virus asociados a las bajas temperaturas.<\/p>\n<p class=\"v1MsoNormal\" style=\"text-align: justify;\">La jornada cont\u00f3 con una amplia participaci\u00f3n de familias; adultos mayores y ni\u00f1os. de Coyhaique y tambi\u00e9n asistieron autoridades regionales: el Delegado Presidencial Regional Dr. Rodrigo Araya, la Seremi de Salud Carmen Gloria Monsalve, el Director del Servicio de Salud Ays\u00e9n Gabriel Burgos, la Seremi de Educaci\u00f3n Isabel Garrido. Adem\u00e1s concurrieron dirigentes de ferias libres y vecinales.<\/p>\n<p class=\"v1MsoNormal\" style=\"text-align: justify;\">Rodrigo Araya hizo un llamado a las familias de Ays\u00e9n a vacunarse: \u00abEstamos invitando a\u00a0 toda la comunidad a participar en esta jornada donde estamos reforzando la importancia de la vacunaci\u00f3n contra el COVID y tambi\u00e9n contra la Influenza. Sigue siendo un tema prevalente y tenemos que continuar con la vacunaci\u00f3n de los distintos grupos etarios para alcanzar una protecci\u00f3n comunitaria que nos permita continuar disminuyendo los casos y las situaciones de enfermedades graves y casos fatales. Tambi\u00e9n estamos haciendo el testeo y agradecemos a la Cruz Roja por facilitar el espacio y a las agrupaciones de ferias libres de Coyhaique por permitirnos estar ac\u00e1\u00bb.<\/p>\n<p class=\"v1MsoNormal\" style=\"text-align: justify;\">Por su parte, la Seremi de Salud Carmen Gloria Monsalve se\u00f1al\u00f3 que \u00abEsta es una actividad de salud preventiva muy relevante que es el proceso de vacunaci\u00f3n y por eso invitamos a todos los vecinos ; a los ni\u00f1os, mujeres embarazadas , enfermos cr\u00f3nicos y adultos mayores que no tengan sus vacunas al d\u00eda que vengan y se pongan al d\u00eda con ellas y protejan su salud. Tenemos ya presencia del virus de Influenza circulando en nuestra regi\u00f3n. Por ello, hoy hemos preparado este espacio familiar para que todos se vacunen, ese es el llamado, a prevenir\u00bb.<\/p>\n<p class=\"v1MsoNormal\" style=\"text-align: justify;\">El Director del Servicio de Salud Ays\u00e9n Gabriel Burgos\u00a0 dijo que \u00abComo red asistencial tenemos todo un dispositivo desplegado en la regi\u00f3n para que las personas se acerquen a vacunarse contra el COVID y contra la Influenza. Somos una de las cuatro regiones que tiene menos avance en la vacunaci\u00f3n contra la Influenza. Por ello llamamos especialmente a los grupos objetivos; ni\u00f1os hasta 5\u00b0 B\u00e1sico y personas mayores de 65 a\u00f1os. Necesitamos el apoyo de todos para avanzar en esta campa\u00f1a de vacunaci\u00f3n\u00bb.<\/p>\n<p class=\"v1MsoNormal\" style=\"text-align: justify;\">La Seremi de Educaci\u00f3n Isabel Garrido llam\u00f3 a los padres a vacunar con confianza a sus hijos en edad parvularia y escolar. \u00abDesde el sector educaci\u00f3n hacemos un llamado a las familias a que vacunen a sus ni\u00f1os y ni\u00f1as para que se vacunen en superh\u00e9roes y superhero\u00ednas de la prevenci\u00f3n de enfermedades. Si alcanzamos un 80% de vacunaci\u00f3n por curso en la educaci\u00f3n escolar, que va desde 1\u00b0 b\u00e1sico a 4\u00b0 medio podremos volver a un reencuentro educativo normal sin restricciones de aforo.. Para avanzar juntos en esta tarea, el Ministerio de Educaci\u00f3n dispone el sitio\u00a0<a href=\"http:\/\/vacunacionescolar.mineduc.cl\/\" target=\"_blank\" rel=\"noopener noreferrer\">vacunacionescolar.mineduc.cl<\/a>, donde los equipos directivos y docentes pueden ver el avance de vacunaci\u00f3n. Queremos que nuestros ni\u00f1os, ni\u00f1as y j\u00f3venes se puedan vacunar para que puedan retornar a las escuelas y hacer la vida m\u00e1s normal\u00bb.<\/p>\n<p class=\"v1MsoNormal\" style=\"text-align: justify;\">Al llamado de las autoridades se sum\u00f3 el de dos dirigentes sociales. Marta Soto dirigente de la Agrupaci\u00f3n de Ferias Libres expres\u00f3.<\/p>\n<p class=\"v1MsoNormal\" style=\"text-align: justify;\">\u00abQue se hagan participe de pasar a ponerse la vacuna, que estamos muy bajo. Estamos haciendo una campa\u00f1a muy grande para que tengamos todos nuestras vacunas al d\u00eda. Adem\u00e1s, est\u00e1 haciendo el test de ant\u00edgeno, as\u00ed que no tengamos miedo y hag\u00e1moslo y as\u00ed podamos trabajar tranquilos\u00bb,\u00a0 resalt\u00f3.<\/p>\n<p class=\"v1MsoNormal\" style=\"text-align: justify;\">En la misma l\u00ednea, Margarita Arizmendi, presidenta del Consejo del Hospital Regional Coyhaique dijo:<\/p>\n<p class=\"v1MsoNormal\" style=\"text-align: justify;\">\u00abYo los invito a que se vengan a vacunar. No le tengamos miedo al mal tiempo. Debemos que tenerle miedo al Covid. La vacuna no nos provoca nada. Yo tengo mi padre de 92 a\u00f1os, se vacun\u00f3. Tiene sus cuatro vacuna est\u00e1 maravillosamente bien. As\u00ed que as\u00ed como \u00e9l, todos deber\u00edamos estar bien y vacunarnos\u00bb.<\/p>\n<p class=\"v1MsoNormal\" style=\"text-align: justify;\">A nivel regional, las coberturas m\u00e1s bajas respecto a la vacunaci\u00f3n por COVID-19 se concentran en los menores de 03 a 05 a\u00f1os, donde la poblaci\u00f3n objetivo de 4.340 menores, solo se alcanza un 46,89% en la inmunizaci\u00f3n con segunda dosis.<\/p>\n<\/div><\/section><\/div><div  style='height:50px' class='hr hr-invisible   avia-builder-el-6  el_after_av_one_full  el_before_av_social_share '><span class='hr-inner ' ><span class='hr-inner-style'><\/span><\/span><\/div><\/p>\n<div  class='av-social-sharing-box  avia-builder-el-7  el_after_av_hr  el_before_av_hr  '><div class='av-share-box'><h5 class='av-share-link-description av-no-toc '>Compartir esta noticia<\/h5><ul class='av-share-box-list noLightbox'><li class='av-share-link av-social-link-facebook' ><a target=\"_blank\" aria-label=\"Compartir en Facebook\" href='https:\/\/www.facebook.com\/sharer.php?u=https:\/\/radiorevelacionfm.cl\/?p=16621&#038;t=Ministerios%20de%20Salud%20y%20Educaci%C3%B3n%20llamaron%20a%20las%20familias%20a%20vacunarse%20contra%20la%20Influenza%20y%20el%20COVD%2019' aria-hidden='false' data-av_icon='\ue8f3' data-av_iconfont='entypo-fontello' title='' data-avia-related-tooltip='Compartir en Facebook' rel=\"noopener\"><span class='avia_hidden_link_text'>Compartir en Facebook<\/span><\/a><\/li><li class='av-share-link av-social-link-twitter' ><a target=\"_blank\" aria-label=\"Compartir en Twitter\" href='https:\/\/twitter.com\/share?text=Ministerios%20de%20Salud%20y%20Educaci%C3%B3n%20llamaron%20a%20las%20familias%20a%20vacunarse%20contra%20la%20Influenza%20y%20el%20COVD%2019&#038;url=https:\/\/radiorevelacionfm.cl\/?p=16621' aria-hidden='false' data-av_icon='\ue8f1' data-av_iconfont='entypo-fontello' title='' data-avia-related-tooltip='Compartir en Twitter' rel=\"noopener\"><span class='avia_hidden_link_text'>Compartir en Twitter<\/span><\/a><\/li><li class='av-share-link av-social-link-whatsapp' ><a target=\"_blank\" aria-label=\"Compartir en Whatsapp\" href='https:\/\/api.whatsapp.com\/send?text=https:\/\/radiorevelacionfm.cl\/?p=16621' aria-hidden='false' data-av_icon='\uf232' data-av_iconfont='entypo-fontello' title='' data-avia-related-tooltip='Compartir en Whatsapp' rel=\"noopener\"><span class='avia_hidden_link_text'>Compartir en Whatsapp<\/span><\/a><\/li><li class='av-share-link av-social-link-linkedin' ><a target=\"_blank\" aria-label=\"Compartir en LinkedIn\" href='https:\/\/linkedin.com\/shareArticle?mini=true&#038;title=Ministerios%20de%20Salud%20y%20Educaci%C3%B3n%20llamaron%20a%20las%20familias%20a%20vacunarse%20contra%20la%20Influenza%20y%20el%20COVD%2019&#038;url=https:\/\/radiorevelacionfm.cl\/?p=16621' aria-hidden='false' data-av_icon='\ue8fc' data-av_iconfont='entypo-fontello' title='' data-avia-related-tooltip='Compartir en LinkedIn' rel=\"noopener\"><span class='avia_hidden_link_text'>Compartir en LinkedIn<\/span><\/a><\/li><li class='av-share-link av-social-link-mail' ><a  aria-label=\"Compartir por correo\" href='mailto:?subject=Ministerios%20de%20Salud%20y%20Educaci%C3%B3n%20llamaron%20a%20las%20familias%20a%20vacunarse%20contra%20la%20Influenza%20y%20el%20COVD%2019&#038;body=https:\/\/radiorevelacionfm.cl\/?p=16621' aria-hidden='false' data-av_icon='\ue805' data-av_iconfont='entypo-fontello' title='' data-avia-related-tooltip='Compartir por correo'><span class='avia_hidden_link_text'>Compartir por correo<\/span><\/a><\/li><\/ul><\/div><\/div>\n<div  style='height:50px' class='hr hr-invisible   avia-builder-el-8  el_after_av_social_share  el_before_av_comments_list '><span class='hr-inner ' ><span class='hr-inner-style'><\/span><\/span><\/div>\n<div  class='av-buildercomment  av-blog-meta-html-info-disabled av-blog-meta-tag-disabled  '><\/div>\n","protected":false},"excerpt":{"rendered":"","protected":false},"author":1,"featured_media":16622,"comment_status":"open","ping_status":"open","sticky":false,"template":"","format":"standard","meta":{"footnotes":""},"categories":[46],"tags":[],"class_list":["post-16621","post","type-post","status-publish","format-standard","has-post-thumbnail","hentry","category-salud"],"jetpack_featured_media_url":"https:\/\/radiorevelacionfm.cl\/wp-content\/uploads\/2022\/05\/equipo-vacunacion-2-1-1.jpg","_links":{"self":[{"href":"https:\/\/radiorevelacionfm.cl\/index.php?rest_route=\/wp\/v2\/posts\/16621","targetHints":{"allow":["GET"]}}],"collection":[{"href":"https:\/\/radiorevelacionfm.cl\/index.php?rest_route=\/wp\/v2\/posts"}],"about":[{"href":"https:\/\/radiorevelacionfm.cl\/index.php?rest_route=\/wp\/v2\/types\/post"}],"author":[{"embeddable":true,"href":"https:\/\/radiorevelacionfm.cl\/index.php?rest_route=\/wp\/v2\/users\/1"}],"replies":[{"embeddable":true,"href":"https:\/\/radiorevelacionfm.cl\/index.php?rest_route=%2Fwp%2Fv2%2Fcomments&post=16621"}],"version-history":[{"count":2,"href":"https:\/\/radiorevelacionfm.cl\/index.php?rest_route=\/wp\/v2\/posts\/16621\/revisions"}],"predecessor-version":[{"id":16630,"href":"https:\/\/radiorevelacionfm.cl\/index.php?rest_route=\/wp\/v2\/posts\/16621\/revisions\/16630"}],"wp:featuredmedia":[{"embeddable":true,"href":"https:\/\/radiorevelacionfm.cl\/index.php?rest_route=\/wp\/v2\/media\/16622"}],"wp:attachment":[{"href":"https:\/\/radiorevelacionfm.cl\/index.php?rest_route=%2Fwp%2Fv2%2Fmedia&parent=16621"}],"wp:term":[{"taxonomy":"category","embeddable":true,"href":"https:\/\/radiorevelacionfm.cl\/index.php?rest_route=%2Fwp%2Fv2%2Fcategories&post=16621"},{"taxonomy":"post_tag","embeddable":true,"href":"https:\/\/radiorevelacionfm.cl\/index.php?rest_route=%2Fwp%2Fv2%2Ftags&post=16621"}],"curies":[{"name":"wp","href":"https:\/\/api.w.org\/{rel}","templated":true}]}}