{"id":16617,"date":"2022-05-09T12:24:37","date_gmt":"2022-05-09T15:24:37","guid":{"rendered":"https:\/\/radiorevelacionfm.cl\/?p=16617"},"modified":"2022-05-09T12:24:37","modified_gmt":"2022-05-09T15:24:37","slug":"diputado-calisto-valora-avance-de-proyecto-de-equidad-digital-en-la-educacion-y-pide-al-gobierno-que-no-sea-letra-muerta-en-la-region-de-aysen","status":"publish","type":"post","link":"https:\/\/radiorevelacionfm.cl\/?p=16617","title":{"rendered":"Diputado Calisto valora avance de proyecto de equidad digital en la educaci\u00f3n y pide al Gobierno que no sea \u201cletra muerta\u201d en la regi\u00f3n de Ays\u00e9n"},"content":{"rendered":"<div class=\"flex_column av_one_full  flex_column_div av-zero-column-padding first  avia-builder-el-0  el_before_av_one_full  avia-builder-el-first  \" style='border-radius:0px; '><div  class='avia-image-container  av-styling-    avia-builder-el-1  avia-builder-el-no-sibling  avia-align-center '  itemprop=\"image\" itemscope=\"itemscope\" itemtype=\"https:\/\/schema.org\/ImageObject\"  ><div class='avia-image-container-inner'><div class='avia-image-overlay-wrap'><img decoding=\"async\" class='wp-image-16618 avia-img-lazy-loading-not-16618 avia_image' src=\"https:\/\/radiorevelacionfm.cl\/wp-content\/uploads\/2022\/05\/CALISTO-COMISION-3-1-1.jpg\" alt='' title='CALISTO COMISI\u00d3N (3) (1) (1)' height=\"600\" width=\"900\"  itemprop=\"thumbnailUrl\" srcset=\"https:\/\/radiorevelacionfm.cl\/wp-content\/uploads\/2022\/05\/CALISTO-COMISION-3-1-1.jpg 900w, https:\/\/radiorevelacionfm.cl\/wp-content\/uploads\/2022\/05\/CALISTO-COMISION-3-1-1-300x200.jpg 300w, https:\/\/radiorevelacionfm.cl\/wp-content\/uploads\/2022\/05\/CALISTO-COMISION-3-1-1-768x512.jpg 768w, https:\/\/radiorevelacionfm.cl\/wp-content\/uploads\/2022\/05\/CALISTO-COMISION-3-1-1-705x470.jpg 705w, https:\/\/radiorevelacionfm.cl\/wp-content\/uploads\/2022\/05\/CALISTO-COMISION-3-1-1-600x400.jpg 600w\" sizes=\"(max-width: 900px) 100vw, 900px\" \/><\/div><\/div><\/div><\/div><div class=\"flex_column av_one_full  flex_column_div av-zero-column-padding first  avia-builder-el-2  el_after_av_one_full  el_before_av_one_full  column-top-margin\" style='border-radius:0px; '><section class=\"av_textblock_section \"  itemscope=\"itemscope\" itemtype=\"https:\/\/schema.org\/BlogPosting\" itemprop=\"blogPost\" ><div class='avia_textblock  '   itemprop=\"text\" ><p style=\"text-align: center;\"><span style=\"font-size: 18pt;\"><strong>Diputado Calisto valora avance de proyecto de equidad digital en la educaci\u00f3n y pide al Gobierno que no sea \u201cletra muerta\u201d en la regi\u00f3n de Ays\u00e9n<\/strong><\/span><\/p>\n<div id=\"gtx-trans\" style=\"position: absolute; left: -50px; top: 4.31534px;\">\n<div class=\"gtx-trans-icon\"><\/div>\n<\/div>\n<\/div><\/section><\/div><div class=\"flex_column av_one_full  flex_column_div av-zero-column-padding first  avia-builder-el-4  el_after_av_one_full  el_before_av_hr  column-top-margin\" style='border-radius:0px; '><section class=\"av_textblock_section \"  itemscope=\"itemscope\" itemtype=\"https:\/\/schema.org\/BlogPosting\" itemprop=\"blogPost\" ><div class='avia_textblock  '   itemprop=\"text\" ><p style=\"text-align: justify;\">En el marco de la discusi\u00f3n del proyecto que incorpora el principio de equidad digital entre los estudiantes y asegura su conectividad y el acceso a Internet, el diputado Miguel \u00c1ngel Calisto, junto con valorar la iniciativa, hizo un llamado al Gobierno para evitar que esta medida sea \u201cletra muerta\u201d en regiones como Ays\u00e9n, donde a\u00fan hay localidades que no tienen acceso a la luz el\u00e9ctrica continua.<\/p>\n<p style=\"text-align: justify;\">Seg\u00fan el legislador, \u201cdesde la llegada de la pandemia en nuestro pa\u00eds, millones de j\u00f3venes debieron hacer sus clases a trav\u00e9s de sistemas digitales, como las aulas virtuales y clases telem\u00e1ticas. Sin embargo, esta situaci\u00f3n evidenci\u00f3 un hecho que desde hace muchos a\u00f1os quienes representamos a las zonas extremas venimos denunciando: la falta de conectividad y de acceso a internet por parte de miles de familias en Chile\u201d.<\/p>\n<p style=\"text-align: justify;\">\u201cEn Chile tenemos un problema de dise\u00f1o y de la forma en c\u00f3mo ven el territorio. La inequidad y la falta de acceso a los servicios es un problema de nuestra cultura centralista, que es transversal, porque se cometen errores en gobiernos de derecha y de izquierda. Este problema se exacerba en regiones como Ays\u00e9n, donde en pleno siglo 21 tenemos localidades completas que tienen conexiones muy deficientes o nulas\u201d, indic\u00f3.<\/p>\n<p style=\"text-align: justify;\">Calisto agreg\u00f3 que \u201cse ha definido por parte de los Gobiernos que la regi\u00f3n de Ays\u00e9n tiene vocaci\u00f3n tur\u00edstica. Pero c\u00f3mo vamos a hacer turismo si no tenemos ni internet ni telefon\u00eda. M\u00e1s all\u00e1 del turismo, que pasa con la gente que vive all\u00e1. Si no garantizamos lo m\u00ednimo, evidentemente no vamos a ser un pa\u00eds que de garant\u00edas por sus habitantes\u201d.<\/p>\n<p style=\"text-align: justify;\">El legislador se\u00f1al\u00f3 que \u201ccreo que, si este proyecto permite garantizar internet a los colegios, tambi\u00e9n se podr\u00eda garantizar internet a las localidades completas. Tenemos localidades como Ra\u00fal Mar\u00edn Balmaceda que tiene problemas de luz el\u00e9ctrica, con un generador que est\u00e1 malo, pasaron diez d\u00edas sin luz. Ac\u00e1 es impensado tener internet, espero que se cumpla, pero hay que garantizar que este proyecto no se convierta en letra muerta y tambi\u00e9n solucionemos los problemas de este tipo que tienen las localidades\u201d.<\/p>\n<p style=\"text-align: justify;\">\u201cSin duda es un paso importante, porque avanzamos hacia mayores herramientas para los establecimientos educacionales. Quiero hacer un llamado para que esto se extienda a las localidades, para que los colegios permitan iluminar tambi\u00e9n las localidades y los establecimientos de salud que hay en estas, a prop\u00f3sito de los avances de la telemedicina\u201d, indic\u00f3.<\/p>\n<p style=\"text-align: justify;\">Finalmente, Miguel \u00c1ngel Calisto se\u00f1al\u00f3 que \u201cpara que no se convierta en una letra muerta y tenga aplicabilidad, debe tener acceso a recursos a trav\u00e9s de los Gobiernos Regionales, hay que llegar a las localidades no s\u00f3lo con los servicios de internet, sino tambi\u00e9n con los servicios b\u00e1sicos a todos los territorios de nuestra regi\u00f3n y nuestro pa\u00eds\u201d.<\/p>\n<\/div><\/section><\/div><div  style='height:50px' class='hr hr-invisible   avia-builder-el-6  el_after_av_one_full  el_before_av_social_share '><span class='hr-inner ' ><span class='hr-inner-style'><\/span><\/span><\/div><\/p>\n<div  class='av-social-sharing-box  avia-builder-el-7  el_after_av_hr  el_before_av_hr  '><div class='av-share-box'><h5 class='av-share-link-description av-no-toc '>Compartir esta noticia<\/h5><ul class='av-share-box-list noLightbox'><li class='av-share-link av-social-link-facebook' ><a target=\"_blank\" aria-label=\"Compartir en Facebook\" href='https:\/\/www.facebook.com\/sharer.php?u=https:\/\/radiorevelacionfm.cl\/?p=16617&#038;t=Diputado%20Calisto%20valora%20avance%20de%20proyecto%20de%20equidad%20digital%20en%20la%20educaci%C3%B3n%20y%20pide%20al%20Gobierno%20que%20no%20sea%20%E2%80%9Cletra%20muerta%E2%80%9D%20en%20la%20regi%C3%B3n%20de%20Ays%C3%A9n' aria-hidden='false' data-av_icon='\ue8f3' data-av_iconfont='entypo-fontello' title='' data-avia-related-tooltip='Compartir en Facebook' rel=\"noopener\"><span class='avia_hidden_link_text'>Compartir en Facebook<\/span><\/a><\/li><li class='av-share-link av-social-link-twitter' ><a target=\"_blank\" aria-label=\"Compartir en Twitter\" href='https:\/\/twitter.com\/share?text=Diputado%20Calisto%20valora%20avance%20de%20proyecto%20de%20equidad%20digital%20en%20la%20educaci%C3%B3n%20y%20pide%20al%20Gobierno%20que%20no%20sea%20%E2%80%9Cletra%20muerta%E2%80%9D%20en%20la%20regi%C3%B3n%20de%20Ays%C3%A9n&#038;url=https:\/\/radiorevelacionfm.cl\/?p=16617' aria-hidden='false' data-av_icon='\ue8f1' data-av_iconfont='entypo-fontello' title='' data-avia-related-tooltip='Compartir en Twitter' rel=\"noopener\"><span class='avia_hidden_link_text'>Compartir en Twitter<\/span><\/a><\/li><li class='av-share-link av-social-link-whatsapp' ><a target=\"_blank\" aria-label=\"Compartir en Whatsapp\" href='https:\/\/api.whatsapp.com\/send?text=https:\/\/radiorevelacionfm.cl\/?p=16617' aria-hidden='false' data-av_icon='\uf232' data-av_iconfont='entypo-fontello' title='' data-avia-related-tooltip='Compartir en Whatsapp' rel=\"noopener\"><span class='avia_hidden_link_text'>Compartir en Whatsapp<\/span><\/a><\/li><li class='av-share-link av-social-link-linkedin' ><a target=\"_blank\" aria-label=\"Compartir en LinkedIn\" href='https:\/\/linkedin.com\/shareArticle?mini=true&#038;title=Diputado%20Calisto%20valora%20avance%20de%20proyecto%20de%20equidad%20digital%20en%20la%20educaci%C3%B3n%20y%20pide%20al%20Gobierno%20que%20no%20sea%20%E2%80%9Cletra%20muerta%E2%80%9D%20en%20la%20regi%C3%B3n%20de%20Ays%C3%A9n&#038;url=https:\/\/radiorevelacionfm.cl\/?p=16617' aria-hidden='false' data-av_icon='\ue8fc' data-av_iconfont='entypo-fontello' title='' data-avia-related-tooltip='Compartir en LinkedIn' rel=\"noopener\"><span class='avia_hidden_link_text'>Compartir en LinkedIn<\/span><\/a><\/li><li class='av-share-link av-social-link-mail' ><a  aria-label=\"Compartir por correo\" href='mailto:?subject=Diputado%20Calisto%20valora%20avance%20de%20proyecto%20de%20equidad%20digital%20en%20la%20educaci%C3%B3n%20y%20pide%20al%20Gobierno%20que%20no%20sea%20%E2%80%9Cletra%20muerta%E2%80%9D%20en%20la%20regi%C3%B3n%20de%20Ays%C3%A9n&#038;body=https:\/\/radiorevelacionfm.cl\/?p=16617' aria-hidden='false' data-av_icon='\ue805' data-av_iconfont='entypo-fontello' title='' data-avia-related-tooltip='Compartir por correo'><span class='avia_hidden_link_text'>Compartir por correo<\/span><\/a><\/li><\/ul><\/div><\/div>\n<div  style='height:50px' class='hr hr-invisible   avia-builder-el-8  el_after_av_social_share  el_before_av_comments_list '><span class='hr-inner ' ><span class='hr-inner-style'><\/span><\/span><\/div>\n<div  class='av-buildercomment  av-blog-meta-html-info-disabled av-blog-meta-tag-disabled  '><\/div>\n","protected":false},"excerpt":{"rendered":"","protected":false},"author":1,"featured_media":16618,"comment_status":"open","ping_status":"open","sticky":false,"template":"","format":"standard","meta":{"footnotes":""},"categories":[35],"tags":[],"class_list":["post-16617","post","type-post","status-publish","format-standard","has-post-thumbnail","hentry","category-politica"],"jetpack_featured_media_url":"https:\/\/radiorevelacionfm.cl\/wp-content\/uploads\/2022\/05\/CALISTO-COMISION-3-1-1.jpg","_links":{"self":[{"href":"https:\/\/radiorevelacionfm.cl\/index.php?rest_route=\/wp\/v2\/posts\/16617","targetHints":{"allow":["GET"]}}],"collection":[{"href":"https:\/\/radiorevelacionfm.cl\/index.php?rest_route=\/wp\/v2\/posts"}],"about":[{"href":"https:\/\/radiorevelacionfm.cl\/index.php?rest_route=\/wp\/v2\/types\/post"}],"author":[{"embeddable":true,"href":"https:\/\/radiorevelacionfm.cl\/index.php?rest_route=\/wp\/v2\/users\/1"}],"replies":[{"embeddable":true,"href":"https:\/\/radiorevelacionfm.cl\/index.php?rest_route=%2Fwp%2Fv2%2Fcomments&post=16617"}],"version-history":[{"count":2,"href":"https:\/\/radiorevelacionfm.cl\/index.php?rest_route=\/wp\/v2\/posts\/16617\/revisions"}],"predecessor-version":[{"id":16620,"href":"https:\/\/radiorevelacionfm.cl\/index.php?rest_route=\/wp\/v2\/posts\/16617\/revisions\/16620"}],"wp:featuredmedia":[{"embeddable":true,"href":"https:\/\/radiorevelacionfm.cl\/index.php?rest_route=\/wp\/v2\/media\/16618"}],"wp:attachment":[{"href":"https:\/\/radiorevelacionfm.cl\/index.php?rest_route=%2Fwp%2Fv2%2Fmedia&parent=16617"}],"wp:term":[{"taxonomy":"category","embeddable":true,"href":"https:\/\/radiorevelacionfm.cl\/index.php?rest_route=%2Fwp%2Fv2%2Fcategories&post=16617"},{"taxonomy":"post_tag","embeddable":true,"href":"https:\/\/radiorevelacionfm.cl\/index.php?rest_route=%2Fwp%2Fv2%2Ftags&post=16617"}],"curies":[{"name":"wp","href":"https:\/\/api.w.org\/{rel}","templated":true}]}}