{"id":16613,"date":"2022-05-09T11:20:10","date_gmt":"2022-05-09T14:20:10","guid":{"rendered":"https:\/\/radiorevelacionfm.cl\/?p=16613"},"modified":"2022-05-09T11:20:10","modified_gmt":"2022-05-09T14:20:10","slug":"seremi-difundio-medidas-del-plan-chileapoya-y-politica-nacional-de-zonas-extremas-en-puerto-aysen","status":"publish","type":"post","link":"https:\/\/radiorevelacionfm.cl\/?p=16613","title":{"rendered":"Seremi difundi\u00f3 medidas del plan ChileApoya y Pol\u00edtica Nacional de Zonas Extremas en Puerto Ays\u00e9n"},"content":{"rendered":"<div class=\"flex_column av_one_full  flex_column_div av-zero-column-padding first  avia-builder-el-0  el_before_av_one_full  avia-builder-el-first  \" style='border-radius:0px; '><div  class='avia-image-container  av-styling-    avia-builder-el-1  avia-builder-el-no-sibling  avia-align-center '  itemprop=\"image\" itemscope=\"itemscope\" itemtype=\"https:\/\/schema.org\/ImageObject\"  ><div class='avia-image-container-inner'><div class='avia-image-overlay-wrap'><img decoding=\"async\" class='wp-image-16614 avia-img-lazy-loading-not-16614 avia_image' src=\"https:\/\/radiorevelacionfm.cl\/wp-content\/uploads\/2022\/05\/foto-1-11-1.jpeg\" alt='' title='foto 1 (11) (1)' height=\"600\" width=\"450\"  itemprop=\"thumbnailUrl\" srcset=\"https:\/\/radiorevelacionfm.cl\/wp-content\/uploads\/2022\/05\/foto-1-11-1.jpeg 450w, https:\/\/radiorevelacionfm.cl\/wp-content\/uploads\/2022\/05\/foto-1-11-1-225x300.jpeg 225w\" sizes=\"(max-width: 450px) 100vw, 450px\" \/><\/div><\/div><\/div><\/div><div class=\"flex_column av_one_full  flex_column_div av-zero-column-padding first  avia-builder-el-2  el_after_av_one_full  el_before_av_one_full  column-top-margin\" style='border-radius:0px; '><section class=\"av_textblock_section \"  itemscope=\"itemscope\" itemtype=\"https:\/\/schema.org\/BlogPosting\" itemprop=\"blogPost\" ><div class='avia_textblock  '   itemprop=\"text\" ><p style=\"text-align: center;\"><span style=\"font-size: 18pt;\"><strong>Seremi difundi\u00f3 medidas del plan ChileApoya y Pol\u00edtica Nacional de Zonas Extremas en Puerto Ays\u00e9n<\/strong><\/span><\/p>\n<div id=\"gtx-trans\" style=\"position: absolute; left: -50px; top: 4.31534px;\">\n<div class=\"gtx-trans-icon\"><\/div>\n<\/div>\n<\/div><\/section><\/div><div class=\"flex_column av_one_full  flex_column_div av-zero-column-padding first  avia-builder-el-4  el_after_av_one_full  el_before_av_hr  column-top-margin\" style='border-radius:0px; '><section class=\"av_textblock_section \"  itemscope=\"itemscope\" itemtype=\"https:\/\/schema.org\/BlogPosting\" itemprop=\"blogPost\" ><div class='avia_textblock  '   itemprop=\"text\" ><p style=\"text-align: justify;\">La portavoz del Gobierno de Gabriel Boric en la regi\u00f3n, Tatiana Pl\u00e1 \u00c1lvarez, concurri\u00f3 la semana pasada hasta la comuna de Puerto Ays\u00e9n para conversar con los distintos medios de comunicaci\u00f3n locales sobre las 21 medidas del Plan ChileApoya, y explicar a los vecinos de dicha comuna los detalles de la Pol\u00edtica Nacional de Zonas Extremas.<\/p>\n<p style=\"text-align: justify;\">En la oportunidad, la Seremi tambi\u00e9n se reuni\u00f3 con el Delegado Provincial Jorge Salfate Aguayo, para coordinar, fortalecer y potenciar el trabajo de ambos servicios.<\/p>\n<p style=\"text-align: justify;\">\u201cQueremos que nuestras vocer\u00edas tengan un sello ciudadano, con mucho trabajo en terreno y encuentros con la comunidad, porque as\u00ed lo ha solicitado el Presidente Boric. Es as\u00ed como gran parte de los integrantes del Gabinete, incluyendo a nuestro Delegado Presidencial Regional, ya han participado y seguiremos participando de encuentros con distintas organizaciones y localidades para recoger las inquietudes y buscar soluciones que sean efectivas y concretas. Hoy la ciudadan\u00eda demanda soluciones y para ello necesita un gobierno en terreno que informe del trabajo que estamos haciendo\u201d, manifest\u00f3 Tatiana Pl\u00e1.<\/p>\n<p style=\"text-align: justify;\">En ese sentido, la vocera destac\u00f3 que uno de los objetivos de las actividades que est\u00e1 realizando el Gabinete Regional en terreno es difundir los beneficios del plan Chile Apoya, precisando que \u201ceste es un plan que como Estado busca recoger muchas de las problem\u00e1ticas que viven familias en nuestro pa\u00eds que todav\u00eda no logran recuperar empleos que han quedado rezagadas en este proceso de recuperaci\u00f3n econ\u00f3mica, pero adem\u00e1s tiene el sello de nuestro Gobierno, que busca proteger a las mujeres, tambi\u00e9n a las pymes y poner especial atenci\u00f3n a los territorios que debido a su lejan\u00eda se han quedado rezagados\u201d.<\/p>\n<p style=\"text-align: justify;\">Respecto de la profundizaci\u00f3n del Plan de Zonas Extremas que anunciara el Presidente de la Rep\u00fablica junto al Subsecretario de Desarrollo Regional y Administrativo, Miguel Crispi, la vocera de Gobierno en Ays\u00e9n record\u00f3 que cuando en el a\u00f1o 2014 se impulsaron los PEDZE, estos fueron evaluados positivamente y que en su \u00e9poca de candidato, el Presidente Gabriel Boric se comprometi\u00f3 a avanzar en esta tem\u00e1tica.<\/p>\n<p style=\"text-align: justify;\">\u201cSin dudas que la creaci\u00f3n de una Pol\u00edtica Nacional de Desarrollo de Zonas Extremas es\u00a0 algo muy beneficioso para todas las regiones extremas y especialmente para la nuestra, porque consolida el apoyo del Estado. Ademas, este es un compromiso cumplido del Presidente Boric, que cuando era candidato dijo que avanzar\u00eda en PEDZE 2.0 que no solo se centrar\u00eda en la inversi\u00f3n en cuanto a infraestructura, sino que tambi\u00e9n pondr\u00eda en el centro el desarrollo humano\u201d, concluy\u00f3.<\/p>\n<\/div><\/section><\/div><div  style='height:50px' class='hr hr-invisible   avia-builder-el-6  el_after_av_one_full  el_before_av_social_share '><span class='hr-inner ' ><span class='hr-inner-style'><\/span><\/span><\/div><\/p>\n<div  class='av-social-sharing-box  avia-builder-el-7  el_after_av_hr  el_before_av_hr  '><div class='av-share-box'><h5 class='av-share-link-description av-no-toc '>Compartir esta noticia<\/h5><ul class='av-share-box-list noLightbox'><li class='av-share-link av-social-link-facebook' ><a target=\"_blank\" aria-label=\"Compartir en Facebook\" href='https:\/\/www.facebook.com\/sharer.php?u=https:\/\/radiorevelacionfm.cl\/?p=16613&#038;t=Seremi%20difundi%C3%B3%20medidas%20del%20plan%20ChileApoya%20y%20Pol%C3%ADtica%20Nacional%20de%20Zonas%20Extremas%20en%20Puerto%20Ays%C3%A9n' aria-hidden='false' data-av_icon='\ue8f3' data-av_iconfont='entypo-fontello' title='' data-avia-related-tooltip='Compartir en Facebook' rel=\"noopener\"><span class='avia_hidden_link_text'>Compartir en Facebook<\/span><\/a><\/li><li class='av-share-link av-social-link-twitter' ><a target=\"_blank\" aria-label=\"Compartir en Twitter\" href='https:\/\/twitter.com\/share?text=Seremi%20difundi%C3%B3%20medidas%20del%20plan%20ChileApoya%20y%20Pol%C3%ADtica%20Nacional%20de%20Zonas%20Extremas%20en%20Puerto%20Ays%C3%A9n&#038;url=https:\/\/radiorevelacionfm.cl\/?p=16613' aria-hidden='false' data-av_icon='\ue8f1' data-av_iconfont='entypo-fontello' title='' data-avia-related-tooltip='Compartir en Twitter' rel=\"noopener\"><span class='avia_hidden_link_text'>Compartir en Twitter<\/span><\/a><\/li><li class='av-share-link av-social-link-whatsapp' ><a target=\"_blank\" aria-label=\"Compartir en Whatsapp\" href='https:\/\/api.whatsapp.com\/send?text=https:\/\/radiorevelacionfm.cl\/?p=16613' aria-hidden='false' data-av_icon='\uf232' data-av_iconfont='entypo-fontello' title='' data-avia-related-tooltip='Compartir en Whatsapp' rel=\"noopener\"><span class='avia_hidden_link_text'>Compartir en Whatsapp<\/span><\/a><\/li><li class='av-share-link av-social-link-linkedin' ><a target=\"_blank\" aria-label=\"Compartir en LinkedIn\" href='https:\/\/linkedin.com\/shareArticle?mini=true&#038;title=Seremi%20difundi%C3%B3%20medidas%20del%20plan%20ChileApoya%20y%20Pol%C3%ADtica%20Nacional%20de%20Zonas%20Extremas%20en%20Puerto%20Ays%C3%A9n&#038;url=https:\/\/radiorevelacionfm.cl\/?p=16613' aria-hidden='false' data-av_icon='\ue8fc' data-av_iconfont='entypo-fontello' title='' data-avia-related-tooltip='Compartir en LinkedIn' rel=\"noopener\"><span class='avia_hidden_link_text'>Compartir en LinkedIn<\/span><\/a><\/li><li class='av-share-link av-social-link-mail' ><a  aria-label=\"Compartir por correo\" href='mailto:?subject=Seremi%20difundi%C3%B3%20medidas%20del%20plan%20ChileApoya%20y%20Pol%C3%ADtica%20Nacional%20de%20Zonas%20Extremas%20en%20Puerto%20Ays%C3%A9n&#038;body=https:\/\/radiorevelacionfm.cl\/?p=16613' aria-hidden='false' data-av_icon='\ue805' data-av_iconfont='entypo-fontello' title='' data-avia-related-tooltip='Compartir por correo'><span class='avia_hidden_link_text'>Compartir por correo<\/span><\/a><\/li><\/ul><\/div><\/div>\n<div  style='height:50px' class='hr hr-invisible   avia-builder-el-8  el_after_av_social_share  el_before_av_comments_list '><span class='hr-inner ' ><span class='hr-inner-style'><\/span><\/span><\/div>\n<div  class='av-buildercomment  av-blog-meta-html-info-disabled av-blog-meta-tag-disabled  '><\/div>\n","protected":false},"excerpt":{"rendered":"","protected":false},"author":1,"featured_media":16614,"comment_status":"open","ping_status":"open","sticky":false,"template":"","format":"standard","meta":{"footnotes":""},"categories":[35],"tags":[],"class_list":["post-16613","post","type-post","status-publish","format-standard","has-post-thumbnail","hentry","category-politica"],"jetpack_featured_media_url":"https:\/\/radiorevelacionfm.cl\/wp-content\/uploads\/2022\/05\/foto-1-11-1.jpeg","_links":{"self":[{"href":"https:\/\/radiorevelacionfm.cl\/index.php?rest_route=\/wp\/v2\/posts\/16613","targetHints":{"allow":["GET"]}}],"collection":[{"href":"https:\/\/radiorevelacionfm.cl\/index.php?rest_route=\/wp\/v2\/posts"}],"about":[{"href":"https:\/\/radiorevelacionfm.cl\/index.php?rest_route=\/wp\/v2\/types\/post"}],"author":[{"embeddable":true,"href":"https:\/\/radiorevelacionfm.cl\/index.php?rest_route=\/wp\/v2\/users\/1"}],"replies":[{"embeddable":true,"href":"https:\/\/radiorevelacionfm.cl\/index.php?rest_route=%2Fwp%2Fv2%2Fcomments&post=16613"}],"version-history":[{"count":2,"href":"https:\/\/radiorevelacionfm.cl\/index.php?rest_route=\/wp\/v2\/posts\/16613\/revisions"}],"predecessor-version":[{"id":16616,"href":"https:\/\/radiorevelacionfm.cl\/index.php?rest_route=\/wp\/v2\/posts\/16613\/revisions\/16616"}],"wp:featuredmedia":[{"embeddable":true,"href":"https:\/\/radiorevelacionfm.cl\/index.php?rest_route=\/wp\/v2\/media\/16614"}],"wp:attachment":[{"href":"https:\/\/radiorevelacionfm.cl\/index.php?rest_route=%2Fwp%2Fv2%2Fmedia&parent=16613"}],"wp:term":[{"taxonomy":"category","embeddable":true,"href":"https:\/\/radiorevelacionfm.cl\/index.php?rest_route=%2Fwp%2Fv2%2Fcategories&post=16613"},{"taxonomy":"post_tag","embeddable":true,"href":"https:\/\/radiorevelacionfm.cl\/index.php?rest_route=%2Fwp%2Fv2%2Ftags&post=16613"}],"curies":[{"name":"wp","href":"https:\/\/api.w.org\/{rel}","templated":true}]}}