{"id":16608,"date":"2022-05-06T18:40:35","date_gmt":"2022-05-06T21:40:35","guid":{"rendered":"https:\/\/radiorevelacionfm.cl\/?p=16608"},"modified":"2022-05-06T18:40:35","modified_gmt":"2022-05-06T21:40:35","slug":"pdi-y-fiscalia-desarticulan-banda-que-internaba-drogas-desde-santiago","status":"publish","type":"post","link":"https:\/\/radiorevelacionfm.cl\/?p=16608","title":{"rendered":"PDI y Fiscal\u00eda desarticulan banda que internaba drogas desde Santiago"},"content":{"rendered":"<div class=\"flex_column av_one_full  flex_column_div av-zero-column-padding first  avia-builder-el-0  el_before_av_one_full  avia-builder-el-first  \" style='border-radius:0px; '><div  class='avia-image-container  av-styling-    avia-builder-el-1  avia-builder-el-no-sibling  avia-align-center '  itemprop=\"image\" itemscope=\"itemscope\" itemtype=\"https:\/\/schema.org\/ImageObject\"  ><div class='avia-image-container-inner'><div class='avia-image-overlay-wrap'><img decoding=\"async\" class='wp-image-16609 avia-img-lazy-loading-not-16609 avia_image' src=\"https:\/\/radiorevelacionfm.cl\/wp-content\/uploads\/2022\/05\/06-05-2022-BRIANCO-MT0-internacion-STGO-1-1.jpg\" alt='' title='06-05-2022 BRIANCO MT0 - internaci\u00f3n STGO (1) (1)' height=\"600\" width=\"800\"  itemprop=\"thumbnailUrl\" srcset=\"https:\/\/radiorevelacionfm.cl\/wp-content\/uploads\/2022\/05\/06-05-2022-BRIANCO-MT0-internacion-STGO-1-1.jpg 800w, https:\/\/radiorevelacionfm.cl\/wp-content\/uploads\/2022\/05\/06-05-2022-BRIANCO-MT0-internacion-STGO-1-1-300x225.jpg 300w, https:\/\/radiorevelacionfm.cl\/wp-content\/uploads\/2022\/05\/06-05-2022-BRIANCO-MT0-internacion-STGO-1-1-768x576.jpg 768w, https:\/\/radiorevelacionfm.cl\/wp-content\/uploads\/2022\/05\/06-05-2022-BRIANCO-MT0-internacion-STGO-1-1-705x529.jpg 705w, https:\/\/radiorevelacionfm.cl\/wp-content\/uploads\/2022\/05\/06-05-2022-BRIANCO-MT0-internacion-STGO-1-1-600x450.jpg 600w\" sizes=\"(max-width: 800px) 100vw, 800px\" \/><\/div><\/div><\/div><\/div><div class=\"flex_column av_one_full  flex_column_div av-zero-column-padding first  avia-builder-el-2  el_after_av_one_full  el_before_av_one_full  column-top-margin\" style='border-radius:0px; '><section class=\"av_textblock_section \"  itemscope=\"itemscope\" itemtype=\"https:\/\/schema.org\/BlogPosting\" itemprop=\"blogPost\" ><div class='avia_textblock  '   itemprop=\"text\" ><p style=\"text-align: center;\"><span style=\"font-size: 18pt;\"><strong>PDI y Fiscal\u00eda desarticulan banda que internaba drogas desde Santiago<\/strong><\/span><\/p>\n<div id=\"gtx-trans\" style=\"position: absolute; left: -50px; top: 4.31534px;\">\n<div class=\"gtx-trans-icon\"><\/div>\n<\/div>\n<\/div><\/section><\/div><div class=\"flex_column av_one_full  flex_column_div av-zero-column-padding first  avia-builder-el-4  el_after_av_one_full  el_before_av_hr  column-top-margin\" style='border-radius:0px; '><section class=\"av_textblock_section \"  itemscope=\"itemscope\" itemtype=\"https:\/\/schema.org\/BlogPosting\" itemprop=\"blogPost\" ><div class='avia_textblock  '   itemprop=\"text\" ><p style=\"text-align: justify;\">Detectives del equipo Microtr\u00e1fico Cero de la Brigada Antinarc\u00f3ticos y Contra el Crimen Organizado Coyhaique de la Polic\u00eda de Investigaciones de Chile, en un trabajo coordinado con la Unidad de An\u00e1lisis Criminal y Focos Investigativos, SACFI, desarticularon una banda dedicada a la internaci\u00f3n de drogas a la Regi\u00f3n de Ays\u00e9n, a trav\u00e9s de encomiendas. Durante el procedimiento policial, el cual fue coordinado por la fiscal Mar\u00eda In\u00e9s N\u00fa\u00f1ez Briso, se detuvo a cuatro personas, todos hombres mayores de edad.<\/p>\n<p style=\"text-align: justify;\">\u201cLogramos establecer, la PDI y el Ministerio P\u00fablico, la participaci\u00f3n de una persona que trabaja en una empresa, quien provee de medios con objeto de ocultar el contenido de esta encomienda y la retira de forma irregular\u201d, explic\u00f3 la Fiscal N\u00fa\u00f1ez.<\/p>\n<p style=\"text-align: justify;\">Al respecto, el jefe de la Prefectura Provincial Coyhaique, prefecto H\u00e9ctor Moya, se\u00f1al\u00f3 que \u201cel equipo Microtr\u00e1fico Cero de la ciudad de Coyhaique de la PDI, a trav\u00e9s de un trabajo coordinado con el Ministerio P\u00fablico, centraron sus investigaciones en un grupo de personas que se estaba dedicando a transportar droga desde la zona central hasta nuestra regi\u00f3n, bajo la modalidad de env\u00edos de encomiendas a trav\u00e9s de una empresa. La droga era trasladada hasta la regi\u00f3n tratando de ocultar su ruta, ya que una de las personas detenidas agilizaba la internaci\u00f3n de las sustancias al integrar una empresa de transporte de encomiendas\u201d.<\/p>\n<p style=\"text-align: justify;\">Gracias al procedimiento policial, \u201cse incaut\u00f3 droga como clorhidrato de coca\u00edna, ketamina, \u00e9xtasis, respecto del clorhidrato de coca\u00edna incautado se logr\u00f3 evitar que fueran comercializadas m\u00e1s de mil dosis de este tipo de droga, dinero en efectivo y permiti\u00f3 establecer algunas infracciones a la Ley de Control de Armas por la tenencia de municiones en el caso de una de las personas imputadas. Las personas detenidas son cuatro ciudadanos chilenos y de la regi\u00f3n que, a trav\u00e9s de esta modalidad, empezaron a comercializar las sustancias a trav\u00e9s de redes sociales\u201d, puntualiz\u00f3 el prefecto H\u00e9ctor Moya.<\/p>\n<p style=\"text-align: justify;\">Espec\u00edficamente, se logr\u00f3 la incautaci\u00f3n de distintos tipos de droga, como 292.3 gramos de clorhidrato de coca\u00edna, equivalente a 1.169 dosis; 7.7 gramos de cannabis sativa, equivalente a 24 dosis; plantas del mismo g\u00e9nero; 1.2 gramos de ketamina, equivalente a tres dosis; y un comprimido de \u00e9xtasis, equivalente a una dosis, sustancias il\u00edcitas avaluadas en su totalidad en m\u00e1s de 11 millones de pesos. Adem\u00e1s, durante el procedimiento se incaut\u00f3 $160.000 de dinero en efectivo producto de la venta de las sustancias, armas de fantas\u00eda y municiones.<\/p>\n<p style=\"text-align: justify;\">Sobre el modo de operar, desde la PDI indicaron que los imputados se dedicaban a internar diferentes cantidades de droga a la comuna de Coyhaique mediante empresas de encomiendas para acopiar, distribuir y comercializar las sustancias en distintos puntos de la ciudad.<\/p>\n<p style=\"text-align: justify;\"><strong>PRISI\u00d3N PREVENTIVA<\/strong><\/p>\n<p style=\"text-align: justify;\">\u201cAyer se efectu\u00f3 una audiencia de formalizaci\u00f3n respecto de cuatro personas que fueron detenidas entre el 1 y 4 de mayo, en relaci\u00f3n a esta investigaci\u00f3n que se sigue con la Brigada Antinarc\u00f3ticos de la PDI y la Fiscal\u00eda\u201d, precis\u00f3 la fiscal Mar\u00eda In\u00e9s N\u00fa\u00f1ez.<\/p>\n<p style=\"text-align: justify;\">La persecutora penal, detall\u00f3 que los imputados, fueron formalizados por distribuir, acopiar y transportar sustancias il\u00edcitas, hacia la Regi\u00f3n de Ays\u00e9n, utilizando encomiendas con nombres supuestos.<\/p>\n<p style=\"text-align: justify;\">Respecto de los tipos penales, dijo que se trata de tr\u00e1fico de drogas, para todos y adem\u00e1s, \u201cdos de ellos tambi\u00e9n por el delito de cultivo ilegal de cannabis sativa, atendido a que en su domicilio se encontraron 10 plantas y asimismo, respecto de un imputado, se le formaliz\u00f3 adem\u00e1s por tenencia ilegal de municiones\u201d.<\/p>\n<p style=\"text-align: justify;\">Este \u00faltimo sujeto fue formalizado por tres delitos y en la audiencia de formalizaci\u00f3n efectuada ante el Juzgado de Garant\u00eda, fue puesto en prisi\u00f3n preventiva a solicitud de la Fiscal\u00eda, por considerar que su libertad es peligrosa para la seguridad de la sociedad.<\/p>\n<p style=\"text-align: justify;\">En relaci\u00f3n a los dem\u00e1s imputados, el Tribunal decret\u00f3 medidas cautelares de menor intensidad, esto es arresto domiciliario total y arraigo regional, es decir que no pod\u00edan salir de la regi\u00f3n. Sobre esta resoluci\u00f3n, la Fiscal\u00eda interpuso un recurso de apelaci\u00f3n verbal, el cual fue alegado hoy por la Unidad de Asesor\u00eda Jur\u00eddica del Ministerio P\u00fablico.<\/p>\n<p style=\"text-align: justify;\">En este sentido, la Ilustr\u00edsima Corte de Apelaciones de Coyhaique, orden\u00f3 tambi\u00e9n aplicar la medida cautelar de prisi\u00f3n preventiva para los otros tres involucrados. El plazo de investigaci\u00f3n fue fijado por el Juzgado de Garant\u00eda en 90 d\u00edas.<\/p>\n<\/div><\/section><\/div><div  style='height:50px' class='hr hr-invisible   avia-builder-el-6  el_after_av_one_full  el_before_av_social_share '><span class='hr-inner ' ><span class='hr-inner-style'><\/span><\/span><\/div><\/p>\n<div  class='av-social-sharing-box  avia-builder-el-7  el_after_av_hr  el_before_av_hr  '><div class='av-share-box'><h5 class='av-share-link-description av-no-toc '>Compartir esta noticia<\/h5><ul class='av-share-box-list noLightbox'><li class='av-share-link av-social-link-facebook' ><a target=\"_blank\" aria-label=\"Compartir en Facebook\" href='https:\/\/www.facebook.com\/sharer.php?u=https:\/\/radiorevelacionfm.cl\/?p=16608&#038;t=PDI%20y%20Fiscal%C3%ADa%20desarticulan%20banda%20que%20internaba%20drogas%20desde%20Santiago' aria-hidden='false' data-av_icon='\ue8f3' data-av_iconfont='entypo-fontello' title='' data-avia-related-tooltip='Compartir en Facebook' rel=\"noopener\"><span class='avia_hidden_link_text'>Compartir en Facebook<\/span><\/a><\/li><li class='av-share-link av-social-link-twitter' ><a target=\"_blank\" aria-label=\"Compartir en Twitter\" href='https:\/\/twitter.com\/share?text=PDI%20y%20Fiscal%C3%ADa%20desarticulan%20banda%20que%20internaba%20drogas%20desde%20Santiago&#038;url=https:\/\/radiorevelacionfm.cl\/?p=16608' aria-hidden='false' data-av_icon='\ue8f1' data-av_iconfont='entypo-fontello' title='' data-avia-related-tooltip='Compartir en Twitter' rel=\"noopener\"><span class='avia_hidden_link_text'>Compartir en Twitter<\/span><\/a><\/li><li class='av-share-link av-social-link-whatsapp' ><a target=\"_blank\" aria-label=\"Compartir en Whatsapp\" href='https:\/\/api.whatsapp.com\/send?text=https:\/\/radiorevelacionfm.cl\/?p=16608' aria-hidden='false' data-av_icon='\uf232' data-av_iconfont='entypo-fontello' title='' data-avia-related-tooltip='Compartir en Whatsapp' rel=\"noopener\"><span class='avia_hidden_link_text'>Compartir en Whatsapp<\/span><\/a><\/li><li class='av-share-link av-social-link-linkedin' ><a target=\"_blank\" aria-label=\"Compartir en LinkedIn\" href='https:\/\/linkedin.com\/shareArticle?mini=true&#038;title=PDI%20y%20Fiscal%C3%ADa%20desarticulan%20banda%20que%20internaba%20drogas%20desde%20Santiago&#038;url=https:\/\/radiorevelacionfm.cl\/?p=16608' aria-hidden='false' data-av_icon='\ue8fc' data-av_iconfont='entypo-fontello' title='' data-avia-related-tooltip='Compartir en LinkedIn' rel=\"noopener\"><span class='avia_hidden_link_text'>Compartir en LinkedIn<\/span><\/a><\/li><li class='av-share-link av-social-link-mail' ><a  aria-label=\"Compartir por correo\" href='mailto:?subject=PDI%20y%20Fiscal%C3%ADa%20desarticulan%20banda%20que%20internaba%20drogas%20desde%20Santiago&#038;body=https:\/\/radiorevelacionfm.cl\/?p=16608' aria-hidden='false' data-av_icon='\ue805' data-av_iconfont='entypo-fontello' title='' data-avia-related-tooltip='Compartir por correo'><span class='avia_hidden_link_text'>Compartir por correo<\/span><\/a><\/li><\/ul><\/div><\/div>\n<div  style='height:50px' class='hr hr-invisible   avia-builder-el-8  el_after_av_social_share  el_before_av_comments_list '><span class='hr-inner ' ><span class='hr-inner-style'><\/span><\/span><\/div>\n<div  class='av-buildercomment  av-blog-meta-html-info-disabled av-blog-meta-tag-disabled  '><\/div>\n","protected":false},"excerpt":{"rendered":"","protected":false},"author":1,"featured_media":16609,"comment_status":"open","ping_status":"open","sticky":false,"template":"","format":"standard","meta":{"footnotes":""},"categories":[36],"tags":[],"class_list":["post-16608","post","type-post","status-publish","format-standard","has-post-thumbnail","hentry","category-policial"],"jetpack_featured_media_url":"https:\/\/radiorevelacionfm.cl\/wp-content\/uploads\/2022\/05\/06-05-2022-BRIANCO-MT0-internacion-STGO-1-1.jpg","_links":{"self":[{"href":"https:\/\/radiorevelacionfm.cl\/index.php?rest_route=\/wp\/v2\/posts\/16608","targetHints":{"allow":["GET"]}}],"collection":[{"href":"https:\/\/radiorevelacionfm.cl\/index.php?rest_route=\/wp\/v2\/posts"}],"about":[{"href":"https:\/\/radiorevelacionfm.cl\/index.php?rest_route=\/wp\/v2\/types\/post"}],"author":[{"embeddable":true,"href":"https:\/\/radiorevelacionfm.cl\/index.php?rest_route=\/wp\/v2\/users\/1"}],"replies":[{"embeddable":true,"href":"https:\/\/radiorevelacionfm.cl\/index.php?rest_route=%2Fwp%2Fv2%2Fcomments&post=16608"}],"version-history":[{"count":2,"href":"https:\/\/radiorevelacionfm.cl\/index.php?rest_route=\/wp\/v2\/posts\/16608\/revisions"}],"predecessor-version":[{"id":16611,"href":"https:\/\/radiorevelacionfm.cl\/index.php?rest_route=\/wp\/v2\/posts\/16608\/revisions\/16611"}],"wp:featuredmedia":[{"embeddable":true,"href":"https:\/\/radiorevelacionfm.cl\/index.php?rest_route=\/wp\/v2\/media\/16609"}],"wp:attachment":[{"href":"https:\/\/radiorevelacionfm.cl\/index.php?rest_route=%2Fwp%2Fv2%2Fmedia&parent=16608"}],"wp:term":[{"taxonomy":"category","embeddable":true,"href":"https:\/\/radiorevelacionfm.cl\/index.php?rest_route=%2Fwp%2Fv2%2Fcategories&post=16608"},{"taxonomy":"post_tag","embeddable":true,"href":"https:\/\/radiorevelacionfm.cl\/index.php?rest_route=%2Fwp%2Fv2%2Ftags&post=16608"}],"curies":[{"name":"wp","href":"https:\/\/api.w.org\/{rel}","templated":true}]}}