{"id":16604,"date":"2022-05-06T18:24:04","date_gmt":"2022-05-06T21:24:04","guid":{"rendered":"https:\/\/radiorevelacionfm.cl\/?p=16604"},"modified":"2022-05-06T18:24:04","modified_gmt":"2022-05-06T21:24:04","slug":"agrupaciones-de-mujeres-campesinas-valoran-dialogo-y-acuerdos-con-senadora-ximena-ordenes","status":"publish","type":"post","link":"https:\/\/radiorevelacionfm.cl\/?p=16604","title":{"rendered":"Agrupaciones de Mujeres Campesinas valoran dialogo y acuerdos con Senadora Ximena Ordenes"},"content":{"rendered":"<div class=\"flex_column av_one_full  flex_column_div av-zero-column-padding first  avia-builder-el-0  el_before_av_one_full  avia-builder-el-first  \" style='border-radius:0px; '><div  class='avia-image-container  av-styling-    avia-builder-el-1  avia-builder-el-no-sibling  avia-align-center '  itemprop=\"image\" itemscope=\"itemscope\" itemtype=\"https:\/\/schema.org\/ImageObject\"  ><div class='avia-image-container-inner'><div class='avia-image-overlay-wrap'><img decoding=\"async\" class='wp-image-16605 avia-img-lazy-loading-not-16605 avia_image' src=\"https:\/\/radiorevelacionfm.cl\/wp-content\/uploads\/2022\/05\/reunion-agrupaciones-aysen-2-1-1.jpg\" alt='' title='reunion agrupaciones aysen 2 (1) (1)' height=\"600\" width=\"1067\"  itemprop=\"thumbnailUrl\" srcset=\"https:\/\/radiorevelacionfm.cl\/wp-content\/uploads\/2022\/05\/reunion-agrupaciones-aysen-2-1-1.jpg 1067w, https:\/\/radiorevelacionfm.cl\/wp-content\/uploads\/2022\/05\/reunion-agrupaciones-aysen-2-1-1-300x169.jpg 300w, https:\/\/radiorevelacionfm.cl\/wp-content\/uploads\/2022\/05\/reunion-agrupaciones-aysen-2-1-1-1030x579.jpg 1030w, https:\/\/radiorevelacionfm.cl\/wp-content\/uploads\/2022\/05\/reunion-agrupaciones-aysen-2-1-1-768x432.jpg 768w, https:\/\/radiorevelacionfm.cl\/wp-content\/uploads\/2022\/05\/reunion-agrupaciones-aysen-2-1-1-705x396.jpg 705w, https:\/\/radiorevelacionfm.cl\/wp-content\/uploads\/2022\/05\/reunion-agrupaciones-aysen-2-1-1-600x337.jpg 600w\" sizes=\"(max-width: 1067px) 100vw, 1067px\" \/><\/div><\/div><\/div><\/div><div class=\"flex_column av_one_full  flex_column_div av-zero-column-padding first  avia-builder-el-2  el_after_av_one_full  el_before_av_one_full  column-top-margin\" style='border-radius:0px; '><section class=\"av_textblock_section \"  itemscope=\"itemscope\" itemtype=\"https:\/\/schema.org\/BlogPosting\" itemprop=\"blogPost\" ><div class='avia_textblock  '   itemprop=\"text\" ><p style=\"text-align: center;\"><strong><span style=\"font-size: 18pt;\">Agrupaciones de Mujeres Campesinas valoran dialogo y acuerdos con Senadora Ximena Ordenes<\/span><\/strong><\/p>\n<div id=\"gtx-trans\" style=\"position: absolute; left: -50px; top: 4.31534px;\">\n<div class=\"gtx-trans-icon\"><\/div>\n<\/div>\n<\/div><\/section><\/div><div class=\"flex_column av_one_full  flex_column_div av-zero-column-padding first  avia-builder-el-4  el_after_av_one_full  el_before_av_hr  column-top-margin\" style='border-radius:0px; '><section class=\"av_textblock_section \"  itemscope=\"itemscope\" itemtype=\"https:\/\/schema.org\/BlogPosting\" itemprop=\"blogPost\" ><div class='avia_textblock  '   itemprop=\"text\" ><p style=\"text-align: justify;\">En un ambiente totalmente grato, donde el dialogo cordial estuvo en todo momento, se desarroll\u00f3 una reuni\u00f3n entre la Senadora Ximena Ordenes y las agrupaciones de Mujeres Campesinas de Puerto Ays\u00e9n, \u201cLas Maravillas\u201d, Comit\u00e9 Hortofrut\u00edcola y la Asociaci\u00f3n Gremial de Peque\u00f1os Agricultores.<\/p>\n<p style=\"text-align: justify;\">En este encuentro estuvo tambi\u00e9n el jefe de \u00e1rea de Indap, Sebasti\u00e1n Monsalve y el Concejal Jorge Figueroa. Las inquietudes de las participantes fueron resueltas por las autoridades, dando cuenta tambi\u00e9n de algunas necesidades y gestiones para continuar dando valor al mundo campesino.<\/p>\n<p style=\"text-align: justify;\">La Senadora, Ximena Ordenes Neira, luego de escuchar atentamente lo planteado por las organizaciones, cree que uno de los espacios que se requiere implementar en Puerto Ays\u00e9n es una feria hort\u00edcola, que re\u00fana a todas las mujeres que se desempe\u00f1an en esta esforzada labor del trabajo a la tierra.<\/p>\n<p style=\"text-align: justify;\">\u201cHay un desaf\u00edo en Ays\u00e9n, de que se cuente con una feria hort\u00edcola, o sea, est\u00e1n las organizaciones, est\u00e1 la producci\u00f3n y se requiere de un espacio para poder postular a proyectos. Es urgente que cuenten tambi\u00e9n con consultores, esta es una realidad donde ya conocemos experiencias de esa naturaleza y funciona bien, sobre todo si son consultores permanentes, no solo aquellos que est\u00e1n en un registro, sino que sean parte del staff de los servicios. Con esto la idea es, hacer viable los proyectos, porque los campesinos, los agricultores, hombres y mujeres, est\u00e1n dedicados a su actividad, pero a veces, la brecha es la realizaci\u00f3n y el dise\u00f1o de un proyecto, quedando fuera y se pierden oportunidades por no haber estado presente un profesional que oriente su tarea, que visibilice y exprese finalmente un proyecto que pueda ser postulado en materia de pol\u00edticas p\u00fablicas. As\u00ed es que, la idea es que podamos apoyar en eso\u201d.<\/p>\n<p style=\"text-align: justify;\">Una positiva evaluaci\u00f3n de la reuni\u00f3n con la Parlamentaria efectu\u00f3 la presidenta de la A.G. de Peque\u00f1os Agricultores de Puerto Ays\u00e9n, Mar\u00eda Antonieta R\u00edos. \u201cMuy interesante, ya que nos reunimos las tres asociaciones que est\u00e1n ac\u00e1 que son, Las Maravillas, Las Hort\u00edcolas y nosotros. Planteamos las necesidades que tenemos y que cosas podemos mejorar en conjunto, adem\u00e1s, tuvimos la presencia del encargado de Indap, \u00e9l nos orient\u00f3 y nos ayuda siempre. Tenemos la ayuda de la Senadora, ella se comprometi\u00f3 de ver a nivel central si nos pueden ayudar, ya que, tenemos varias falencias, entre ellas, un consultor que no tenemos en Ays\u00e9n y nosotros queremos trabajar la lana, por lo menos nuestra A.G. est\u00e1 orientada en eso\u201d.<\/p>\n<p style=\"text-align: justify;\">Por su parte, Mirta Vargas, de la Feria Hort\u00edcola de Ays\u00e9n, agradeci\u00f3 la reuni\u00f3n sostenida con la Senadora Ximena Ordenes, donde existi\u00f3 una amplia disposici\u00f3n al dialogo, resalt\u00f3. \u201cLe agradezco a la Senadora que haya propiciado esta instancia para conversar con nosotras las campesinas, sobre nuestras necesidades, sobre todo lo que se viene a futuro, porque el cambio clim\u00e1tico nos ha afectado bastante. El tema del agua, que este verano que pas\u00f3 ya quedamos sin este vital elemento, tambi\u00e9n algunas plagas que no conoc\u00edamos y que ahora hay, todo relacionado con el cambio clim\u00e1tico. Adem\u00e1s, muchas necesidades con el tema de la lana, dos a\u00f1os que no la podemos vender, por el tema de la pandemia, en fin, muchas necesidades que tenemos como campesinas y que bueno que la Senadora haya dado esta instancia para conversar sobre nuestras necesidades. Tambi\u00e9n la asesor\u00eda t\u00e9cnica, los consultores que nosotros convers\u00e1bamos que se necesitan, que antes hubo y que hoy por falta de financiamiento ya no hay\u201d.<\/p>\n<p style=\"text-align: justify;\">El dialogo y el nexo entre la Senadora Ximena Ordenes y las agrupaciones de Mujeres Campesinas de Puerto Ays\u00e9n, se mantiene y pr\u00f3ximamente se volver\u00e1n a reunir para abordar nuevas tem\u00e1ticas y reforzar aquellas que han no logrado alg\u00fan avance.<\/p>\n<\/div><\/section><\/div><div  style='height:50px' class='hr hr-invisible   avia-builder-el-6  el_after_av_one_full  el_before_av_social_share '><span class='hr-inner ' ><span class='hr-inner-style'><\/span><\/span><\/div><\/p>\n<div  class='av-social-sharing-box  avia-builder-el-7  el_after_av_hr  el_before_av_hr  '><div class='av-share-box'><h5 class='av-share-link-description av-no-toc '>Compartir esta noticia<\/h5><ul class='av-share-box-list noLightbox'><li class='av-share-link av-social-link-facebook' ><a target=\"_blank\" aria-label=\"Compartir en Facebook\" href='https:\/\/www.facebook.com\/sharer.php?u=https:\/\/radiorevelacionfm.cl\/?p=16604&#038;t=Agrupaciones%20de%20Mujeres%20Campesinas%20valoran%20dialogo%20y%20acuerdos%20con%20Senadora%20Ximena%20Ordenes' aria-hidden='false' data-av_icon='\ue8f3' data-av_iconfont='entypo-fontello' title='' data-avia-related-tooltip='Compartir en Facebook' rel=\"noopener\"><span class='avia_hidden_link_text'>Compartir en Facebook<\/span><\/a><\/li><li class='av-share-link av-social-link-twitter' ><a target=\"_blank\" aria-label=\"Compartir en Twitter\" href='https:\/\/twitter.com\/share?text=Agrupaciones%20de%20Mujeres%20Campesinas%20valoran%20dialogo%20y%20acuerdos%20con%20Senadora%20Ximena%20Ordenes&#038;url=https:\/\/radiorevelacionfm.cl\/?p=16604' aria-hidden='false' data-av_icon='\ue8f1' data-av_iconfont='entypo-fontello' title='' data-avia-related-tooltip='Compartir en Twitter' rel=\"noopener\"><span class='avia_hidden_link_text'>Compartir en Twitter<\/span><\/a><\/li><li class='av-share-link av-social-link-whatsapp' ><a target=\"_blank\" aria-label=\"Compartir en Whatsapp\" href='https:\/\/api.whatsapp.com\/send?text=https:\/\/radiorevelacionfm.cl\/?p=16604' aria-hidden='false' data-av_icon='\uf232' data-av_iconfont='entypo-fontello' title='' data-avia-related-tooltip='Compartir en Whatsapp' rel=\"noopener\"><span class='avia_hidden_link_text'>Compartir en Whatsapp<\/span><\/a><\/li><li class='av-share-link av-social-link-linkedin' ><a target=\"_blank\" aria-label=\"Compartir en LinkedIn\" href='https:\/\/linkedin.com\/shareArticle?mini=true&#038;title=Agrupaciones%20de%20Mujeres%20Campesinas%20valoran%20dialogo%20y%20acuerdos%20con%20Senadora%20Ximena%20Ordenes&#038;url=https:\/\/radiorevelacionfm.cl\/?p=16604' aria-hidden='false' data-av_icon='\ue8fc' data-av_iconfont='entypo-fontello' title='' data-avia-related-tooltip='Compartir en LinkedIn' rel=\"noopener\"><span class='avia_hidden_link_text'>Compartir en LinkedIn<\/span><\/a><\/li><li class='av-share-link av-social-link-mail' ><a  aria-label=\"Compartir por correo\" href='mailto:?subject=Agrupaciones%20de%20Mujeres%20Campesinas%20valoran%20dialogo%20y%20acuerdos%20con%20Senadora%20Ximena%20Ordenes&#038;body=https:\/\/radiorevelacionfm.cl\/?p=16604' aria-hidden='false' data-av_icon='\ue805' data-av_iconfont='entypo-fontello' title='' data-avia-related-tooltip='Compartir por correo'><span class='avia_hidden_link_text'>Compartir por correo<\/span><\/a><\/li><\/ul><\/div><\/div>\n<div  style='height:50px' class='hr hr-invisible   avia-builder-el-8  el_after_av_social_share  el_before_av_comments_list '><span class='hr-inner ' ><span class='hr-inner-style'><\/span><\/span><\/div>\n<div  class='av-buildercomment  av-blog-meta-html-info-disabled av-blog-meta-tag-disabled  '><\/div>\n","protected":false},"excerpt":{"rendered":"","protected":false},"author":1,"featured_media":16605,"comment_status":"open","ping_status":"open","sticky":false,"template":"","format":"standard","meta":{"footnotes":""},"categories":[35],"tags":[],"class_list":["post-16604","post","type-post","status-publish","format-standard","has-post-thumbnail","hentry","category-politica"],"jetpack_featured_media_url":"https:\/\/radiorevelacionfm.cl\/wp-content\/uploads\/2022\/05\/reunion-agrupaciones-aysen-2-1-1.jpg","_links":{"self":[{"href":"https:\/\/radiorevelacionfm.cl\/index.php?rest_route=\/wp\/v2\/posts\/16604","targetHints":{"allow":["GET"]}}],"collection":[{"href":"https:\/\/radiorevelacionfm.cl\/index.php?rest_route=\/wp\/v2\/posts"}],"about":[{"href":"https:\/\/radiorevelacionfm.cl\/index.php?rest_route=\/wp\/v2\/types\/post"}],"author":[{"embeddable":true,"href":"https:\/\/radiorevelacionfm.cl\/index.php?rest_route=\/wp\/v2\/users\/1"}],"replies":[{"embeddable":true,"href":"https:\/\/radiorevelacionfm.cl\/index.php?rest_route=%2Fwp%2Fv2%2Fcomments&post=16604"}],"version-history":[{"count":2,"href":"https:\/\/radiorevelacionfm.cl\/index.php?rest_route=\/wp\/v2\/posts\/16604\/revisions"}],"predecessor-version":[{"id":16607,"href":"https:\/\/radiorevelacionfm.cl\/index.php?rest_route=\/wp\/v2\/posts\/16604\/revisions\/16607"}],"wp:featuredmedia":[{"embeddable":true,"href":"https:\/\/radiorevelacionfm.cl\/index.php?rest_route=\/wp\/v2\/media\/16605"}],"wp:attachment":[{"href":"https:\/\/radiorevelacionfm.cl\/index.php?rest_route=%2Fwp%2Fv2%2Fmedia&parent=16604"}],"wp:term":[{"taxonomy":"category","embeddable":true,"href":"https:\/\/radiorevelacionfm.cl\/index.php?rest_route=%2Fwp%2Fv2%2Fcategories&post=16604"},{"taxonomy":"post_tag","embeddable":true,"href":"https:\/\/radiorevelacionfm.cl\/index.php?rest_route=%2Fwp%2Fv2%2Ftags&post=16604"}],"curies":[{"name":"wp","href":"https:\/\/api.w.org\/{rel}","templated":true}]}}