{"id":16600,"date":"2022-05-06T17:47:28","date_gmt":"2022-05-06T20:47:28","guid":{"rendered":"https:\/\/radiorevelacionfm.cl\/?p=16600"},"modified":"2022-05-06T17:47:28","modified_gmt":"2022-05-06T20:47:28","slug":"sernapesca-informa-cierre-de-temporada-de-pesca-recreativa-de-salmonidos-en-aguas-continentales","status":"publish","type":"post","link":"https:\/\/radiorevelacionfm.cl\/?p=16600","title":{"rendered":"SERNAPESCA informa cierre de temporada de pesca recreativa de salm\u00f3nidos en aguas continentales"},"content":{"rendered":"<div class=\"flex_column av_one_full  flex_column_div av-zero-column-padding first  avia-builder-el-0  el_before_av_one_full  avia-builder-el-first  \" style='border-radius:0px; '><div  class='avia-image-container  av-styling-    avia-builder-el-1  avia-builder-el-no-sibling  avia-align-center '  itemprop=\"image\" itemscope=\"itemscope\" itemtype=\"https:\/\/schema.org\/ImageObject\"  ><div class='avia-image-container-inner'><div class='avia-image-overlay-wrap'><img decoding=\"async\" class='wp-image-16601 avia-img-lazy-loading-not-16601 avia_image' src=\"https:\/\/radiorevelacionfm.cl\/wp-content\/uploads\/2022\/05\/1-94-1.jpg\" alt='' title='1 (94) (1)' height=\"600\" width=\"754\"  itemprop=\"thumbnailUrl\" srcset=\"https:\/\/radiorevelacionfm.cl\/wp-content\/uploads\/2022\/05\/1-94-1.jpg 754w, https:\/\/radiorevelacionfm.cl\/wp-content\/uploads\/2022\/05\/1-94-1-300x239.jpg 300w, https:\/\/radiorevelacionfm.cl\/wp-content\/uploads\/2022\/05\/1-94-1-705x561.jpg 705w, https:\/\/radiorevelacionfm.cl\/wp-content\/uploads\/2022\/05\/1-94-1-600x477.jpg 600w\" sizes=\"(max-width: 754px) 100vw, 754px\" \/><\/div><\/div><\/div><\/div><div class=\"flex_column av_one_full  flex_column_div av-zero-column-padding first  avia-builder-el-2  el_after_av_one_full  el_before_av_one_full  column-top-margin\" style='border-radius:0px; '><section class=\"av_textblock_section \"  itemscope=\"itemscope\" itemtype=\"https:\/\/schema.org\/BlogPosting\" itemprop=\"blogPost\" ><div class='avia_textblock  '   itemprop=\"text\" ><p style=\"text-align: center;\"><span style=\"font-size: 18pt;\"><b>SERNAPESCA informa cierre de temporada de pesca recreativa de salm\u00f3nidos en aguas continentales<\/b><\/span><\/p>\n<div id=\"gtx-trans\" style=\"position: absolute; left: -50px; top: 4.31534px;\">\n<div class=\"gtx-trans-icon\"><\/div>\n<\/div>\n<\/div><\/section><\/div><div class=\"flex_column av_one_full  flex_column_div av-zero-column-padding first  avia-builder-el-4  el_after_av_one_full  el_before_av_hr  column-top-margin\" style='border-radius:0px; '><section class=\"av_textblock_section \"  itemscope=\"itemscope\" itemtype=\"https:\/\/schema.org\/BlogPosting\" itemprop=\"blogPost\" ><div class='avia_textblock  '   itemprop=\"text\" ><p style=\"font-weight: 400; text-align: justify;\">El Servicio Nacional de Pesca y Acuicultura (SERNAPESCA) informa que el viernes 06 de mayo finaliza la temporada de pesca recreativa\u00a0de salm\u00f3nidos\u00a02021 \u2013 2022 en la regi\u00f3n de Ays\u00e9n.\u00a0La\u00a0Resoluci\u00f3n Exenta N\u00b0 28\/2020 establece que la temporada de pesca recreativa de especies salm\u00f3nidas en r\u00edos, lagos y lagunas tiene fechas definidas para su inicio y cierre, siendo\u00a0\u00e9stas\u00a0entre el 12 de\u00a0octubre y 06 de mayo.<\/p>\n<p style=\"font-weight: 400; text-align: justify;\">El\u00a0t\u00e9rmino de la temporada\u00a0se debe al inicio de\u00a0la veda biol\u00f3gica de los salm\u00f3nidos, por lo tanto queda prohibida su captura o extracci\u00f3n con el fin de resguardar los procesos de reproducci\u00f3n de las especies hidrobiol\u00f3gicas,\u00a0y de este modo cuidar una de las actividades m\u00e1s importantes para el turismo de la regi\u00f3n.<\/p>\n<p style=\"font-weight: 400; text-align: justify;\">En el marco del Programa Especial de Aguas Continentales de SERNAPESCA, que opera en la macrozona sur y austral, que busca resguardar la sustentabilidad de la pesca recreativa, la Instituci\u00f3n fiscalizadora reforzar\u00e1 sus acciones de control en r\u00edos, lagunas, lagos y, particularmente en zonas de desove, con el objetivo de proteger los procesos de reproducci\u00f3n. Para ello, genera acciones de coordinaci\u00f3n con otras instituciones fiscalizadoras de la Ley de Pesca Recreativa, lo que permite una amplia cobertura territorial.<\/p>\n<p style=\"font-weight: 400; text-align: justify;\">\u201cLa temporada finaliza el primer domingo de mayo, no obstante, hay regiones como la nuestra, que tienen regulaciones especiales para sus cuerpos de agua o por especies, quedando s\u00f3lo habilitada la extracci\u00f3n bajo la modalidad de pesca recreativa en el mar, siempre y cuando las personas que realicen esta actividad cuenten con su respectiva licencia de pesca recreativa,\u201d agreg\u00f3 Cristian Hudson, Director Regional de Sernapesca Ays\u00e9n.<\/p>\n<p style=\"font-weight: 400; text-align: justify;\">Finalmente desde SERNAPESCA invitan a denunciar las actividades de pesca\u00a0ilegal\u00a0de manera segura y an\u00f3nima al tel\u00e9fono 800 320 032, n\u00famero gratuito.<\/p>\n<\/div><\/section><\/div><div  style='height:50px' class='hr hr-invisible   avia-builder-el-6  el_after_av_one_full  el_before_av_social_share '><span class='hr-inner ' ><span class='hr-inner-style'><\/span><\/span><\/div><\/p>\n<div  class='av-social-sharing-box  avia-builder-el-7  el_after_av_hr  el_before_av_hr  '><div class='av-share-box'><h5 class='av-share-link-description av-no-toc '>Compartir esta noticia<\/h5><ul class='av-share-box-list noLightbox'><li class='av-share-link av-social-link-facebook' ><a target=\"_blank\" aria-label=\"Compartir en Facebook\" href='https:\/\/www.facebook.com\/sharer.php?u=https:\/\/radiorevelacionfm.cl\/?p=16600&#038;t=SERNAPESCA%20informa%20cierre%20de%20temporada%20de%20pesca%20recreativa%20de%20salm%C3%B3nidos%20en%20aguas%20continentales' aria-hidden='false' data-av_icon='\ue8f3' data-av_iconfont='entypo-fontello' title='' data-avia-related-tooltip='Compartir en Facebook' rel=\"noopener\"><span class='avia_hidden_link_text'>Compartir en Facebook<\/span><\/a><\/li><li class='av-share-link av-social-link-twitter' ><a target=\"_blank\" aria-label=\"Compartir en Twitter\" href='https:\/\/twitter.com\/share?text=SERNAPESCA%20informa%20cierre%20de%20temporada%20de%20pesca%20recreativa%20de%20salm%C3%B3nidos%20en%20aguas%20continentales&#038;url=https:\/\/radiorevelacionfm.cl\/?p=16600' aria-hidden='false' data-av_icon='\ue8f1' data-av_iconfont='entypo-fontello' title='' data-avia-related-tooltip='Compartir en Twitter' rel=\"noopener\"><span class='avia_hidden_link_text'>Compartir en Twitter<\/span><\/a><\/li><li class='av-share-link av-social-link-whatsapp' ><a target=\"_blank\" aria-label=\"Compartir en Whatsapp\" href='https:\/\/api.whatsapp.com\/send?text=https:\/\/radiorevelacionfm.cl\/?p=16600' aria-hidden='false' data-av_icon='\uf232' data-av_iconfont='entypo-fontello' title='' data-avia-related-tooltip='Compartir en Whatsapp' rel=\"noopener\"><span class='avia_hidden_link_text'>Compartir en Whatsapp<\/span><\/a><\/li><li class='av-share-link av-social-link-linkedin' ><a target=\"_blank\" aria-label=\"Compartir en LinkedIn\" href='https:\/\/linkedin.com\/shareArticle?mini=true&#038;title=SERNAPESCA%20informa%20cierre%20de%20temporada%20de%20pesca%20recreativa%20de%20salm%C3%B3nidos%20en%20aguas%20continentales&#038;url=https:\/\/radiorevelacionfm.cl\/?p=16600' aria-hidden='false' data-av_icon='\ue8fc' data-av_iconfont='entypo-fontello' title='' data-avia-related-tooltip='Compartir en LinkedIn' rel=\"noopener\"><span class='avia_hidden_link_text'>Compartir en LinkedIn<\/span><\/a><\/li><li class='av-share-link av-social-link-mail' ><a  aria-label=\"Compartir por correo\" href='mailto:?subject=SERNAPESCA%20informa%20cierre%20de%20temporada%20de%20pesca%20recreativa%20de%20salm%C3%B3nidos%20en%20aguas%20continentales&#038;body=https:\/\/radiorevelacionfm.cl\/?p=16600' aria-hidden='false' data-av_icon='\ue805' data-av_iconfont='entypo-fontello' title='' data-avia-related-tooltip='Compartir por correo'><span class='avia_hidden_link_text'>Compartir por correo<\/span><\/a><\/li><\/ul><\/div><\/div>\n<div  style='height:50px' class='hr hr-invisible   avia-builder-el-8  el_after_av_social_share  el_before_av_comments_list '><span class='hr-inner ' ><span class='hr-inner-style'><\/span><\/span><\/div>\n<div  class='av-buildercomment  av-blog-meta-html-info-disabled av-blog-meta-tag-disabled  '><\/div>\n","protected":false},"excerpt":{"rendered":"","protected":false},"author":1,"featured_media":16601,"comment_status":"open","ping_status":"open","sticky":false,"template":"","format":"standard","meta":{"footnotes":""},"categories":[60],"tags":[],"class_list":["post-16600","post","type-post","status-publish","format-standard","has-post-thumbnail","hentry","category-pesca"],"jetpack_featured_media_url":"https:\/\/radiorevelacionfm.cl\/wp-content\/uploads\/2022\/05\/1-94-1.jpg","_links":{"self":[{"href":"https:\/\/radiorevelacionfm.cl\/index.php?rest_route=\/wp\/v2\/posts\/16600","targetHints":{"allow":["GET"]}}],"collection":[{"href":"https:\/\/radiorevelacionfm.cl\/index.php?rest_route=\/wp\/v2\/posts"}],"about":[{"href":"https:\/\/radiorevelacionfm.cl\/index.php?rest_route=\/wp\/v2\/types\/post"}],"author":[{"embeddable":true,"href":"https:\/\/radiorevelacionfm.cl\/index.php?rest_route=\/wp\/v2\/users\/1"}],"replies":[{"embeddable":true,"href":"https:\/\/radiorevelacionfm.cl\/index.php?rest_route=%2Fwp%2Fv2%2Fcomments&post=16600"}],"version-history":[{"count":2,"href":"https:\/\/radiorevelacionfm.cl\/index.php?rest_route=\/wp\/v2\/posts\/16600\/revisions"}],"predecessor-version":[{"id":16603,"href":"https:\/\/radiorevelacionfm.cl\/index.php?rest_route=\/wp\/v2\/posts\/16600\/revisions\/16603"}],"wp:featuredmedia":[{"embeddable":true,"href":"https:\/\/radiorevelacionfm.cl\/index.php?rest_route=\/wp\/v2\/media\/16601"}],"wp:attachment":[{"href":"https:\/\/radiorevelacionfm.cl\/index.php?rest_route=%2Fwp%2Fv2%2Fmedia&parent=16600"}],"wp:term":[{"taxonomy":"category","embeddable":true,"href":"https:\/\/radiorevelacionfm.cl\/index.php?rest_route=%2Fwp%2Fv2%2Fcategories&post=16600"},{"taxonomy":"post_tag","embeddable":true,"href":"https:\/\/radiorevelacionfm.cl\/index.php?rest_route=%2Fwp%2Fv2%2Ftags&post=16600"}],"curies":[{"name":"wp","href":"https:\/\/api.w.org\/{rel}","templated":true}]}}