{"id":16584,"date":"2022-05-06T16:52:38","date_gmt":"2022-05-06T19:52:38","guid":{"rendered":"https:\/\/radiorevelacionfm.cl\/?p=16584"},"modified":"2022-05-06T16:52:38","modified_gmt":"2022-05-06T19:52:38","slug":"delegacion-presidencial-provincial-de-general-carrera-coordina-traslado-de-pacientes-de-rio-ibanez-a-clinica-municipal-de-chile-chico","status":"publish","type":"post","link":"https:\/\/radiorevelacionfm.cl\/?p=16584","title":{"rendered":"Delegaci\u00f3n Presidencial Provincial de General Carrera coordina traslado de pacientes de R\u00edo Ib\u00e1\u00f1ez a cl\u00ednica municipal de Chile Chico"},"content":{"rendered":"<div class=\"flex_column av_one_full  flex_column_div av-zero-column-padding first  avia-builder-el-0  el_before_av_one_full  avia-builder-el-first  \" style='border-radius:0px; '><div  class='avia-image-container  av-styling-    avia-builder-el-1  avia-builder-el-no-sibling  avia-align-center '  itemprop=\"image\" itemscope=\"itemscope\" itemtype=\"https:\/\/schema.org\/ImageObject\"  ><div class='avia-image-container-inner'><div class='avia-image-overlay-wrap'><img decoding=\"async\" class='wp-image-16585 avia-img-lazy-loading-not-16585 avia_image' src=\"https:\/\/radiorevelacionfm.cl\/wp-content\/uploads\/2022\/05\/WhatsApp-Image-2022-05-05-at-3.02.47-PM-1-1.jpeg\" alt='' title='WhatsApp Image 2022-05-05 at 3.02.47 PM (1) (1)' height=\"600\" width=\"800\"  itemprop=\"thumbnailUrl\" srcset=\"https:\/\/radiorevelacionfm.cl\/wp-content\/uploads\/2022\/05\/WhatsApp-Image-2022-05-05-at-3.02.47-PM-1-1.jpeg 800w, https:\/\/radiorevelacionfm.cl\/wp-content\/uploads\/2022\/05\/WhatsApp-Image-2022-05-05-at-3.02.47-PM-1-1-300x225.jpeg 300w, https:\/\/radiorevelacionfm.cl\/wp-content\/uploads\/2022\/05\/WhatsApp-Image-2022-05-05-at-3.02.47-PM-1-1-768x576.jpeg 768w, https:\/\/radiorevelacionfm.cl\/wp-content\/uploads\/2022\/05\/WhatsApp-Image-2022-05-05-at-3.02.47-PM-1-1-705x529.jpeg 705w, https:\/\/radiorevelacionfm.cl\/wp-content\/uploads\/2022\/05\/WhatsApp-Image-2022-05-05-at-3.02.47-PM-1-1-600x450.jpeg 600w\" sizes=\"(max-width: 800px) 100vw, 800px\" \/><\/div><\/div><\/div><\/div><div class=\"flex_column av_one_full  flex_column_div av-zero-column-padding first  avia-builder-el-2  el_after_av_one_full  el_before_av_one_full  column-top-margin\" style='border-radius:0px; '><section class=\"av_textblock_section \"  itemscope=\"itemscope\" itemtype=\"https:\/\/schema.org\/BlogPosting\" itemprop=\"blogPost\" ><div class='avia_textblock  '   itemprop=\"text\" ><p style=\"text-align: center;\"><span style=\"font-size: 18pt;\"><strong>Delegaci\u00f3n Presidencial Provincial de General Carrera coordina traslado de pacientes de R\u00edo Ib\u00e1\u00f1ez a cl\u00ednica municipal de Chile Chico<\/strong><\/span><\/p>\n<div id=\"gtx-trans\" style=\"position: absolute; left: -50px; top: 4.31534px;\">\n<div class=\"gtx-trans-icon\"><\/div>\n<\/div>\n<\/div><\/section><\/div><div class=\"flex_column av_one_full  flex_column_div av-zero-column-padding first  avia-builder-el-4  el_after_av_one_full  el_before_av_hr  column-top-margin\" style='border-radius:0px; '><section class=\"av_textblock_section \"  itemscope=\"itemscope\" itemtype=\"https:\/\/schema.org\/BlogPosting\" itemprop=\"blogPost\" ><div class='avia_textblock  '   itemprop=\"text\" ><p style=\"text-align: justify;\">Hace algunas semanas se acord\u00f3 entre el Municipio de Chile Chico y la Delegaci\u00f3n Presidencial Provincial de General Carrera la colaboraci\u00f3n mutua para alcanzar pacientes en toda la cuenca del lago General Carrera que deseen, preventivamente, realizarse mamograf\u00edas, esc\u00e1neres abdominales y otros test de salud en la Cl\u00ednica Municipal de la ciudad del sol.<\/p>\n<p style=\"text-align: justify;\">Este jueves se logr\u00f3 coordinar el primer traslado gratuito de pacientes desde la comuna de R\u00edo Ib\u00e1\u00f1ez, particularmente de Bah\u00eda Murta y Puerto Tranquilo, hacia Chile Chico. En total fueron ocho personas de ambas localidades que pudieron acceder a tratamientos m\u00e9dicos claves en la prevenci\u00f3n de enfermedades gracias este trabajo conjunto en que la Municipalidad de Chile Chico facilit\u00f3 sus espacios y personal para vecinos de otra comuna.<\/p>\n<p style=\"text-align: justify;\">Berta Aguilar de Puerto R\u00edo Tranquilo y paciente que esperaba por mamograf\u00eda, coment\u00f3 sobre la dificultad de conseguir horas m\u00e9dicas en otro lugar y lo caro que resulta realzar este proceso de manera particular. Sobre el operativo opin\u00f3 que\u00a0 \u201cme parece excelente porque adem\u00e1s entregaron movilizaci\u00f3n, o sea, uno llega ac\u00e1 con toda la comodidad, la cl\u00ednica hermosa, buena atenci\u00f3n y es todo como m\u00e1s r\u00e1pido (que ir a Coyhaique), se agiliz\u00f3 todo el proceso\u201d adem\u00e1s agreg\u00f3 que \u201cme gustar\u00eda seguir participando y as\u00ed como yo tanta gente (\u2026) se ampl\u00edan las posibilidades para otros pacientes que, a veces, est\u00e1n esperando mucho tiempo y que si se genera esta oportunidad y esta conexi\u00f3n excelente\u201d cerr\u00f3 la tranquilina.<\/p>\n<p style=\"text-align: justify;\">Adicionalmente, los pacientes fueron recibidos en las dependencias de la DPP donde compartieron un almuerzo con el Delegado Fern\u00e1ndez M\u00e1rquez antes de volver en la misma jornada hacia sus hogares.<\/p>\n<p style=\"text-align: justify;\">Por su parte el Delegado Presidencial Provincial de General Carrera, Daniel Fern\u00e1ndez se refiri\u00f3 al tema se\u00f1alando que \u201cEstamos muy contentos de haber podido colaborar a la disminuci\u00f3n en la lista de espera, precisamente, de pacientes de nuestra provincia que necesitan hacerse ex\u00e1menes m\u00e9dicos como las mamograf\u00edas. En este caso la cl\u00ednica municipal de Chile Chico nos apoy\u00f3 para que ocho usuarios de Puerto Tranquilo y Bah\u00eda Murta pudieran hacerse ex\u00e1menes m\u00e9dicos\u201d a lo que sum\u00f3 que \u201cestamos muy contentos como delegaci\u00f3n de haber podido coordinar esta actividad, muy agradecido del municipio tambi\u00e9n por su colaboraci\u00f3n y replicaremos estas actividades porque siempre la salud de las personas es lo primero\u201d<\/p>\n<p style=\"text-align: justify;\">Durante la pr\u00f3xima semana se realizar\u00e1 un operativo de similares caracter\u00edsticas para las localidades Villa Cerro Castillo y Puerto Ingeniero Ib\u00e1\u00f1ez a fin de entregar soluciones en salud para todos los habitantes de la provincia de General Carrera.<\/p>\n<\/div><\/section><\/div><div  style='height:50px' class='hr hr-invisible   avia-builder-el-6  el_after_av_one_full  el_before_av_social_share '><span class='hr-inner ' ><span class='hr-inner-style'><\/span><\/span><\/div><\/p>\n<div  class='av-social-sharing-box  avia-builder-el-7  el_after_av_hr  el_before_av_hr  '><div class='av-share-box'><h5 class='av-share-link-description av-no-toc '>Compartir esta noticia<\/h5><ul class='av-share-box-list noLightbox'><li class='av-share-link av-social-link-facebook' ><a target=\"_blank\" aria-label=\"Compartir en Facebook\" href='https:\/\/www.facebook.com\/sharer.php?u=https:\/\/radiorevelacionfm.cl\/?p=16584&#038;t=Delegaci%C3%B3n%20Presidencial%20Provincial%20de%20General%20Carrera%20coordina%20traslado%20de%20pacientes%20de%20R%C3%ADo%20Ib%C3%A1%C3%B1ez%20a%20cl%C3%ADnica%20municipal%20de%20Chile%20Chico' aria-hidden='false' data-av_icon='\ue8f3' data-av_iconfont='entypo-fontello' title='' data-avia-related-tooltip='Compartir en Facebook' rel=\"noopener\"><span class='avia_hidden_link_text'>Compartir en Facebook<\/span><\/a><\/li><li class='av-share-link av-social-link-twitter' ><a target=\"_blank\" aria-label=\"Compartir en Twitter\" href='https:\/\/twitter.com\/share?text=Delegaci%C3%B3n%20Presidencial%20Provincial%20de%20General%20Carrera%20coordina%20traslado%20de%20pacientes%20de%20R%C3%ADo%20Ib%C3%A1%C3%B1ez%20a%20cl%C3%ADnica%20municipal%20de%20Chile%20Chico&#038;url=https:\/\/radiorevelacionfm.cl\/?p=16584' aria-hidden='false' data-av_icon='\ue8f1' data-av_iconfont='entypo-fontello' title='' data-avia-related-tooltip='Compartir en Twitter' rel=\"noopener\"><span class='avia_hidden_link_text'>Compartir en Twitter<\/span><\/a><\/li><li class='av-share-link av-social-link-whatsapp' ><a target=\"_blank\" aria-label=\"Compartir en Whatsapp\" href='https:\/\/api.whatsapp.com\/send?text=https:\/\/radiorevelacionfm.cl\/?p=16584' aria-hidden='false' data-av_icon='\uf232' data-av_iconfont='entypo-fontello' title='' data-avia-related-tooltip='Compartir en Whatsapp' rel=\"noopener\"><span class='avia_hidden_link_text'>Compartir en Whatsapp<\/span><\/a><\/li><li class='av-share-link av-social-link-linkedin' ><a target=\"_blank\" aria-label=\"Compartir en LinkedIn\" href='https:\/\/linkedin.com\/shareArticle?mini=true&#038;title=Delegaci%C3%B3n%20Presidencial%20Provincial%20de%20General%20Carrera%20coordina%20traslado%20de%20pacientes%20de%20R%C3%ADo%20Ib%C3%A1%C3%B1ez%20a%20cl%C3%ADnica%20municipal%20de%20Chile%20Chico&#038;url=https:\/\/radiorevelacionfm.cl\/?p=16584' aria-hidden='false' data-av_icon='\ue8fc' data-av_iconfont='entypo-fontello' title='' data-avia-related-tooltip='Compartir en LinkedIn' rel=\"noopener\"><span class='avia_hidden_link_text'>Compartir en LinkedIn<\/span><\/a><\/li><li class='av-share-link av-social-link-mail' ><a  aria-label=\"Compartir por correo\" href='mailto:?subject=Delegaci%C3%B3n%20Presidencial%20Provincial%20de%20General%20Carrera%20coordina%20traslado%20de%20pacientes%20de%20R%C3%ADo%20Ib%C3%A1%C3%B1ez%20a%20cl%C3%ADnica%20municipal%20de%20Chile%20Chico&#038;body=https:\/\/radiorevelacionfm.cl\/?p=16584' aria-hidden='false' data-av_icon='\ue805' data-av_iconfont='entypo-fontello' title='' data-avia-related-tooltip='Compartir por correo'><span class='avia_hidden_link_text'>Compartir por correo<\/span><\/a><\/li><\/ul><\/div><\/div>\n<div  style='height:50px' class='hr hr-invisible   avia-builder-el-8  el_after_av_social_share  el_before_av_comments_list '><span class='hr-inner ' ><span class='hr-inner-style'><\/span><\/span><\/div>\n<div  class='av-buildercomment  av-blog-meta-html-info-disabled av-blog-meta-tag-disabled  '><\/div>\n","protected":false},"excerpt":{"rendered":"","protected":false},"author":1,"featured_media":16585,"comment_status":"open","ping_status":"open","sticky":false,"template":"","format":"standard","meta":{"footnotes":""},"categories":[38,46],"tags":[],"class_list":["post-16584","post","type-post","status-publish","format-standard","has-post-thumbnail","hentry","category-regional","category-salud"],"jetpack_featured_media_url":"https:\/\/radiorevelacionfm.cl\/wp-content\/uploads\/2022\/05\/WhatsApp-Image-2022-05-05-at-3.02.47-PM-1-1.jpeg","_links":{"self":[{"href":"https:\/\/radiorevelacionfm.cl\/index.php?rest_route=\/wp\/v2\/posts\/16584","targetHints":{"allow":["GET"]}}],"collection":[{"href":"https:\/\/radiorevelacionfm.cl\/index.php?rest_route=\/wp\/v2\/posts"}],"about":[{"href":"https:\/\/radiorevelacionfm.cl\/index.php?rest_route=\/wp\/v2\/types\/post"}],"author":[{"embeddable":true,"href":"https:\/\/radiorevelacionfm.cl\/index.php?rest_route=\/wp\/v2\/users\/1"}],"replies":[{"embeddable":true,"href":"https:\/\/radiorevelacionfm.cl\/index.php?rest_route=%2Fwp%2Fv2%2Fcomments&post=16584"}],"version-history":[{"count":2,"href":"https:\/\/radiorevelacionfm.cl\/index.php?rest_route=\/wp\/v2\/posts\/16584\/revisions"}],"predecessor-version":[{"id":16587,"href":"https:\/\/radiorevelacionfm.cl\/index.php?rest_route=\/wp\/v2\/posts\/16584\/revisions\/16587"}],"wp:featuredmedia":[{"embeddable":true,"href":"https:\/\/radiorevelacionfm.cl\/index.php?rest_route=\/wp\/v2\/media\/16585"}],"wp:attachment":[{"href":"https:\/\/radiorevelacionfm.cl\/index.php?rest_route=%2Fwp%2Fv2%2Fmedia&parent=16584"}],"wp:term":[{"taxonomy":"category","embeddable":true,"href":"https:\/\/radiorevelacionfm.cl\/index.php?rest_route=%2Fwp%2Fv2%2Fcategories&post=16584"},{"taxonomy":"post_tag","embeddable":true,"href":"https:\/\/radiorevelacionfm.cl\/index.php?rest_route=%2Fwp%2Fv2%2Ftags&post=16584"}],"curies":[{"name":"wp","href":"https:\/\/api.w.org\/{rel}","templated":true}]}}