{"id":16544,"date":"2022-05-05T17:27:33","date_gmt":"2022-05-05T20:27:33","guid":{"rendered":"https:\/\/radiorevelacionfm.cl\/?p=16544"},"modified":"2022-05-05T17:27:33","modified_gmt":"2022-05-05T20:27:33","slug":"seremis-del-trabajo-valoro-despacho-del-proyecto-de-salario-minimo-al-senado","status":"publish","type":"post","link":"https:\/\/radiorevelacionfm.cl\/?p=16544","title":{"rendered":"Seremi(s) del Trabajo valor\u00f3 despacho del proyecto de salario m\u00ednimo al Senado"},"content":{"rendered":"<div class=\"flex_column av_one_full  flex_column_div av-zero-column-padding first  avia-builder-el-0  el_before_av_one_full  avia-builder-el-first  \" style='border-radius:0px; '><div  class='avia-image-container  av-styling-    avia-builder-el-1  avia-builder-el-no-sibling  avia-align-center '  itemprop=\"image\" itemscope=\"itemscope\" itemtype=\"https:\/\/schema.org\/ImageObject\"  ><div class='avia-image-container-inner'><div class='avia-image-overlay-wrap'><img decoding=\"async\" class='wp-image-16545 avia-img-lazy-loading-not-16545 avia_image' src=\"https:\/\/radiorevelacionfm.cl\/wp-content\/uploads\/2022\/05\/Seremi-Tatiana-Pla-2-1-1.jpg\" alt='' title='Seremi Tatiana Pla (2) (1) (1)' height=\"600\" width=\"929\"  itemprop=\"thumbnailUrl\" srcset=\"https:\/\/radiorevelacionfm.cl\/wp-content\/uploads\/2022\/05\/Seremi-Tatiana-Pla-2-1-1.jpg 929w, https:\/\/radiorevelacionfm.cl\/wp-content\/uploads\/2022\/05\/Seremi-Tatiana-Pla-2-1-1-300x194.jpg 300w, https:\/\/radiorevelacionfm.cl\/wp-content\/uploads\/2022\/05\/Seremi-Tatiana-Pla-2-1-1-768x496.jpg 768w, https:\/\/radiorevelacionfm.cl\/wp-content\/uploads\/2022\/05\/Seremi-Tatiana-Pla-2-1-1-705x455.jpg 705w, https:\/\/radiorevelacionfm.cl\/wp-content\/uploads\/2022\/05\/Seremi-Tatiana-Pla-2-1-1-600x388.jpg 600w\" sizes=\"(max-width: 929px) 100vw, 929px\" \/><\/div><\/div><\/div><\/div><div class=\"flex_column av_one_full  flex_column_div av-zero-column-padding first  avia-builder-el-2  el_after_av_one_full  el_before_av_one_full  column-top-margin\" style='border-radius:0px; '><section class=\"av_textblock_section \"  itemscope=\"itemscope\" itemtype=\"https:\/\/schema.org\/BlogPosting\" itemprop=\"blogPost\" ><div class='avia_textblock  '   itemprop=\"text\" ><p style=\"text-align: center;\"><span style=\"font-size: 18pt;\"><strong>Seremi(s) del Trabajo valor\u00f3 despacho del proyecto de salario m\u00ednimo al Senado<\/strong><\/span><\/p>\n<div id=\"gtx-trans\" style=\"position: absolute; left: -50px; top: 4.31534px;\">\n<div class=\"gtx-trans-icon\"><\/div>\n<\/div>\n<\/div><\/section><\/div><div class=\"flex_column av_one_full  flex_column_div av-zero-column-padding first  avia-builder-el-4  el_after_av_one_full  el_before_av_hr  column-top-margin\" style='border-radius:0px; '><section class=\"av_textblock_section \"  itemscope=\"itemscope\" itemtype=\"https:\/\/schema.org\/BlogPosting\" itemprop=\"blogPost\" ><div class='avia_textblock  '   itemprop=\"text\" ><p style=\"text-align: justify;\">La C\u00e1mara de Diputados aprob\u00f3 ayer el proyecto que reajusta el salario m\u00ednimo a $380 mil en mayo y a $400 mil en agosto, despach\u00e1ndolo as\u00ed al segundo tr\u00e1mite en el Senado, donde seguir\u00e1 su tr\u00e1mite la pr\u00f3xima semana. La iniciativa\u00a0establece, asimismo, una cl\u00e1usula que reajustar\u00e1 autom\u00e1ticamente el monto de $400 a $410 mil en enero 2023, si la inflaci\u00f3n anual a diciembre supera el 7%.<\/p>\n<p style=\"text-align: justify;\">La Seremi (s) del Trabajo y Previsi\u00f3n Social, Tatiana Pl\u00e1 \u00c1lvarez, valor\u00f3 la aprobaci\u00f3n del reajuste, relevando que fue acordado entre el Gobierno y la Central Unitaria de Trabajadores (CUT). \u201cComo Gobierno queremos construir una relaci\u00f3n distinta con las organizaciones sociales y de peque\u00f1as y medianas empresas, con los trabajadores del sector p\u00fablico y privado, porque reconocemos su importancia. Y en ese sentido, tambi\u00e9n nos parece oportuno enfatizar en la importancia del di\u00e1logo, pues eso nos permitir\u00e1 avanzar en mejoras para las condiciones de vida de todos y todas\u201d, se\u00f1al\u00f3.<\/p>\n<p style=\"text-align: justify;\">Sobre el tr\u00e1mite en la C\u00e1mara Alta, Tatiana Pl\u00e1 a\u00f1adi\u00f3 que \u201cesperamos que sea acogido de buena forma, debatido y discutido con toda la relevancia que tiene este tema para la vida de los y las trabajadores de Chile, que hoy, adem\u00e1s, alcanzan a m\u00e1s de 830 mil personas, que est\u00e1n en ese nivel salarial\u201d.<\/p>\n<p style=\"text-align: justify;\">\u201cEn este proceso de di\u00e1logo, con responsabilidad, con gradualidad y con convicci\u00f3n vamos a seguir avanzando porque creemos, que, as\u00ed como hoy d\u00eda reajustar el salario m\u00ednimo es una ayuda concreta para las familias, la suma de las voluntades y fortalecer derechos individuales y colectivos van a ser una suma para la cohesi\u00f3n social, para m\u00e1s democracia y para la paz social\u201d, se\u00f1al\u00f3 la Ministra de Trabajo y Previsi\u00f3n Social, Jeannette Jara, en su intervenci\u00f3n en la C\u00e1mara de Diputados.<\/p>\n<p style=\"text-align: justify;\">La iniciativa, adem\u00e1s,\u00a0adelanta al 1 de junio el reajuste de la Pensi\u00f3n Garantizada Universal (PGU). Beneficiar\u00e1 a 1.905.151 adultos mayores y a m\u00e1s de 17.990 personas con subsidio de discapacidad mental. Implicar\u00e1 un incremento de $7.400, en el primer caso, y de $3.700, para los segundos.<\/p>\n<\/div><\/section><\/div><div  style='height:50px' class='hr hr-invisible   avia-builder-el-6  el_after_av_one_full  el_before_av_social_share '><span class='hr-inner ' ><span class='hr-inner-style'><\/span><\/span><\/div><\/p>\n<div  class='av-social-sharing-box  avia-builder-el-7  el_after_av_hr  el_before_av_hr  '><div class='av-share-box'><h5 class='av-share-link-description av-no-toc '>Compartir esta noticia<\/h5><ul class='av-share-box-list noLightbox'><li class='av-share-link av-social-link-facebook' ><a target=\"_blank\" aria-label=\"Compartir en Facebook\" href='https:\/\/www.facebook.com\/sharer.php?u=https:\/\/radiorevelacionfm.cl\/?p=16544&#038;t=Seremi%28s%29%20del%20Trabajo%20valor%C3%B3%20despacho%20del%20proyecto%20de%20salario%20m%C3%ADnimo%20al%20Senado' aria-hidden='false' data-av_icon='\ue8f3' data-av_iconfont='entypo-fontello' title='' data-avia-related-tooltip='Compartir en Facebook' rel=\"noopener\"><span class='avia_hidden_link_text'>Compartir en Facebook<\/span><\/a><\/li><li class='av-share-link av-social-link-twitter' ><a target=\"_blank\" aria-label=\"Compartir en Twitter\" href='https:\/\/twitter.com\/share?text=Seremi%28s%29%20del%20Trabajo%20valor%C3%B3%20despacho%20del%20proyecto%20de%20salario%20m%C3%ADnimo%20al%20Senado&#038;url=https:\/\/radiorevelacionfm.cl\/?p=16544' aria-hidden='false' data-av_icon='\ue8f1' data-av_iconfont='entypo-fontello' title='' data-avia-related-tooltip='Compartir en Twitter' rel=\"noopener\"><span class='avia_hidden_link_text'>Compartir en Twitter<\/span><\/a><\/li><li class='av-share-link av-social-link-whatsapp' ><a target=\"_blank\" aria-label=\"Compartir en Whatsapp\" href='https:\/\/api.whatsapp.com\/send?text=https:\/\/radiorevelacionfm.cl\/?p=16544' aria-hidden='false' data-av_icon='\uf232' data-av_iconfont='entypo-fontello' title='' data-avia-related-tooltip='Compartir en Whatsapp' rel=\"noopener\"><span class='avia_hidden_link_text'>Compartir en Whatsapp<\/span><\/a><\/li><li class='av-share-link av-social-link-linkedin' ><a target=\"_blank\" aria-label=\"Compartir en LinkedIn\" href='https:\/\/linkedin.com\/shareArticle?mini=true&#038;title=Seremi%28s%29%20del%20Trabajo%20valor%C3%B3%20despacho%20del%20proyecto%20de%20salario%20m%C3%ADnimo%20al%20Senado&#038;url=https:\/\/radiorevelacionfm.cl\/?p=16544' aria-hidden='false' data-av_icon='\ue8fc' data-av_iconfont='entypo-fontello' title='' data-avia-related-tooltip='Compartir en LinkedIn' rel=\"noopener\"><span class='avia_hidden_link_text'>Compartir en LinkedIn<\/span><\/a><\/li><li class='av-share-link av-social-link-mail' ><a  aria-label=\"Compartir por correo\" href='mailto:?subject=Seremi%28s%29%20del%20Trabajo%20valor%C3%B3%20despacho%20del%20proyecto%20de%20salario%20m%C3%ADnimo%20al%20Senado&#038;body=https:\/\/radiorevelacionfm.cl\/?p=16544' aria-hidden='false' data-av_icon='\ue805' data-av_iconfont='entypo-fontello' title='' data-avia-related-tooltip='Compartir por correo'><span class='avia_hidden_link_text'>Compartir por correo<\/span><\/a><\/li><\/ul><\/div><\/div>\n<div  style='height:50px' class='hr hr-invisible   avia-builder-el-8  el_after_av_social_share  el_before_av_comments_list '><span class='hr-inner ' ><span class='hr-inner-style'><\/span><\/span><\/div>\n<div  class='av-buildercomment  av-blog-meta-html-info-disabled av-blog-meta-tag-disabled  '><\/div>\n","protected":false},"excerpt":{"rendered":"","protected":false},"author":1,"featured_media":16545,"comment_status":"open","ping_status":"open","sticky":false,"template":"","format":"standard","meta":{"footnotes":""},"categories":[35],"tags":[],"class_list":["post-16544","post","type-post","status-publish","format-standard","has-post-thumbnail","hentry","category-politica"],"jetpack_featured_media_url":"https:\/\/radiorevelacionfm.cl\/wp-content\/uploads\/2022\/05\/Seremi-Tatiana-Pla-2-1-1.jpg","_links":{"self":[{"href":"https:\/\/radiorevelacionfm.cl\/index.php?rest_route=\/wp\/v2\/posts\/16544","targetHints":{"allow":["GET"]}}],"collection":[{"href":"https:\/\/radiorevelacionfm.cl\/index.php?rest_route=\/wp\/v2\/posts"}],"about":[{"href":"https:\/\/radiorevelacionfm.cl\/index.php?rest_route=\/wp\/v2\/types\/post"}],"author":[{"embeddable":true,"href":"https:\/\/radiorevelacionfm.cl\/index.php?rest_route=\/wp\/v2\/users\/1"}],"replies":[{"embeddable":true,"href":"https:\/\/radiorevelacionfm.cl\/index.php?rest_route=%2Fwp%2Fv2%2Fcomments&post=16544"}],"version-history":[{"count":2,"href":"https:\/\/radiorevelacionfm.cl\/index.php?rest_route=\/wp\/v2\/posts\/16544\/revisions"}],"predecessor-version":[{"id":16547,"href":"https:\/\/radiorevelacionfm.cl\/index.php?rest_route=\/wp\/v2\/posts\/16544\/revisions\/16547"}],"wp:featuredmedia":[{"embeddable":true,"href":"https:\/\/radiorevelacionfm.cl\/index.php?rest_route=\/wp\/v2\/media\/16545"}],"wp:attachment":[{"href":"https:\/\/radiorevelacionfm.cl\/index.php?rest_route=%2Fwp%2Fv2%2Fmedia&parent=16544"}],"wp:term":[{"taxonomy":"category","embeddable":true,"href":"https:\/\/radiorevelacionfm.cl\/index.php?rest_route=%2Fwp%2Fv2%2Fcategories&post=16544"},{"taxonomy":"post_tag","embeddable":true,"href":"https:\/\/radiorevelacionfm.cl\/index.php?rest_route=%2Fwp%2Fv2%2Ftags&post=16544"}],"curies":[{"name":"wp","href":"https:\/\/api.w.org\/{rel}","templated":true}]}}