{"id":16527,"date":"2022-05-05T15:23:22","date_gmt":"2022-05-05T18:23:22","guid":{"rendered":"https:\/\/radiorevelacionfm.cl\/?p=16527"},"modified":"2022-05-05T15:23:22","modified_gmt":"2022-05-05T18:23:22","slug":"uaysen-crea-unidad-de-inclusion-social","status":"publish","type":"post","link":"https:\/\/radiorevelacionfm.cl\/?p=16527","title":{"rendered":"UAys\u00e9n crea Unidad de Inclusi\u00f3n Social"},"content":{"rendered":"<div class=\"flex_column av_one_full  flex_column_div av-zero-column-padding first  avia-builder-el-0  el_before_av_one_full  avia-builder-el-first  \" style='border-radius:0px; '><div  class='avia-image-container  av-styling-    avia-builder-el-1  avia-builder-el-no-sibling  avia-align-center '  itemprop=\"image\" itemscope=\"itemscope\" itemtype=\"https:\/\/schema.org\/ImageObject\"  ><div class='avia-image-container-inner'><div class='avia-image-overlay-wrap'><img decoding=\"async\" class='wp-image-16528 avia-img-lazy-loading-not-16528 avia_image' src=\"https:\/\/radiorevelacionfm.cl\/wp-content\/uploads\/2022\/05\/inclusion-cortada-1-1_optimized.jpeg\" alt='' title='inclusion-cortada-(1)-(1)_optimized' height=\"600\" width=\"935\"  itemprop=\"thumbnailUrl\" srcset=\"https:\/\/radiorevelacionfm.cl\/wp-content\/uploads\/2022\/05\/inclusion-cortada-1-1_optimized.jpeg 935w, https:\/\/radiorevelacionfm.cl\/wp-content\/uploads\/2022\/05\/inclusion-cortada-1-1_optimized-300x193.jpeg 300w, https:\/\/radiorevelacionfm.cl\/wp-content\/uploads\/2022\/05\/inclusion-cortada-1-1_optimized-768x493.jpeg 768w, https:\/\/radiorevelacionfm.cl\/wp-content\/uploads\/2022\/05\/inclusion-cortada-1-1_optimized-705x452.jpeg 705w, https:\/\/radiorevelacionfm.cl\/wp-content\/uploads\/2022\/05\/inclusion-cortada-1-1_optimized-600x385.jpeg 600w\" sizes=\"(max-width: 935px) 100vw, 935px\" \/><\/div><\/div><\/div><\/div><div class=\"flex_column av_one_full  flex_column_div av-zero-column-padding first  avia-builder-el-2  el_after_av_one_full  el_before_av_one_full  column-top-margin\" style='border-radius:0px; '><section class=\"av_textblock_section \"  itemscope=\"itemscope\" itemtype=\"https:\/\/schema.org\/BlogPosting\" itemprop=\"blogPost\" ><div class='avia_textblock  '   itemprop=\"text\" ><p style=\"text-align: center;\"><span style=\"font-size: 18pt;\"><strong>UAys\u00e9n crea Unidad de Inclusi\u00f3n Social<\/strong><\/span><\/p>\n<div id=\"gtx-trans\" style=\"position: absolute; left: -50px; top: 4.31534px;\">\n<div class=\"gtx-trans-icon\"><\/div>\n<\/div>\n<\/div><\/section><\/div><div class=\"flex_column av_one_full  flex_column_div av-zero-column-padding first  avia-builder-el-4  el_after_av_one_full  el_before_av_hr  column-top-margin\" style='border-radius:0px; '><section class=\"av_textblock_section \"  itemscope=\"itemscope\" itemtype=\"https:\/\/schema.org\/BlogPosting\" itemprop=\"blogPost\" ><div class='avia_textblock  '   itemprop=\"text\" ><p style=\"text-align: justify;\">Luego de las movilizaciones estudiantiles que demandaban\u00a0 accesibilidad universal en las dependencias de la Universidad de Ays\u00e9n su rectora, Natacha Pino Acu\u00f1a, oficializ\u00f3 la creaci\u00f3n de la Unidad de Inclusi\u00f3n del plantel regional.<\/p>\n<p style=\"text-align: justify;\">Durante un encuentro en el que recibi\u00f3 la propuesta de Pol\u00edtica de Inclusi\u00f3n Social, Convivencia y Calidad de Vida elaborada por una comisi\u00f3n triestamental integrada por:\u00a0 Cristi\u00e1n Alarc\u00f3n, director de la carrera de Ingenier\u00eda Civil Industrial; Maite Hernando, analista de la Direcci\u00f3n de Planificaci\u00f3n y\u00a0 Aseguramiento de la Calidad ; B\u00e1rbara Mar\u00edn,\u00a0 profesional de la Direcci\u00f3n Acad\u00e9mica; Leonardo Flores, acad\u00e9mico del Departamento de Ciencias de la Salud ; Ver\u00f3nica Montero, profesional de la Direcci\u00f3n Acad\u00e9mica;\u00a0 Yesenia Reyes,\u00a0 estudiante de Psicolog\u00eda, Oriette Soto, del departamento de Ciencias de la Salud; Julia Cubillos, departamento de Ciencias Sociales; \u00a0Humanidades;\u00a0 Hayley Dur\u00e1n, de la Unidad de Equidad de G\u00e9nero, y la presencia de Enrique Urra, director\u00a0 de la Direcci\u00f3n de Planificaci\u00f3n y Aseguramiento de la Calidad, la autoridad agradeci\u00f3 el trabajo y aprovech\u00f3 de compartir la creaci\u00f3n del nuevo estamento que implementar\u00e1 acciones en ese sentido<\/p>\n<p style=\"text-align: justify;\">La rectora de la UAys\u00e9n destac\u00f3 que la instituci\u00f3n est\u00e1 consciente de las falencias en esta materia. \u201cVamos a establecer todos los mecanismos necesarios para avanzar no solo en las demandas de los y las estudiantes, que son v\u00e1lidas y muy necesarias, sino en todo lo que est\u00e9 a nuestro alcance para impulsar una universidad cada d\u00eda m\u00e1s inclusiva\u201d, indic\u00f3.<\/p>\n<p style=\"text-align: justify;\">En esa l\u00ednea el presidente de la comisi\u00f3n, Cristi\u00e1n Alarc\u00f3n,\u00a0 complement\u00f3 a la autoridad se\u00f1alando que \u201cen materia de inclusi\u00f3n estamos convencidos que el ejemplo que podemos dar desde esta casa de estudios es tambi\u00e9n transformar la visi\u00f3n y la cosmovisi\u00f3n de los nuevos profesionales\u201d . El ingeniero quien considera que la siguiente etapa es fundamental por cuanto\u00a0 considera la participaci\u00f3n de la comunidad universitaria y alianzas con otras organizaciones, sostuvo que esta labor\u00a0 conjunta\u00a0 \u201cva m\u00e1s all\u00e1 de la infraestructura, es trabajar con la comunidad, es trabajar con otros.\u00a0 Es interculturalidad\u201d.<\/p>\n<p style=\"text-align: justify;\">En tanto la representante estudiantil, Yesenia Reyes, recalc\u00f3 que tras la entrega del documento a la rectora se pesquisar\u00e1n todo tipo de brechas en materia de inclusi\u00f3n a nivel triestamental y que peri\u00f3dicamente revisar\u00e1n los avances de la implementaci\u00f3n. \u00a0 La estudiante de Psicolog\u00eda agradeci\u00f3 a quienes acompa\u00f1aron en este proceso, incluyendo las movilizaciones y calific\u00f3 esta \u00faltima experiencia como \u201cconmovedora y llena de emociones\u201d.<\/p>\n<p style=\"text-align: justify;\">La propuesta, que contiene el trabajo de todas las subcomisiones que lo redactaron e incorpora los diversos \u00e1mbitos del quehacer universitario como la docencia, la investigaci\u00f3n y la vinculaci\u00f3n con el medio, es acompa\u00f1ado de un perfil deseado para quien asuma la gesti\u00f3n de dicha unidad adem\u00e1s de un cronograma que identifica los principales hitos para su implementaci\u00f3n.<\/p>\n<p style=\"text-align: justify;\">Tal como se destaca en uno de los p\u00e1rrafos del documento, un aspecto relevante \u201ces su mirada multidimensional de la inclusi\u00f3n social, la cual parte por identificar a aquellos grupos de personas que han sido hist\u00f3ricamente excluidos e incluirlos, garantizando el desarrollo pleno de las personas y grupos, sin obst\u00e1culos ni discriminaciones de ning\u00fan tipo\u201d.<\/p>\n<p style=\"text-align: justify;\">Para reforzar este anuncio, la unidad de Acompa\u00f1amiento Acad\u00e9mico,\u00a0 realiz\u00f3 hace unas semanas el taller\u00a0 denominado \u00bfC\u00f3mo generar una convivencia inclusiva con mis compa\u00f1eros\/as con Trastorno del Espectro Autista? dirigido a estudiantes de todas las carreras de la universidad y el pasado fin de semana el estudiante de Agronom\u00eda, Juan Pablo Bustamante comparti\u00f3 su experiencia de c\u00f3mo lidiar con el s\u00edndrome de Asperger en un foro organizado por FONASA,\u00a0 SEREMI de Desarrollo Social de Ays\u00e9n, Asociaci\u00f3n TEAcompa\u00f1amos y la direcci\u00f3n de Vinculaci\u00f3n con el Medio de la UAys\u00e9n.<\/p>\n<\/div><\/section><\/div><div  style='height:50px' class='hr hr-invisible   avia-builder-el-6  el_after_av_one_full  el_before_av_social_share '><span class='hr-inner ' ><span class='hr-inner-style'><\/span><\/span><\/div><\/p>\n<div  class='av-social-sharing-box  avia-builder-el-7  el_after_av_hr  el_before_av_hr  '><div class='av-share-box'><h5 class='av-share-link-description av-no-toc '>Compartir esta noticia<\/h5><ul class='av-share-box-list noLightbox'><li class='av-share-link av-social-link-facebook' ><a target=\"_blank\" aria-label=\"Compartir en Facebook\" href='https:\/\/www.facebook.com\/sharer.php?u=https:\/\/radiorevelacionfm.cl\/?p=16527&#038;t=UAys%C3%A9n%20crea%20Unidad%20de%20Inclusi%C3%B3n%20Social' aria-hidden='false' data-av_icon='\ue8f3' data-av_iconfont='entypo-fontello' title='' data-avia-related-tooltip='Compartir en Facebook' rel=\"noopener\"><span class='avia_hidden_link_text'>Compartir en Facebook<\/span><\/a><\/li><li class='av-share-link av-social-link-twitter' ><a target=\"_blank\" aria-label=\"Compartir en Twitter\" href='https:\/\/twitter.com\/share?text=UAys%C3%A9n%20crea%20Unidad%20de%20Inclusi%C3%B3n%20Social&#038;url=https:\/\/radiorevelacionfm.cl\/?p=16527' aria-hidden='false' data-av_icon='\ue8f1' data-av_iconfont='entypo-fontello' title='' data-avia-related-tooltip='Compartir en Twitter' rel=\"noopener\"><span class='avia_hidden_link_text'>Compartir en Twitter<\/span><\/a><\/li><li class='av-share-link av-social-link-whatsapp' ><a target=\"_blank\" aria-label=\"Compartir en Whatsapp\" href='https:\/\/api.whatsapp.com\/send?text=https:\/\/radiorevelacionfm.cl\/?p=16527' aria-hidden='false' data-av_icon='\uf232' data-av_iconfont='entypo-fontello' title='' data-avia-related-tooltip='Compartir en Whatsapp' rel=\"noopener\"><span class='avia_hidden_link_text'>Compartir en Whatsapp<\/span><\/a><\/li><li class='av-share-link av-social-link-linkedin' ><a target=\"_blank\" aria-label=\"Compartir en LinkedIn\" href='https:\/\/linkedin.com\/shareArticle?mini=true&#038;title=UAys%C3%A9n%20crea%20Unidad%20de%20Inclusi%C3%B3n%20Social&#038;url=https:\/\/radiorevelacionfm.cl\/?p=16527' aria-hidden='false' data-av_icon='\ue8fc' data-av_iconfont='entypo-fontello' title='' data-avia-related-tooltip='Compartir en LinkedIn' rel=\"noopener\"><span class='avia_hidden_link_text'>Compartir en LinkedIn<\/span><\/a><\/li><li class='av-share-link av-social-link-mail' ><a  aria-label=\"Compartir por correo\" href='mailto:?subject=UAys%C3%A9n%20crea%20Unidad%20de%20Inclusi%C3%B3n%20Social&#038;body=https:\/\/radiorevelacionfm.cl\/?p=16527' aria-hidden='false' data-av_icon='\ue805' data-av_iconfont='entypo-fontello' title='' data-avia-related-tooltip='Compartir por correo'><span class='avia_hidden_link_text'>Compartir por correo<\/span><\/a><\/li><\/ul><\/div><\/div>\n<div  style='height:50px' class='hr hr-invisible   avia-builder-el-8  el_after_av_social_share  el_before_av_comments_list '><span class='hr-inner ' ><span class='hr-inner-style'><\/span><\/span><\/div>\n<div  class='av-buildercomment  av-blog-meta-html-info-disabled av-blog-meta-tag-disabled  '><\/div>\n","protected":false},"excerpt":{"rendered":"","protected":false},"author":1,"featured_media":16528,"comment_status":"open","ping_status":"open","sticky":false,"template":"","format":"standard","meta":{"footnotes":""},"categories":[49],"tags":[],"class_list":["post-16527","post","type-post","status-publish","format-standard","has-post-thumbnail","hentry","category-educacion"],"jetpack_featured_media_url":"https:\/\/radiorevelacionfm.cl\/wp-content\/uploads\/2022\/05\/inclusion-cortada-1-1_optimized.jpeg","_links":{"self":[{"href":"https:\/\/radiorevelacionfm.cl\/index.php?rest_route=\/wp\/v2\/posts\/16527","targetHints":{"allow":["GET"]}}],"collection":[{"href":"https:\/\/radiorevelacionfm.cl\/index.php?rest_route=\/wp\/v2\/posts"}],"about":[{"href":"https:\/\/radiorevelacionfm.cl\/index.php?rest_route=\/wp\/v2\/types\/post"}],"author":[{"embeddable":true,"href":"https:\/\/radiorevelacionfm.cl\/index.php?rest_route=\/wp\/v2\/users\/1"}],"replies":[{"embeddable":true,"href":"https:\/\/radiorevelacionfm.cl\/index.php?rest_route=%2Fwp%2Fv2%2Fcomments&post=16527"}],"version-history":[{"count":2,"href":"https:\/\/radiorevelacionfm.cl\/index.php?rest_route=\/wp\/v2\/posts\/16527\/revisions"}],"predecessor-version":[{"id":16530,"href":"https:\/\/radiorevelacionfm.cl\/index.php?rest_route=\/wp\/v2\/posts\/16527\/revisions\/16530"}],"wp:featuredmedia":[{"embeddable":true,"href":"https:\/\/radiorevelacionfm.cl\/index.php?rest_route=\/wp\/v2\/media\/16528"}],"wp:attachment":[{"href":"https:\/\/radiorevelacionfm.cl\/index.php?rest_route=%2Fwp%2Fv2%2Fmedia&parent=16527"}],"wp:term":[{"taxonomy":"category","embeddable":true,"href":"https:\/\/radiorevelacionfm.cl\/index.php?rest_route=%2Fwp%2Fv2%2Fcategories&post=16527"},{"taxonomy":"post_tag","embeddable":true,"href":"https:\/\/radiorevelacionfm.cl\/index.php?rest_route=%2Fwp%2Fv2%2Ftags&post=16527"}],"curies":[{"name":"wp","href":"https:\/\/api.w.org\/{rel}","templated":true}]}}