{"id":16523,"date":"2022-05-05T15:19:17","date_gmt":"2022-05-05T18:19:17","guid":{"rendered":"https:\/\/radiorevelacionfm.cl\/?p=16523"},"modified":"2022-05-05T15:19:17","modified_gmt":"2022-05-05T18:19:17","slug":"a-traves-de-proyecto-de-acuerdo-apoyado-transversalmente-sandoval-pide-poner-en-marcha-plan-de-conectividad-terrestre-para-unir-aysen-con-el-resto-del-chile","status":"publish","type":"post","link":"https:\/\/radiorevelacionfm.cl\/?p=16523","title":{"rendered":"A trav\u00e9s de Proyecto de Acuerdo apoyado transversalmente: Sandoval pide poner en marcha plan de conectividad terrestre para unir Ays\u00e9n con el resto del Chile"},"content":{"rendered":"<div class=\"flex_column av_one_full  flex_column_div av-zero-column-padding first  avia-builder-el-0  el_before_av_one_full  avia-builder-el-first  \" style='border-radius:0px; '><div  class='avia-image-container  av-styling-    avia-builder-el-1  avia-builder-el-no-sibling  avia-align-center '  itemprop=\"image\" itemscope=\"itemscope\" itemtype=\"https:\/\/schema.org\/ImageObject\"  ><div class='avia-image-container-inner'><div class='avia-image-overlay-wrap'><img decoding=\"async\" class='wp-image-16524 avia-img-lazy-loading-not-16524 avia_image' src=\"https:\/\/radiorevelacionfm.cl\/wp-content\/uploads\/2022\/05\/SENADOR-SANDOVAL-7-1-1.jpg\" alt='' title='SENADOR SANDOVAL (7) (1) (1)' height=\"600\" width=\"901\"  itemprop=\"thumbnailUrl\" srcset=\"https:\/\/radiorevelacionfm.cl\/wp-content\/uploads\/2022\/05\/SENADOR-SANDOVAL-7-1-1.jpg 901w, https:\/\/radiorevelacionfm.cl\/wp-content\/uploads\/2022\/05\/SENADOR-SANDOVAL-7-1-1-300x200.jpg 300w, https:\/\/radiorevelacionfm.cl\/wp-content\/uploads\/2022\/05\/SENADOR-SANDOVAL-7-1-1-768x511.jpg 768w, https:\/\/radiorevelacionfm.cl\/wp-content\/uploads\/2022\/05\/SENADOR-SANDOVAL-7-1-1-705x469.jpg 705w, https:\/\/radiorevelacionfm.cl\/wp-content\/uploads\/2022\/05\/SENADOR-SANDOVAL-7-1-1-600x400.jpg 600w\" sizes=\"(max-width: 901px) 100vw, 901px\" \/><\/div><\/div><\/div><\/div><div class=\"flex_column av_one_full  flex_column_div av-zero-column-padding first  avia-builder-el-2  el_after_av_one_full  el_before_av_one_full  column-top-margin\" style='border-radius:0px; '><section class=\"av_textblock_section \"  itemscope=\"itemscope\" itemtype=\"https:\/\/schema.org\/BlogPosting\" itemprop=\"blogPost\" ><div class='avia_textblock  '   itemprop=\"text\" ><p style=\"text-align: center;\"><span style=\"font-size: 18pt;\"><strong>A trav\u00e9s de Proyecto de Acuerdo apoyado transversalmente:\u00a0<\/strong><strong>Sandoval pide poner en marcha plan de conectividad terrestre para unir Ays\u00e9n con el resto del Chile.<\/strong><\/span><\/p>\n<div id=\"gtx-trans\" style=\"position: absolute; left: -50px; top: 4.31534px;\">\n<div class=\"gtx-trans-icon\"><\/div>\n<\/div>\n<\/div><\/section><\/div><div class=\"flex_column av_one_full  flex_column_div av-zero-column-padding first  avia-builder-el-4  el_after_av_one_full  el_before_av_hr  column-top-margin\" style='border-radius:0px; '><section class=\"av_textblock_section \"  itemscope=\"itemscope\" itemtype=\"https:\/\/schema.org\/BlogPosting\" itemprop=\"blogPost\" ><div class='avia_textblock  '   itemprop=\"text\" ><p style=\"text-align: justify;\">Impulsar un Plan de Conectividad Terrestre que permita unir a la regi\u00f3n de Ays\u00e9n con el resto del pa\u00eds, y terminar as\u00ed con el aislamiento cr\u00f3nico de la zona, es el objetivo principal de un proyecto de acuerdo presentado por el senador David Sandoval, donde hace esta solicitud al Gobierno, el cual fue apoyado transversalmente por las distintas bancadas de senadores en la C\u00e1mara Alta.<\/p>\n<p style=\"text-align: justify;\">En la propuesta, Sandoval dice que con ello se podr\u00eda responder a la demanda hist\u00f3rica que han requerido los habitantes de las comunidades australes, y as\u00ed no continuar postergando su desarrollo social y econ\u00f3mico ante la falta de una ruta que una a Chile por Chile. \u201cLo que estamos requiriendo y qu\u00e9 bueno que haya sido transversalmente suscrito, es requerir al Estado una visi\u00f3n distinta sobre la urgencia que significa conectar el territorio\u201d, se\u00f1al\u00f3 el parlamentario.<\/p>\n<p style=\"text-align: justify;\">Recordar que Ays\u00e9n, Palena y Magallanes representa m\u00e1s de un tercio de Chile Continental, en cuyo territorio habita menos del 1,5% de la poblaci\u00f3n total del pa\u00eds, aportando con menos del 2% del PIB, lo que hace m\u00e1s relevante avanzar en una soluci\u00f3n. \u201cNing\u00fan pa\u00eds en el mundo tiene esta condici\u00f3n de aislamiento o desconexi\u00f3n con el resto de su territorio nacional\u201d, indic\u00f3, enfatizando que \u201call\u00ed est\u00e1n radicadas todas las oportunidades de desarrollo de las comunidades a lo largo de la regi\u00f3n de Ays\u00e9n y en toda la zona austral\u201d.<\/p>\n<p style=\"text-align: justify;\">\u00a0\u00a0\u00a0\u00a0\u00a0\u00a0\u00a0\u00a0\u00a0\u00a0\u00a0 En ese contexto, el legislador tambi\u00e9n plantea un objetivo complementario, considerando que ning\u00fan Gobierno Regional, desde Arica hasta Puerto Montt, invierte recursos en la ruta estructura nacional, la ruta 5. \u201cEn definitiva, que sea el Estado el que asuma el costo de construir en tiempo y forma, la construcci\u00f3n de esta ruta 7, dentro de los m\u00e1s plazos m\u00e1s breves posibles. Y que la regi\u00f3n de Ays\u00e9n, con sus recursos regionales, siga haciendo convenios de programaci\u00f3n con el Ministerio de Obras P\u00fablicas, para atender las demandas de la red secundaria, red interna y caminos transversales\u201d, puntualiz\u00f3.<\/p>\n<p style=\"text-align: justify;\">Para Sandoval este tema es demasiado relevante, porque esa desconexi\u00f3n terrestre con el resto del pa\u00eds \u201ces lo que a nosotros nos est\u00e1 hipotecando y postergando el desarrollo por muchos a\u00f1os m\u00e1s\u201d, recalcando que una vez que esto se resuelva \u201cla regi\u00f3n va a experimentar el salto que todos queremos, en materia de desarrollo del turismo, actividades agr\u00edcolas, de la econom\u00eda en general, de las capacidades que tenemos en las diferentes comunas\u201d.<\/p>\n<p style=\"text-align: justify;\">Por \u00faltimo, el parlamentario aclar\u00f3 que esto no es una cr\u00edtica pol\u00edtica a este Gobierno, sino que por el contrario \u201ces una cr\u00edtica al Estado chileno\u201d, destacando que el proyecto \u201clo han suscrito senadores de pr\u00e1cticamente todas las bancadas\u201d.<\/p>\n<p style=\"text-align: justify;\">Cabe recordar que desde 2011 existe la identificaci\u00f3n de los principales hitos que viabilicen un proyecto de conectividad terrestre entre Ays\u00e9n y Los Lagos que, en s\u00edntesis, totalizar\u00edan la construcci\u00f3n de 80 kil\u00f3metros faltantes entre Pichanco y Caleta Gonzalo.<\/p>\n<p style=\"text-align: justify;\">En ese sentido, el \u00e1rea de influencia directa en el desarrollo de un proyecto de conectividad en la regi\u00f3n de Ays\u00e9n y la Provincia de Palena, constituye un territorio de 124.300 km2 (16.35 % de la superficie nacional), siendo la poblaci\u00f3n beneficiada de 115.000 personas aproximadamente .<\/p>\n<\/div><\/section><\/div><div  style='height:50px' class='hr hr-invisible   avia-builder-el-6  el_after_av_one_full  el_before_av_social_share '><span class='hr-inner ' ><span class='hr-inner-style'><\/span><\/span><\/div><\/p>\n<div  class='av-social-sharing-box  avia-builder-el-7  el_after_av_hr  el_before_av_hr  '><div class='av-share-box'><h5 class='av-share-link-description av-no-toc '>Compartir esta noticia<\/h5><ul class='av-share-box-list noLightbox'><li class='av-share-link av-social-link-facebook' ><a target=\"_blank\" aria-label=\"Compartir en Facebook\" href='https:\/\/www.facebook.com\/sharer.php?u=https:\/\/radiorevelacionfm.cl\/?p=16523&#038;t=A%20trav%C3%A9s%20de%20Proyecto%20de%20Acuerdo%20apoyado%20transversalmente%3A%20Sandoval%20pide%20poner%20en%20marcha%20plan%20de%20conectividad%20terrestre%20para%20unir%20Ays%C3%A9n%20con%20el%20resto%20del%20Chile' aria-hidden='false' data-av_icon='\ue8f3' data-av_iconfont='entypo-fontello' title='' data-avia-related-tooltip='Compartir en Facebook' rel=\"noopener\"><span class='avia_hidden_link_text'>Compartir en Facebook<\/span><\/a><\/li><li class='av-share-link av-social-link-twitter' ><a target=\"_blank\" aria-label=\"Compartir en Twitter\" href='https:\/\/twitter.com\/share?text=A%20trav%C3%A9s%20de%20Proyecto%20de%20Acuerdo%20apoyado%20transversalmente%3A%20Sandoval%20pide%20poner%20en%20marcha%20plan%20de%20conectividad%20terrestre%20para%20unir%20Ays%C3%A9n%20con%20el%20resto%20del%20Chile&#038;url=https:\/\/radiorevelacionfm.cl\/?p=16523' aria-hidden='false' data-av_icon='\ue8f1' data-av_iconfont='entypo-fontello' title='' data-avia-related-tooltip='Compartir en Twitter' rel=\"noopener\"><span class='avia_hidden_link_text'>Compartir en Twitter<\/span><\/a><\/li><li class='av-share-link av-social-link-whatsapp' ><a target=\"_blank\" aria-label=\"Compartir en Whatsapp\" href='https:\/\/api.whatsapp.com\/send?text=https:\/\/radiorevelacionfm.cl\/?p=16523' aria-hidden='false' data-av_icon='\uf232' data-av_iconfont='entypo-fontello' title='' data-avia-related-tooltip='Compartir en Whatsapp' rel=\"noopener\"><span class='avia_hidden_link_text'>Compartir en Whatsapp<\/span><\/a><\/li><li class='av-share-link av-social-link-linkedin' ><a target=\"_blank\" aria-label=\"Compartir en LinkedIn\" href='https:\/\/linkedin.com\/shareArticle?mini=true&#038;title=A%20trav%C3%A9s%20de%20Proyecto%20de%20Acuerdo%20apoyado%20transversalmente%3A%20Sandoval%20pide%20poner%20en%20marcha%20plan%20de%20conectividad%20terrestre%20para%20unir%20Ays%C3%A9n%20con%20el%20resto%20del%20Chile&#038;url=https:\/\/radiorevelacionfm.cl\/?p=16523' aria-hidden='false' data-av_icon='\ue8fc' data-av_iconfont='entypo-fontello' title='' data-avia-related-tooltip='Compartir en LinkedIn' rel=\"noopener\"><span class='avia_hidden_link_text'>Compartir en LinkedIn<\/span><\/a><\/li><li class='av-share-link av-social-link-mail' ><a  aria-label=\"Compartir por correo\" href='mailto:?subject=A%20trav%C3%A9s%20de%20Proyecto%20de%20Acuerdo%20apoyado%20transversalmente%3A%20Sandoval%20pide%20poner%20en%20marcha%20plan%20de%20conectividad%20terrestre%20para%20unir%20Ays%C3%A9n%20con%20el%20resto%20del%20Chile&#038;body=https:\/\/radiorevelacionfm.cl\/?p=16523' aria-hidden='false' data-av_icon='\ue805' data-av_iconfont='entypo-fontello' title='' data-avia-related-tooltip='Compartir por correo'><span class='avia_hidden_link_text'>Compartir por correo<\/span><\/a><\/li><\/ul><\/div><\/div>\n<div  style='height:50px' class='hr hr-invisible   avia-builder-el-8  el_after_av_social_share  el_before_av_comments_list '><span class='hr-inner ' ><span class='hr-inner-style'><\/span><\/span><\/div>\n<div  class='av-buildercomment  av-blog-meta-html-info-disabled av-blog-meta-tag-disabled  '><\/div>\n","protected":false},"excerpt":{"rendered":"","protected":false},"author":1,"featured_media":16524,"comment_status":"open","ping_status":"open","sticky":false,"template":"","format":"standard","meta":{"footnotes":""},"categories":[35],"tags":[],"class_list":["post-16523","post","type-post","status-publish","format-standard","has-post-thumbnail","hentry","category-politica"],"jetpack_featured_media_url":"https:\/\/radiorevelacionfm.cl\/wp-content\/uploads\/2022\/05\/SENADOR-SANDOVAL-7-1-1.jpg","_links":{"self":[{"href":"https:\/\/radiorevelacionfm.cl\/index.php?rest_route=\/wp\/v2\/posts\/16523","targetHints":{"allow":["GET"]}}],"collection":[{"href":"https:\/\/radiorevelacionfm.cl\/index.php?rest_route=\/wp\/v2\/posts"}],"about":[{"href":"https:\/\/radiorevelacionfm.cl\/index.php?rest_route=\/wp\/v2\/types\/post"}],"author":[{"embeddable":true,"href":"https:\/\/radiorevelacionfm.cl\/index.php?rest_route=\/wp\/v2\/users\/1"}],"replies":[{"embeddable":true,"href":"https:\/\/radiorevelacionfm.cl\/index.php?rest_route=%2Fwp%2Fv2%2Fcomments&post=16523"}],"version-history":[{"count":2,"href":"https:\/\/radiorevelacionfm.cl\/index.php?rest_route=\/wp\/v2\/posts\/16523\/revisions"}],"predecessor-version":[{"id":16531,"href":"https:\/\/radiorevelacionfm.cl\/index.php?rest_route=\/wp\/v2\/posts\/16523\/revisions\/16531"}],"wp:featuredmedia":[{"embeddable":true,"href":"https:\/\/radiorevelacionfm.cl\/index.php?rest_route=\/wp\/v2\/media\/16524"}],"wp:attachment":[{"href":"https:\/\/radiorevelacionfm.cl\/index.php?rest_route=%2Fwp%2Fv2%2Fmedia&parent=16523"}],"wp:term":[{"taxonomy":"category","embeddable":true,"href":"https:\/\/radiorevelacionfm.cl\/index.php?rest_route=%2Fwp%2Fv2%2Fcategories&post=16523"},{"taxonomy":"post_tag","embeddable":true,"href":"https:\/\/radiorevelacionfm.cl\/index.php?rest_route=%2Fwp%2Fv2%2Ftags&post=16523"}],"curies":[{"name":"wp","href":"https:\/\/api.w.org\/{rel}","templated":true}]}}