{"id":16519,"date":"2022-05-05T11:54:37","date_gmt":"2022-05-05T14:54:37","guid":{"rendered":"https:\/\/radiorevelacionfm.cl\/?p=16519"},"modified":"2022-05-05T11:54:37","modified_gmt":"2022-05-05T14:54:37","slug":"senadores-respaldan-proyecto-de-acuerdo-que-insta-a-poner-en-marcha-plan-de-conectividad-terrestre-para-unir-a-aysen-con-el-resto-del-pais","status":"publish","type":"post","link":"https:\/\/radiorevelacionfm.cl\/?p=16519","title":{"rendered":"Senadores respaldan proyecto de acuerdo que insta a poner en marcha plan de conectividad terrestre para unir a Ays\u00e9n con el resto del pa\u00eds"},"content":{"rendered":"<div class=\"flex_column av_one_full  flex_column_div av-zero-column-padding first  avia-builder-el-0  el_before_av_one_full  avia-builder-el-first  \" style='border-radius:0px; '><div  class='avia-image-container  av-styling-    avia-builder-el-1  avia-builder-el-no-sibling  avia-align-center '  itemprop=\"image\" itemscope=\"itemscope\" itemtype=\"https:\/\/schema.org\/ImageObject\"  ><div class='avia-image-container-inner'><div class='avia-image-overlay-wrap'><img decoding=\"async\" class='wp-image-16520 avia-img-lazy-loading-not-16520 avia_image' src=\"https:\/\/radiorevelacionfm.cl\/wp-content\/uploads\/2022\/05\/canal-puyuhuapi-1-1.jpg\" alt='' title='canal puyuhuapi (1) (1)' height=\"600\" width=\"1026\"  itemprop=\"thumbnailUrl\" srcset=\"https:\/\/radiorevelacionfm.cl\/wp-content\/uploads\/2022\/05\/canal-puyuhuapi-1-1.jpg 1026w, https:\/\/radiorevelacionfm.cl\/wp-content\/uploads\/2022\/05\/canal-puyuhuapi-1-1-300x175.jpg 300w, https:\/\/radiorevelacionfm.cl\/wp-content\/uploads\/2022\/05\/canal-puyuhuapi-1-1-768x449.jpg 768w, https:\/\/radiorevelacionfm.cl\/wp-content\/uploads\/2022\/05\/canal-puyuhuapi-1-1-705x412.jpg 705w, https:\/\/radiorevelacionfm.cl\/wp-content\/uploads\/2022\/05\/canal-puyuhuapi-1-1-600x351.jpg 600w\" sizes=\"(max-width: 1026px) 100vw, 1026px\" \/><\/div><\/div><\/div><\/div><div class=\"flex_column av_one_full  flex_column_div av-zero-column-padding first  avia-builder-el-2  el_after_av_one_full  el_before_av_one_full  column-top-margin\" style='border-radius:0px; '><section class=\"av_textblock_section \"  itemscope=\"itemscope\" itemtype=\"https:\/\/schema.org\/BlogPosting\" itemprop=\"blogPost\" ><div class='avia_textblock  '   itemprop=\"text\" ><p style=\"text-align: center;\"><strong><span style=\"font-size: 18pt;\">Senadores respaldan proyecto de acuerdo que insta a poner en marcha plan de conectividad terrestre para unir a Ays\u00e9n con el resto del pa\u00eds<\/span><\/strong><\/p>\n<div id=\"gtx-trans\" style=\"position: absolute; left: -50px; top: 4.31534px;\">\n<div class=\"gtx-trans-icon\"><\/div>\n<\/div>\n<\/div><\/section><\/div><div class=\"flex_column av_one_full  flex_column_div av-zero-column-padding first  avia-builder-el-4  el_after_av_one_full  el_before_av_hr  column-top-margin\" style='border-radius:0px; '><section class=\"av_textblock_section \"  itemscope=\"itemscope\" itemtype=\"https:\/\/schema.org\/BlogPosting\" itemprop=\"blogPost\" ><div class='avia_textblock  '   itemprop=\"text\" ><p style=\"text-align: justify;\">La Sala respald\u00f3 el proyecto de acuerdo, presentado por un grupo transversal de senadoras y senadores, mediante el cual le solicitan al presidente de la Rep\u00fablica\u00a0instruya al ministro de Obras P\u00fablicas para que\u00a0-mediante los estudios de dise\u00f1o ya existentes-\u00a0se impulse el Plan de Conectividad terrestre con el objetivo de unir a la Regi\u00f3n de Ays\u00e9n con el resto del pa\u00eds.<\/p>\n<p style=\"text-align: justify;\">La idea, se precisa,\u00a0es ir\u00a0\u201cterminando as\u00ed con el aislamiento cr\u00f3nico y responder a la demanda hist\u00f3rica que han requerido los habitantes de las comunidades australes. De tal manera de no continuar postergando su desarrollo social y econ\u00f3mico ante la falta de ruta que una a Chile por Chile\u201d.<\/p>\n<p style=\"text-align: justify;\">La iniciativa fue patrocinada por los senadores\u00a0<strong>David Sandoval, Carmen Gloria Aravena, Luz Ebensperger, Mar\u00eda Jos\u00e9 Gatica, Paulina N\u00fa\u00f1ez, Ximena \u00d3rdenes, Ximena Rinc\u00f3n, Karim Bianchi, Juan Luis Castro, Juan Castro Prieto, Francisco Chahu\u00e1n, Jos\u00e9 Miguel Durana, Rojo Edwards, Iv\u00e1n Flores, Rodrigo Galilea, Sebasti\u00e1n Keitel, Alejandro Kusanovic, Carlos Kuschel, Juan Ignacio Latorre, Javier Macaya, Iv\u00e1n Moreira, Manuel Jos\u00e9 Ossand\u00f3n, Kenneth Pugh, Jaime Quintana, Gustavo Sanhueza, Enrique Van Rysselberghe<\/strong>\u00a0y\u00a0<strong>Mat\u00edas Walker<\/strong>.<\/p>\n<p style=\"text-align: justify;\">A juicio de los legisladores,\u00a0\u201c<strong>la poblaci\u00f3n perteneciente a la Provincia de Palena en la Regi\u00f3n de Los Lagos y las Regiones de Ays\u00e9n y Magallanes, se ha visto hist\u00f3ricamente postergada en los r\u00e9ditos del desarrollo pa\u00eds<\/strong>, principalmente debido a su condici\u00f3n de Zonas Extremas, localidades con singulares dificultades geogr\u00e1ficas, clim\u00e1ticas y en gran medida, acentuado por la falta de conectividad terrestre con el resto del territorio nacional\u201d.<\/p>\n<p style=\"text-align: justify;\">Hacen presente que desde el a\u00f1o 2011, existe la identificaci\u00f3n de los principales hitos que viabilicen un proyecto de conectividad terrestre entre la Regi\u00f3n de Ays\u00e9n y Los Lagos que, en s\u00edntesis, totalizar\u00edan la construcci\u00f3n de 80 kil\u00f3metros faltantes entre Pichanco y Caleta Gonzalo mediante los siguientes tramos:<\/p>\n<p style=\"text-align: justify;\">Tramo Pichanco &#8211; Huinay: 36 km (aprox.)<\/p>\n<p style=\"text-align: justify;\">Tramo Huinay &#8211; Leptep\u00fa: 22 km (aprox.)<\/p>\n<p style=\"text-align: justify;\">Tramo Pill\u00e1n &#8211; Caleta Gonzalo: 22 km (aprox.)<\/p>\n<p style=\"text-align: justify;\">En esta l\u00ednea, lamentan que \u201c<strong>persiste una carencia de visi\u00f3n de Estado, que acelere los mecanismos administrativos, t\u00e9cnicos y presupuestarios para conectar la Zona Sur Austral con el resto de Chile<\/strong>, esto se refleja sucintamente en los esfuerzos individuales que a\u00f1o a a\u00f1o se deben realizar a trav\u00e9s de las Leyes de Presupuesto del Sector P\u00fablico para adquirir los recursos necesarios que permitan continuar materializando obras que apunten a mejorar la conectividad vial\u201d.<\/p>\n<p style=\"text-align: justify;\">Finalmente se enfatiza que \u201c<strong>conectar v\u00eda terrestre la Zona Sur Austral con el resto de Chile debe ser una meta irrenunciable<\/strong>. Por ello, a trav\u00e9s de este proyecto de acuerdo se solicita el apoyo un\u00e1nime que permita reconocer con ello, el leg\u00edtimo reclamo de las comunidades australes en la entrega de oportunidades para su plena inserci\u00f3n social y econ\u00f3mica, como asimismo apuntar a la mejora constante de los instrumentos de fomento adecu\u00e1ndolos a los desaf\u00edos actuales y venideros\u201d.<\/p>\n<\/div><\/section><\/div><div  style='height:50px' class='hr hr-invisible   avia-builder-el-6  el_after_av_one_full  el_before_av_social_share '><span class='hr-inner ' ><span class='hr-inner-style'><\/span><\/span><\/div><\/p>\n<div  class='av-social-sharing-box  avia-builder-el-7  el_after_av_hr  el_before_av_hr  '><div class='av-share-box'><h5 class='av-share-link-description av-no-toc '>Compartir esta noticia<\/h5><ul class='av-share-box-list noLightbox'><li class='av-share-link av-social-link-facebook' ><a target=\"_blank\" aria-label=\"Compartir en Facebook\" href='https:\/\/www.facebook.com\/sharer.php?u=https:\/\/radiorevelacionfm.cl\/?p=16519&#038;t=Senadores%20respaldan%20proyecto%20de%20acuerdo%20que%20insta%20a%20poner%20en%20marcha%20plan%20de%20conectividad%20terrestre%20para%20unir%20a%20Ays%C3%A9n%20con%20el%20resto%20del%20pa%C3%ADs' aria-hidden='false' data-av_icon='\ue8f3' data-av_iconfont='entypo-fontello' title='' data-avia-related-tooltip='Compartir en Facebook' rel=\"noopener\"><span class='avia_hidden_link_text'>Compartir en Facebook<\/span><\/a><\/li><li class='av-share-link av-social-link-twitter' ><a target=\"_blank\" aria-label=\"Compartir en Twitter\" href='https:\/\/twitter.com\/share?text=Senadores%20respaldan%20proyecto%20de%20acuerdo%20que%20insta%20a%20poner%20en%20marcha%20plan%20de%20conectividad%20terrestre%20para%20unir%20a%20Ays%C3%A9n%20con%20el%20resto%20del%20pa%C3%ADs&#038;url=https:\/\/radiorevelacionfm.cl\/?p=16519' aria-hidden='false' data-av_icon='\ue8f1' data-av_iconfont='entypo-fontello' title='' data-avia-related-tooltip='Compartir en Twitter' rel=\"noopener\"><span class='avia_hidden_link_text'>Compartir en Twitter<\/span><\/a><\/li><li class='av-share-link av-social-link-whatsapp' ><a target=\"_blank\" aria-label=\"Compartir en Whatsapp\" href='https:\/\/api.whatsapp.com\/send?text=https:\/\/radiorevelacionfm.cl\/?p=16519' aria-hidden='false' data-av_icon='\uf232' data-av_iconfont='entypo-fontello' title='' data-avia-related-tooltip='Compartir en Whatsapp' rel=\"noopener\"><span class='avia_hidden_link_text'>Compartir en Whatsapp<\/span><\/a><\/li><li class='av-share-link av-social-link-linkedin' ><a target=\"_blank\" aria-label=\"Compartir en LinkedIn\" href='https:\/\/linkedin.com\/shareArticle?mini=true&#038;title=Senadores%20respaldan%20proyecto%20de%20acuerdo%20que%20insta%20a%20poner%20en%20marcha%20plan%20de%20conectividad%20terrestre%20para%20unir%20a%20Ays%C3%A9n%20con%20el%20resto%20del%20pa%C3%ADs&#038;url=https:\/\/radiorevelacionfm.cl\/?p=16519' aria-hidden='false' data-av_icon='\ue8fc' data-av_iconfont='entypo-fontello' title='' data-avia-related-tooltip='Compartir en LinkedIn' rel=\"noopener\"><span class='avia_hidden_link_text'>Compartir en LinkedIn<\/span><\/a><\/li><li class='av-share-link av-social-link-mail' ><a  aria-label=\"Compartir por correo\" href='mailto:?subject=Senadores%20respaldan%20proyecto%20de%20acuerdo%20que%20insta%20a%20poner%20en%20marcha%20plan%20de%20conectividad%20terrestre%20para%20unir%20a%20Ays%C3%A9n%20con%20el%20resto%20del%20pa%C3%ADs&#038;body=https:\/\/radiorevelacionfm.cl\/?p=16519' aria-hidden='false' data-av_icon='\ue805' data-av_iconfont='entypo-fontello' title='' data-avia-related-tooltip='Compartir por correo'><span class='avia_hidden_link_text'>Compartir por correo<\/span><\/a><\/li><\/ul><\/div><\/div>\n<div  style='height:50px' class='hr hr-invisible   avia-builder-el-8  el_after_av_social_share  el_before_av_comments_list '><span class='hr-inner ' ><span class='hr-inner-style'><\/span><\/span><\/div>\n<div  class='av-buildercomment  av-blog-meta-html-info-disabled av-blog-meta-tag-disabled  '><\/div>\n","protected":false},"excerpt":{"rendered":"","protected":false},"author":1,"featured_media":16520,"comment_status":"open","ping_status":"open","sticky":false,"template":"","format":"standard","meta":{"footnotes":""},"categories":[35],"tags":[],"class_list":["post-16519","post","type-post","status-publish","format-standard","has-post-thumbnail","hentry","category-politica"],"jetpack_featured_media_url":"https:\/\/radiorevelacionfm.cl\/wp-content\/uploads\/2022\/05\/canal-puyuhuapi-1-1.jpg","_links":{"self":[{"href":"https:\/\/radiorevelacionfm.cl\/index.php?rest_route=\/wp\/v2\/posts\/16519","targetHints":{"allow":["GET"]}}],"collection":[{"href":"https:\/\/radiorevelacionfm.cl\/index.php?rest_route=\/wp\/v2\/posts"}],"about":[{"href":"https:\/\/radiorevelacionfm.cl\/index.php?rest_route=\/wp\/v2\/types\/post"}],"author":[{"embeddable":true,"href":"https:\/\/radiorevelacionfm.cl\/index.php?rest_route=\/wp\/v2\/users\/1"}],"replies":[{"embeddable":true,"href":"https:\/\/radiorevelacionfm.cl\/index.php?rest_route=%2Fwp%2Fv2%2Fcomments&post=16519"}],"version-history":[{"count":2,"href":"https:\/\/radiorevelacionfm.cl\/index.php?rest_route=\/wp\/v2\/posts\/16519\/revisions"}],"predecessor-version":[{"id":16522,"href":"https:\/\/radiorevelacionfm.cl\/index.php?rest_route=\/wp\/v2\/posts\/16519\/revisions\/16522"}],"wp:featuredmedia":[{"embeddable":true,"href":"https:\/\/radiorevelacionfm.cl\/index.php?rest_route=\/wp\/v2\/media\/16520"}],"wp:attachment":[{"href":"https:\/\/radiorevelacionfm.cl\/index.php?rest_route=%2Fwp%2Fv2%2Fmedia&parent=16519"}],"wp:term":[{"taxonomy":"category","embeddable":true,"href":"https:\/\/radiorevelacionfm.cl\/index.php?rest_route=%2Fwp%2Fv2%2Fcategories&post=16519"},{"taxonomy":"post_tag","embeddable":true,"href":"https:\/\/radiorevelacionfm.cl\/index.php?rest_route=%2Fwp%2Fv2%2Ftags&post=16519"}],"curies":[{"name":"wp","href":"https:\/\/api.w.org\/{rel}","templated":true}]}}