{"id":16513,"date":"2022-05-04T19:22:11","date_gmt":"2022-05-04T22:22:11","guid":{"rendered":"https:\/\/radiorevelacionfm.cl\/?p=16513"},"modified":"2022-05-04T19:22:11","modified_gmt":"2022-05-04T22:22:11","slug":"trabajo-entre-agrupacion-microtrafico-cero-de-la-pdi-y-fiscalia-de-aysen-permitio-la-aprehension-de-tres-personas-en-villa-manihuales","status":"publish","type":"post","link":"https:\/\/radiorevelacionfm.cl\/?p=16513","title":{"rendered":"Trabajo entre Agrupaci\u00f3n Microtr\u00e1fico Cero de la PDI y Fiscal\u00eda de Ays\u00e9n permiti\u00f3 la aprehensi\u00f3n de tres personas en Villa Ma\u00f1ihuales"},"content":{"rendered":"<div class=\"flex_column av_one_full  flex_column_div av-zero-column-padding first  avia-builder-el-0  el_before_av_one_full  avia-builder-el-first  \" style='border-radius:0px; '><div  class='avia-image-container  av-styling-    avia-builder-el-1  avia-builder-el-no-sibling  avia-align-center '  itemprop=\"image\" itemscope=\"itemscope\" itemtype=\"https:\/\/schema.org\/ImageObject\"  ><div class='avia-image-container-inner'><div class='avia-image-overlay-wrap'><img decoding=\"async\" class='wp-image-16514 avia-img-lazy-loading-not-16514 avia_image' src=\"https:\/\/radiorevelacionfm.cl\/wp-content\/uploads\/2022\/05\/Evidencia-MT0-PAY-Manihuales-001-1-1-1.jpeg\" alt='' title='Evidencia MT0 PAY Ma\u00f1ihuales 001 (1) (1) (1)' height=\"600\" width=\"800\"  itemprop=\"thumbnailUrl\" srcset=\"https:\/\/radiorevelacionfm.cl\/wp-content\/uploads\/2022\/05\/Evidencia-MT0-PAY-Manihuales-001-1-1-1.jpeg 800w, https:\/\/radiorevelacionfm.cl\/wp-content\/uploads\/2022\/05\/Evidencia-MT0-PAY-Manihuales-001-1-1-1-300x225.jpeg 300w, https:\/\/radiorevelacionfm.cl\/wp-content\/uploads\/2022\/05\/Evidencia-MT0-PAY-Manihuales-001-1-1-1-768x576.jpeg 768w, https:\/\/radiorevelacionfm.cl\/wp-content\/uploads\/2022\/05\/Evidencia-MT0-PAY-Manihuales-001-1-1-1-705x529.jpeg 705w, https:\/\/radiorevelacionfm.cl\/wp-content\/uploads\/2022\/05\/Evidencia-MT0-PAY-Manihuales-001-1-1-1-600x450.jpeg 600w\" sizes=\"(max-width: 800px) 100vw, 800px\" \/><\/div><\/div><\/div><\/div><div class=\"flex_column av_one_full  flex_column_div av-zero-column-padding first  avia-builder-el-2  el_after_av_one_full  el_before_av_one_full  column-top-margin\" style='border-radius:0px; '><section class=\"av_textblock_section \"  itemscope=\"itemscope\" itemtype=\"https:\/\/schema.org\/BlogPosting\" itemprop=\"blogPost\" ><div class='avia_textblock  '   itemprop=\"text\" ><p style=\"text-align: center;\"><span style=\"font-size: 18pt;\"><strong>Trabajo entre Agrupaci\u00f3n Microtr\u00e1fico Cero de la PDI y Fiscal\u00eda de Ays\u00e9n permiti\u00f3 la aprehensi\u00f3n de tres personas en Villa Ma\u00f1ihuales<\/strong><\/span><\/p>\n<div id=\"gtx-trans\" style=\"position: absolute; left: -50px; top: 4.31534px;\">\n<div class=\"gtx-trans-icon\"><\/div>\n<\/div>\n<\/div><\/section><\/div><div class=\"flex_column av_one_full  flex_column_div av-zero-column-padding first  avia-builder-el-4  el_after_av_one_full  el_before_av_hr  column-top-margin\" style='border-radius:0px; '><section class=\"av_textblock_section \"  itemscope=\"itemscope\" itemtype=\"https:\/\/schema.org\/BlogPosting\" itemprop=\"blogPost\" ><div class='avia_textblock  '   itemprop=\"text\" ><p style=\"text-align: justify;\">Detectives de la Agrupaci\u00f3n Microtr\u00e1fico Cero (MT0) de la Brigada de Investigaci\u00f3n Criminal (BICRIM) Ays\u00e9n de la Polic\u00eda de Investigaciones de Chile, en el marco de un operativo antidrogas, detuvieron a tres personas que se dedicaban a la comercializaci\u00f3n de sustancias il\u00edcitas en peque\u00f1as cantidades en la localidad de Villa Ma\u00f1ihuales.<\/p>\n<p style=\"text-align: justify;\">El trabajo de an\u00e1lisis criminal e inteligencia policial en coordinaci\u00f3n con la Fiscal\u00eda Local de Ays\u00e9n, se origin\u00f3 a trav\u00e9s de distintas diligencias investigativas y la utilizaci\u00f3n de diversas t\u00e9cnicas contempladas en la Ley 20.000. Al respecto, el jefe de la Brigada de Investigaci\u00f3n Criminal Ays\u00e9n, subprefecto Eduardo Charpentier, se\u00f1al\u00f3 que \u201cdetectives de la Agrupaci\u00f3n Microtr\u00e1fico Cero, dependiente de la Prefectura Provincial Ays\u00e9n, en virtud a una orden de investigar por infracci\u00f3n a la Ley 20.000, procedieron en la localidad de Villa Ma\u00f1ihuales a la detenci\u00f3n de tres personas, dos hombres y una mujer, todos mayores de edad y uno de ellos con antecedentes policiales, por su responsabilidad en la infracci\u00f3n al art\u00edculo 4\u00ba de la Ley 20.000\u201d.<\/p>\n<p style=\"text-align: justify;\">Durante la diligencia, \u201cse incaut\u00f3 la cantidad de 32,46 gramos de cannabis sativa, as\u00ed como tambi\u00e9n plantas del mismo alucin\u00f3geno en proceso de crecimiento, elementos de pesaje y dosificaci\u00f3n, como tambi\u00e9n un veh\u00edculo que era utilizado en la comercializaci\u00f3n y venta de esta sustancia il\u00edcita\u201d, sostuvo el subprefecto Eduardo Charpentier.<\/p>\n<p style=\"text-align: justify;\">Este procedimiento logr\u00f3 sacar de circulaci\u00f3n alrededor de 100 dosis de esta sustancia il\u00edcita, droga avaluada en cerca de 500 mil pesos.<\/p>\n<p style=\"text-align: justify;\">Sobre el modo de operar, desde la BICRIM Ays\u00e9n indicaron que los imputados realizaban la venta y distribuci\u00f3n de cannabis sativa, traslad\u00e1ndose en el veh\u00edculo antes mencionado. Las personas detenidas fueron puestas a disposici\u00f3n del Tribunal de Puerto Ays\u00e9n para su control de detenci\u00f3n y formalizaci\u00f3n.<\/p>\n<p style=\"text-align: justify;\">Por su parte, el fiscal jefe de la Fiscal\u00eda Local de Ays\u00e9n, Pedro Poblete, indic\u00f3 que los tres imputados fueron formalizados y en espec\u00edfico el blanco investigativo \u201cfue formalizado por el delito de microtr\u00e1fico y tambi\u00e9n por el delito de cultivo de especies vegetales del art\u00edculo 8\u00ba de la ley 20.000, decret\u00e1ndose a su respecto medidas cautelares del art\u00edculo 155 del C\u00f3digo Procesal Penal y un plazo de investigaci\u00f3n de 90 d\u00edas\u201d. Las primeras diligencias de este caso fueron coordinadas por la fiscal Estefan\u00eda Leiva.<\/p>\n<\/div><\/section><\/div><div  style='height:50px' class='hr hr-invisible   avia-builder-el-6  el_after_av_one_full  el_before_av_social_share '><span class='hr-inner ' ><span class='hr-inner-style'><\/span><\/span><\/div><\/p>\n<div  class='av-social-sharing-box  avia-builder-el-7  el_after_av_hr  el_before_av_hr  '><div class='av-share-box'><h5 class='av-share-link-description av-no-toc '>Compartir esta noticia<\/h5><ul class='av-share-box-list noLightbox'><li class='av-share-link av-social-link-facebook' ><a target=\"_blank\" aria-label=\"Compartir en Facebook\" href='https:\/\/www.facebook.com\/sharer.php?u=https:\/\/radiorevelacionfm.cl\/?p=16513&#038;t=Trabajo%20entre%20Agrupaci%C3%B3n%20Microtr%C3%A1fico%20Cero%20de%20la%20PDI%20y%20Fiscal%C3%ADa%20de%20Ays%C3%A9n%20permiti%C3%B3%20la%20aprehensi%C3%B3n%20de%20tres%20personas%20en%20Villa%20Ma%C3%B1ihuales' aria-hidden='false' data-av_icon='\ue8f3' data-av_iconfont='entypo-fontello' title='' data-avia-related-tooltip='Compartir en Facebook' rel=\"noopener\"><span class='avia_hidden_link_text'>Compartir en Facebook<\/span><\/a><\/li><li class='av-share-link av-social-link-twitter' ><a target=\"_blank\" aria-label=\"Compartir en Twitter\" href='https:\/\/twitter.com\/share?text=Trabajo%20entre%20Agrupaci%C3%B3n%20Microtr%C3%A1fico%20Cero%20de%20la%20PDI%20y%20Fiscal%C3%ADa%20de%20Ays%C3%A9n%20permiti%C3%B3%20la%20aprehensi%C3%B3n%20de%20tres%20personas%20en%20Villa%20Ma%C3%B1ihuales&#038;url=https:\/\/radiorevelacionfm.cl\/?p=16513' aria-hidden='false' data-av_icon='\ue8f1' data-av_iconfont='entypo-fontello' title='' data-avia-related-tooltip='Compartir en Twitter' rel=\"noopener\"><span class='avia_hidden_link_text'>Compartir en Twitter<\/span><\/a><\/li><li class='av-share-link av-social-link-whatsapp' ><a target=\"_blank\" aria-label=\"Compartir en Whatsapp\" href='https:\/\/api.whatsapp.com\/send?text=https:\/\/radiorevelacionfm.cl\/?p=16513' aria-hidden='false' data-av_icon='\uf232' data-av_iconfont='entypo-fontello' title='' data-avia-related-tooltip='Compartir en Whatsapp' rel=\"noopener\"><span class='avia_hidden_link_text'>Compartir en Whatsapp<\/span><\/a><\/li><li class='av-share-link av-social-link-linkedin' ><a target=\"_blank\" aria-label=\"Compartir en LinkedIn\" href='https:\/\/linkedin.com\/shareArticle?mini=true&#038;title=Trabajo%20entre%20Agrupaci%C3%B3n%20Microtr%C3%A1fico%20Cero%20de%20la%20PDI%20y%20Fiscal%C3%ADa%20de%20Ays%C3%A9n%20permiti%C3%B3%20la%20aprehensi%C3%B3n%20de%20tres%20personas%20en%20Villa%20Ma%C3%B1ihuales&#038;url=https:\/\/radiorevelacionfm.cl\/?p=16513' aria-hidden='false' data-av_icon='\ue8fc' data-av_iconfont='entypo-fontello' title='' data-avia-related-tooltip='Compartir en LinkedIn' rel=\"noopener\"><span class='avia_hidden_link_text'>Compartir en LinkedIn<\/span><\/a><\/li><li class='av-share-link av-social-link-mail' ><a  aria-label=\"Compartir por correo\" href='mailto:?subject=Trabajo%20entre%20Agrupaci%C3%B3n%20Microtr%C3%A1fico%20Cero%20de%20la%20PDI%20y%20Fiscal%C3%ADa%20de%20Ays%C3%A9n%20permiti%C3%B3%20la%20aprehensi%C3%B3n%20de%20tres%20personas%20en%20Villa%20Ma%C3%B1ihuales&#038;body=https:\/\/radiorevelacionfm.cl\/?p=16513' aria-hidden='false' data-av_icon='\ue805' data-av_iconfont='entypo-fontello' title='' data-avia-related-tooltip='Compartir por correo'><span class='avia_hidden_link_text'>Compartir por correo<\/span><\/a><\/li><\/ul><\/div><\/div>\n<div  style='height:50px' class='hr hr-invisible   avia-builder-el-8  el_after_av_social_share  el_before_av_comments_list '><span class='hr-inner ' ><span class='hr-inner-style'><\/span><\/span><\/div>\n<div  class='av-buildercomment  av-blog-meta-html-info-disabled av-blog-meta-tag-disabled  '><\/div>\n","protected":false},"excerpt":{"rendered":"","protected":false},"author":1,"featured_media":16514,"comment_status":"open","ping_status":"open","sticky":false,"template":"","format":"standard","meta":{"footnotes":""},"categories":[36],"tags":[],"class_list":["post-16513","post","type-post","status-publish","format-standard","has-post-thumbnail","hentry","category-policial"],"jetpack_featured_media_url":"https:\/\/radiorevelacionfm.cl\/wp-content\/uploads\/2022\/05\/Evidencia-MT0-PAY-Manihuales-001-1-1-1.jpeg","_links":{"self":[{"href":"https:\/\/radiorevelacionfm.cl\/index.php?rest_route=\/wp\/v2\/posts\/16513","targetHints":{"allow":["GET"]}}],"collection":[{"href":"https:\/\/radiorevelacionfm.cl\/index.php?rest_route=\/wp\/v2\/posts"}],"about":[{"href":"https:\/\/radiorevelacionfm.cl\/index.php?rest_route=\/wp\/v2\/types\/post"}],"author":[{"embeddable":true,"href":"https:\/\/radiorevelacionfm.cl\/index.php?rest_route=\/wp\/v2\/users\/1"}],"replies":[{"embeddable":true,"href":"https:\/\/radiorevelacionfm.cl\/index.php?rest_route=%2Fwp%2Fv2%2Fcomments&post=16513"}],"version-history":[{"count":2,"href":"https:\/\/radiorevelacionfm.cl\/index.php?rest_route=\/wp\/v2\/posts\/16513\/revisions"}],"predecessor-version":[{"id":16516,"href":"https:\/\/radiorevelacionfm.cl\/index.php?rest_route=\/wp\/v2\/posts\/16513\/revisions\/16516"}],"wp:featuredmedia":[{"embeddable":true,"href":"https:\/\/radiorevelacionfm.cl\/index.php?rest_route=\/wp\/v2\/media\/16514"}],"wp:attachment":[{"href":"https:\/\/radiorevelacionfm.cl\/index.php?rest_route=%2Fwp%2Fv2%2Fmedia&parent=16513"}],"wp:term":[{"taxonomy":"category","embeddable":true,"href":"https:\/\/radiorevelacionfm.cl\/index.php?rest_route=%2Fwp%2Fv2%2Fcategories&post=16513"},{"taxonomy":"post_tag","embeddable":true,"href":"https:\/\/radiorevelacionfm.cl\/index.php?rest_route=%2Fwp%2Fv2%2Ftags&post=16513"}],"curies":[{"name":"wp","href":"https:\/\/api.w.org\/{rel}","templated":true}]}}