{"id":16509,"date":"2022-05-04T19:07:56","date_gmt":"2022-05-04T22:07:56","guid":{"rendered":"https:\/\/radiorevelacionfm.cl\/?p=16509"},"modified":"2022-05-04T19:07:56","modified_gmt":"2022-05-04T22:07:56","slug":"salud-reitera-importancia-de-vacunacion-adportas-de-bajas-temperaturas","status":"publish","type":"post","link":"https:\/\/radiorevelacionfm.cl\/?p=16509","title":{"rendered":"Salud reitera importancia de vacunaci\u00f3n adportas de bajas temperaturas"},"content":{"rendered":"<div class=\"flex_column av_one_full  flex_column_div av-zero-column-padding first  avia-builder-el-0  el_before_av_one_full  avia-builder-el-first  \" style='border-radius:0px; '><div  class='avia-image-container  av-styling-    avia-builder-el-1  avia-builder-el-no-sibling  avia-align-center '  itemprop=\"image\" itemscope=\"itemscope\" itemtype=\"https:\/\/schema.org\/ImageObject\"  ><div class='avia-image-container-inner'><div class='avia-image-overlay-wrap'><img decoding=\"async\" class='wp-image-16510 avia-img-lazy-loading-not-16510 avia_image' src=\"https:\/\/radiorevelacionfm.cl\/wp-content\/uploads\/2022\/05\/equipo-vacunacion-1-1.jpeg\" alt='' title='equipo vacunaci\u00f3n (1) (1)' height=\"600\" width=\"800\"  itemprop=\"thumbnailUrl\" srcset=\"https:\/\/radiorevelacionfm.cl\/wp-content\/uploads\/2022\/05\/equipo-vacunacion-1-1.jpeg 800w, https:\/\/radiorevelacionfm.cl\/wp-content\/uploads\/2022\/05\/equipo-vacunacion-1-1-300x225.jpeg 300w, https:\/\/radiorevelacionfm.cl\/wp-content\/uploads\/2022\/05\/equipo-vacunacion-1-1-768x576.jpeg 768w, https:\/\/radiorevelacionfm.cl\/wp-content\/uploads\/2022\/05\/equipo-vacunacion-1-1-705x529.jpeg 705w, https:\/\/radiorevelacionfm.cl\/wp-content\/uploads\/2022\/05\/equipo-vacunacion-1-1-600x450.jpeg 600w\" sizes=\"(max-width: 800px) 100vw, 800px\" \/><\/div><\/div><\/div><\/div><div class=\"flex_column av_one_full  flex_column_div av-zero-column-padding first  avia-builder-el-2  el_after_av_one_full  el_before_av_one_full  column-top-margin\" style='border-radius:0px; '><section class=\"av_textblock_section \"  itemscope=\"itemscope\" itemtype=\"https:\/\/schema.org\/BlogPosting\" itemprop=\"blogPost\" ><div class='avia_textblock  '   itemprop=\"text\" ><p style=\"text-align: center;\"><span style=\"font-size: 18pt;\"><strong>Salud reitera importancia de vacunaci\u00f3n adportas de bajas temperaturas<\/strong><\/span><\/p>\n<div id=\"gtx-trans\" style=\"position: absolute; left: -50px; top: 4.31534px;\">\n<div class=\"gtx-trans-icon\"><\/div>\n<\/div>\n<\/div><\/section><\/div><div class=\"flex_column av_one_full  flex_column_div av-zero-column-padding first  avia-builder-el-4  el_after_av_one_full  el_before_av_hr  column-top-margin\" style='border-radius:0px; '><section class=\"av_textblock_section \"  itemscope=\"itemscope\" itemtype=\"https:\/\/schema.org\/BlogPosting\" itemprop=\"blogPost\" ><div class='avia_textblock  '   itemprop=\"text\" ><p style=\"text-align: justify;\">Con centros de vacunaci\u00f3n expeditos y abiertos a la comunidad, adem\u00e1s de acciones en terreno, la Secretar\u00eda Regional Ministerial de Salud se encuentra intensificando los programas de vacunaci\u00f3n para COVID-19 e Influenza; restando ahora que sea la propia comunidad, quienes colaboren con sus medidas de autocuidado y accedan a estos procesos de vacunaci\u00f3n que buscan resguardar la salud de la poblaci\u00f3n con miras a la llegada de bajas temperaturas asociadas al per\u00edodo invernal.<\/p>\n<p style=\"text-align: justify;\">Actualmente, pese a que la cobertura regional contra el COVID-19, alcanza un 88% en la administraci\u00f3n de la segunda dosis, donde destaca la poblaci\u00f3n de 12 a 17 a\u00f1os con 98,60%; la situaci\u00f3n es distinta entre los menores de 03 a 05 a\u00f1os, donde la inmunizaci\u00f3n solo alcanza al 46,29%.\u00a0 En la vacunaci\u00f3n por Influenza, los indicadores regionales bordean el 54% de cobertura.\u00a0 Es en el rango de mujeres embarazadas donde se sit\u00faa la cifra m\u00e1s baja, con un 21,7% de cobertura.<\/p>\n<p style=\"text-align: justify;\">Frente a esta situaci\u00f3n, desde los equipos de salud se reitera la importancia de avanzar en ambos procesos de vacunaci\u00f3n, como lo explic\u00f3 Javiera Fa\u00fandez, profesional del Centro de Salud Familiar, CESFAM V\u00edctor Domingo Silva.\u00a0 \u201cQuiero invitar a toda la poblaci\u00f3n a acudir a los puntos de vacunaci\u00f3n, ahora podemos administrar la vacuna en forma simult\u00e1nea, podemos aprovechar la oportunidad de vacunar contra el COVID e Influenza. Invitar a la poblaci\u00f3n objetivo de ni\u00f1os, adem\u00e1s estamos saliendo a los colegios, y tenemos el centro de vacunaci\u00f3n calle Sim\u00f3n Bolivar N\u00b0400, que atiende en horario de 09:30 a 16:00hrs, en horario continuado\u201d.<\/p>\n<p style=\"text-align: justify;\">Importancia de este proceso de vacunaci\u00f3n que tambi\u00e9n reforz\u00f3 la Seremi de Salud, Carmen Monsalve.\u00a0 \u201cEl llamado a la comunidad es que acceda a estos puntos de vacunaci\u00f3n, esta super expedito, profesionales con mucha experiencia que han estado desde el inicio de la pandemia vacunando sin parar, donde la atenci\u00f3n es muy buena, donde los resultados posteriores son dolor en el brazo, aumento de volumen, un poco de fiebre, pero eso, versus la Influenza como una enfermedad de puede complicar gravemente la salud, por eso estamos llamando a la gente para que prefiera vacunarse\u201d.<\/p>\n<p style=\"text-align: justify;\">Finalmente, se reitera a la comunidad, que en Coyhaique se mantiene como centro de vacunaci\u00f3n masiva el gimnasio municipal de calle Sim\u00f3n Bolivar N\u00b0400 (09:30 a 16:00hrs.); y en el caso de Pto Ays\u00e9n, la Casa de la Cultura, ubicada en calle Sgto. Aldea N\u00b0695 (lunes a jueves, 09:30 a 12:00 horas &#8211; tarde desde 14:30 a 16:00hrs. \/\/ viernes desde 09:30 a12:00 hrs.)<\/p>\n<\/div><\/section><\/div><div  style='height:50px' class='hr hr-invisible   avia-builder-el-6  el_after_av_one_full  el_before_av_social_share '><span class='hr-inner ' ><span class='hr-inner-style'><\/span><\/span><\/div><\/p>\n<div  class='av-social-sharing-box  avia-builder-el-7  el_after_av_hr  el_before_av_hr  '><div class='av-share-box'><h5 class='av-share-link-description av-no-toc '>Compartir esta noticia<\/h5><ul class='av-share-box-list noLightbox'><li class='av-share-link av-social-link-facebook' ><a target=\"_blank\" aria-label=\"Compartir en Facebook\" href='https:\/\/www.facebook.com\/sharer.php?u=https:\/\/radiorevelacionfm.cl\/?p=16509&#038;t=Salud%20reitera%20importancia%20de%20vacunaci%C3%B3n%20adportas%20de%20bajas%20temperaturas' aria-hidden='false' data-av_icon='\ue8f3' data-av_iconfont='entypo-fontello' title='' data-avia-related-tooltip='Compartir en Facebook' rel=\"noopener\"><span class='avia_hidden_link_text'>Compartir en Facebook<\/span><\/a><\/li><li class='av-share-link av-social-link-twitter' ><a target=\"_blank\" aria-label=\"Compartir en Twitter\" href='https:\/\/twitter.com\/share?text=Salud%20reitera%20importancia%20de%20vacunaci%C3%B3n%20adportas%20de%20bajas%20temperaturas&#038;url=https:\/\/radiorevelacionfm.cl\/?p=16509' aria-hidden='false' data-av_icon='\ue8f1' data-av_iconfont='entypo-fontello' title='' data-avia-related-tooltip='Compartir en Twitter' rel=\"noopener\"><span class='avia_hidden_link_text'>Compartir en Twitter<\/span><\/a><\/li><li class='av-share-link av-social-link-whatsapp' ><a target=\"_blank\" aria-label=\"Compartir en Whatsapp\" href='https:\/\/api.whatsapp.com\/send?text=https:\/\/radiorevelacionfm.cl\/?p=16509' aria-hidden='false' data-av_icon='\uf232' data-av_iconfont='entypo-fontello' title='' data-avia-related-tooltip='Compartir en Whatsapp' rel=\"noopener\"><span class='avia_hidden_link_text'>Compartir en Whatsapp<\/span><\/a><\/li><li class='av-share-link av-social-link-linkedin' ><a target=\"_blank\" aria-label=\"Compartir en LinkedIn\" href='https:\/\/linkedin.com\/shareArticle?mini=true&#038;title=Salud%20reitera%20importancia%20de%20vacunaci%C3%B3n%20adportas%20de%20bajas%20temperaturas&#038;url=https:\/\/radiorevelacionfm.cl\/?p=16509' aria-hidden='false' data-av_icon='\ue8fc' data-av_iconfont='entypo-fontello' title='' data-avia-related-tooltip='Compartir en LinkedIn' rel=\"noopener\"><span class='avia_hidden_link_text'>Compartir en LinkedIn<\/span><\/a><\/li><li class='av-share-link av-social-link-mail' ><a  aria-label=\"Compartir por correo\" href='mailto:?subject=Salud%20reitera%20importancia%20de%20vacunaci%C3%B3n%20adportas%20de%20bajas%20temperaturas&#038;body=https:\/\/radiorevelacionfm.cl\/?p=16509' aria-hidden='false' data-av_icon='\ue805' data-av_iconfont='entypo-fontello' title='' data-avia-related-tooltip='Compartir por correo'><span class='avia_hidden_link_text'>Compartir por correo<\/span><\/a><\/li><\/ul><\/div><\/div>\n<div  style='height:50px' class='hr hr-invisible   avia-builder-el-8  el_after_av_social_share  el_before_av_comments_list '><span class='hr-inner ' ><span class='hr-inner-style'><\/span><\/span><\/div>\n<div  class='av-buildercomment  av-blog-meta-html-info-disabled av-blog-meta-tag-disabled  '><\/div>\n","protected":false},"excerpt":{"rendered":"","protected":false},"author":1,"featured_media":16510,"comment_status":"open","ping_status":"open","sticky":false,"template":"","format":"standard","meta":{"footnotes":""},"categories":[46],"tags":[],"class_list":["post-16509","post","type-post","status-publish","format-standard","has-post-thumbnail","hentry","category-salud"],"jetpack_featured_media_url":"https:\/\/radiorevelacionfm.cl\/wp-content\/uploads\/2022\/05\/equipo-vacunacion-1-1.jpeg","_links":{"self":[{"href":"https:\/\/radiorevelacionfm.cl\/index.php?rest_route=\/wp\/v2\/posts\/16509","targetHints":{"allow":["GET"]}}],"collection":[{"href":"https:\/\/radiorevelacionfm.cl\/index.php?rest_route=\/wp\/v2\/posts"}],"about":[{"href":"https:\/\/radiorevelacionfm.cl\/index.php?rest_route=\/wp\/v2\/types\/post"}],"author":[{"embeddable":true,"href":"https:\/\/radiorevelacionfm.cl\/index.php?rest_route=\/wp\/v2\/users\/1"}],"replies":[{"embeddable":true,"href":"https:\/\/radiorevelacionfm.cl\/index.php?rest_route=%2Fwp%2Fv2%2Fcomments&post=16509"}],"version-history":[{"count":2,"href":"https:\/\/radiorevelacionfm.cl\/index.php?rest_route=\/wp\/v2\/posts\/16509\/revisions"}],"predecessor-version":[{"id":16512,"href":"https:\/\/radiorevelacionfm.cl\/index.php?rest_route=\/wp\/v2\/posts\/16509\/revisions\/16512"}],"wp:featuredmedia":[{"embeddable":true,"href":"https:\/\/radiorevelacionfm.cl\/index.php?rest_route=\/wp\/v2\/media\/16510"}],"wp:attachment":[{"href":"https:\/\/radiorevelacionfm.cl\/index.php?rest_route=%2Fwp%2Fv2%2Fmedia&parent=16509"}],"wp:term":[{"taxonomy":"category","embeddable":true,"href":"https:\/\/radiorevelacionfm.cl\/index.php?rest_route=%2Fwp%2Fv2%2Fcategories&post=16509"},{"taxonomy":"post_tag","embeddable":true,"href":"https:\/\/radiorevelacionfm.cl\/index.php?rest_route=%2Fwp%2Fv2%2Ftags&post=16509"}],"curies":[{"name":"wp","href":"https:\/\/api.w.org\/{rel}","templated":true}]}}