{"id":16505,"date":"2022-05-05T11:17:59","date_gmt":"2022-05-05T14:17:59","guid":{"rendered":"https:\/\/radiorevelacionfm.cl\/?p=16505"},"modified":"2022-05-05T11:17:59","modified_gmt":"2022-05-05T14:17:59","slug":"tras-dos-anos-realizan-taller-presencial-del-programa-de-inmunizaciones-para-tecnicos-paramedicos-de-las-postas-de-salud-rural","status":"publish","type":"post","link":"https:\/\/radiorevelacionfm.cl\/?p=16505","title":{"rendered":"Tras dos a\u00f1os realizan taller presencial del Programa de Inmunizaciones para T\u00e9cnicos Param\u00e9dicos de las postas de Salud Rural"},"content":{"rendered":"<div class=\"flex_column av_one_full  flex_column_div av-zero-column-padding first  avia-builder-el-0  el_before_av_one_full  avia-builder-el-first  \" style='border-radius:0px; '><div  class='avia-image-container  av-styling-    avia-builder-el-1  avia-builder-el-no-sibling  avia-align-center '  itemprop=\"image\" itemscope=\"itemscope\" itemtype=\"https:\/\/schema.org\/ImageObject\"  ><div class='avia-image-container-inner'><div class='avia-image-overlay-wrap'><img decoding=\"async\" class='wp-image-16506 avia-img-lazy-loading-not-16506 avia_image' src=\"https:\/\/radiorevelacionfm.cl\/wp-content\/uploads\/2022\/05\/taller-inmunizaciones-1-1_optimized.jpg\" alt='' title='taller-inmunizaciones-(1)-(1)_optimized' height=\"600\" width=\"799\"  itemprop=\"thumbnailUrl\" srcset=\"https:\/\/radiorevelacionfm.cl\/wp-content\/uploads\/2022\/05\/taller-inmunizaciones-1-1_optimized.jpg 799w, https:\/\/radiorevelacionfm.cl\/wp-content\/uploads\/2022\/05\/taller-inmunizaciones-1-1_optimized-300x225.jpg 300w, https:\/\/radiorevelacionfm.cl\/wp-content\/uploads\/2022\/05\/taller-inmunizaciones-1-1_optimized-768x577.jpg 768w, https:\/\/radiorevelacionfm.cl\/wp-content\/uploads\/2022\/05\/taller-inmunizaciones-1-1_optimized-705x529.jpg 705w, https:\/\/radiorevelacionfm.cl\/wp-content\/uploads\/2022\/05\/taller-inmunizaciones-1-1_optimized-600x451.jpg 600w\" sizes=\"(max-width: 799px) 100vw, 799px\" \/><\/div><\/div><\/div><\/div><div class=\"flex_column av_one_full  flex_column_div av-zero-column-padding first  avia-builder-el-2  el_after_av_one_full  el_before_av_one_full  column-top-margin\" style='border-radius:0px; '><section class=\"av_textblock_section \"  itemscope=\"itemscope\" itemtype=\"https:\/\/schema.org\/BlogPosting\" itemprop=\"blogPost\" ><div class='avia_textblock  '   itemprop=\"text\" ><p style=\"text-align: center;\"><span style=\"font-size: 18pt;\"><b>Tras dos a\u00f1os realizan taller presencial del Programa de Inmunizaciones para T\u00e9cnicos Param\u00e9dicos de las postas de Salud Rural<\/b>\u00a0\u00a0<\/span><\/p>\n<div id=\"gtx-trans\" style=\"position: absolute; left: -50px; top: 4.31534px;\">\n<div class=\"gtx-trans-icon\"><\/div>\n<\/div>\n<\/div><\/section><\/div><div class=\"flex_column av_one_full  flex_column_div av-zero-column-padding first  avia-builder-el-4  el_after_av_one_full  el_before_av_hr  column-top-margin\" style='border-radius:0px; '><section class=\"av_textblock_section \"  itemscope=\"itemscope\" itemtype=\"https:\/\/schema.org\/BlogPosting\" itemprop=\"blogPost\" ><div class='avia_textblock  '   itemprop=\"text\" ><p class=\"v1MsoNormal\" style=\"text-align: justify;\">M\u00e1s de dos a\u00f1os que los param\u00e9dicos de las postas rurales no se reun\u00edan en una capacitaci\u00f3n de car\u00e1cter presencial, por eso valoran reencontrarse para actualizar el programa de inmunizaciones, con \u00e9nfasis en las campa\u00f1as anti influenza y COVID 19. El taller estuvo a cargo de las referentes del Plan Nacional de Inmunizaciones (PNI) de la Seremi de Salud, Sany Ojeda y del Servicio, Leandra Aguilar.<\/p>\n<p class=\"v1MsoNormal\" style=\"text-align: justify;\">Entre los contenidos del encuentro, realizado este martes y mi\u00e9rcoles en el auditorio del Servicio de Salud Ays\u00e9n (SSA), se encuentran temas tales como: inmunolog\u00eda y clasificaci\u00f3n de vacunas, manejo de anafilaxia post vacunaci\u00f3n, vacunaci\u00f3n segura, entre otras materias que buscan realizar una inmunizaci\u00f3n con alto est\u00e1ndar de seguridad.<\/p>\n<p class=\"v1MsoNormal\" style=\"text-align: justify;\">El objetivo de este taller es conocer y aplicar las normas de vacunaci\u00f3n, con el fin de asegurar que sea segura y de calidad para los usuarios, conforme a lo establecido en el Programa Nacional de Inmunizaciones.<\/p>\n<p class=\"v1MsoNormal\" style=\"text-align: justify;\"><b>Vacuna\u00a0Moderna<\/b><\/p>\n<p class=\"v1MsoNormal\" style=\"text-align: justify;\">Un mill\u00f3n setecientas mil dosis de vacuna Moderna arribaron esta semana al pa\u00eds, las que inicialmente se usar\u00e1n como refuerzo en Coyhaique y Puerto Ays\u00e9n, las ciudades m\u00e1s pobladas de la regi\u00f3n, ya que cada frasco contiene 20 dosis de vacunas, seg\u00fan coment\u00f3 Leandra Aguilar.<\/p>\n<p class=\"v1MsoNormal\" style=\"text-align: justify;\">De todas maneras, Aguilar se\u00f1al\u00f3 que se \u00abpriorizar\u00e1 la oportunidad de vacunaci\u00f3n. Los equipos est\u00e1n al tanto de eso para vacunar cu\u00e1ndo es pertinente y no tramitar a las personas en la b\u00fasqueda de su vacuna, sino que en el momento que se acerquen, vacunarles\u00bb.<\/p>\n<p class=\"v1MsoNormal\" style=\"text-align: justify;\">Cabe mencionar que estos encuentros permiten compartir experiencias y dise\u00f1ar estrategias locales para mejorar las coberturas en vacunaci\u00f3n.<\/p>\n<\/div><\/section><\/div><div  style='height:50px' class='hr hr-invisible   avia-builder-el-6  el_after_av_one_full  el_before_av_social_share '><span class='hr-inner ' ><span class='hr-inner-style'><\/span><\/span><\/div><\/p>\n<div  class='av-social-sharing-box  avia-builder-el-7  el_after_av_hr  el_before_av_hr  '><div class='av-share-box'><h5 class='av-share-link-description av-no-toc '>Compartir esta noticia<\/h5><ul class='av-share-box-list noLightbox'><li class='av-share-link av-social-link-facebook' ><a target=\"_blank\" aria-label=\"Compartir en Facebook\" href='https:\/\/www.facebook.com\/sharer.php?u=https:\/\/radiorevelacionfm.cl\/?p=16505&#038;t=Tras%20dos%20a%C3%B1os%20realizan%20taller%20presencial%20del%20Programa%20de%20Inmunizaciones%20para%20T%C3%A9cnicos%20Param%C3%A9dicos%20de%20las%20postas%20de%20Salud%20Rural' aria-hidden='false' data-av_icon='\ue8f3' data-av_iconfont='entypo-fontello' title='' data-avia-related-tooltip='Compartir en Facebook' rel=\"noopener\"><span class='avia_hidden_link_text'>Compartir en Facebook<\/span><\/a><\/li><li class='av-share-link av-social-link-twitter' ><a target=\"_blank\" aria-label=\"Compartir en Twitter\" href='https:\/\/twitter.com\/share?text=Tras%20dos%20a%C3%B1os%20realizan%20taller%20presencial%20del%20Programa%20de%20Inmunizaciones%20para%20T%C3%A9cnicos%20Param%C3%A9dicos%20de%20las%20postas%20de%20Salud%20Rural&#038;url=https:\/\/radiorevelacionfm.cl\/?p=16505' aria-hidden='false' data-av_icon='\ue8f1' data-av_iconfont='entypo-fontello' title='' data-avia-related-tooltip='Compartir en Twitter' rel=\"noopener\"><span class='avia_hidden_link_text'>Compartir en Twitter<\/span><\/a><\/li><li class='av-share-link av-social-link-whatsapp' ><a target=\"_blank\" aria-label=\"Compartir en Whatsapp\" href='https:\/\/api.whatsapp.com\/send?text=https:\/\/radiorevelacionfm.cl\/?p=16505' aria-hidden='false' data-av_icon='\uf232' data-av_iconfont='entypo-fontello' title='' data-avia-related-tooltip='Compartir en Whatsapp' rel=\"noopener\"><span class='avia_hidden_link_text'>Compartir en Whatsapp<\/span><\/a><\/li><li class='av-share-link av-social-link-linkedin' ><a target=\"_blank\" aria-label=\"Compartir en LinkedIn\" href='https:\/\/linkedin.com\/shareArticle?mini=true&#038;title=Tras%20dos%20a%C3%B1os%20realizan%20taller%20presencial%20del%20Programa%20de%20Inmunizaciones%20para%20T%C3%A9cnicos%20Param%C3%A9dicos%20de%20las%20postas%20de%20Salud%20Rural&#038;url=https:\/\/radiorevelacionfm.cl\/?p=16505' aria-hidden='false' data-av_icon='\ue8fc' data-av_iconfont='entypo-fontello' title='' data-avia-related-tooltip='Compartir en LinkedIn' rel=\"noopener\"><span class='avia_hidden_link_text'>Compartir en LinkedIn<\/span><\/a><\/li><li class='av-share-link av-social-link-mail' ><a  aria-label=\"Compartir por correo\" href='mailto:?subject=Tras%20dos%20a%C3%B1os%20realizan%20taller%20presencial%20del%20Programa%20de%20Inmunizaciones%20para%20T%C3%A9cnicos%20Param%C3%A9dicos%20de%20las%20postas%20de%20Salud%20Rural&#038;body=https:\/\/radiorevelacionfm.cl\/?p=16505' aria-hidden='false' data-av_icon='\ue805' data-av_iconfont='entypo-fontello' title='' data-avia-related-tooltip='Compartir por correo'><span class='avia_hidden_link_text'>Compartir por correo<\/span><\/a><\/li><\/ul><\/div><\/div>\n<div  style='height:50px' class='hr hr-invisible   avia-builder-el-8  el_after_av_social_share  el_before_av_comments_list '><span class='hr-inner ' ><span class='hr-inner-style'><\/span><\/span><\/div>\n<div  class='av-buildercomment  av-blog-meta-html-info-disabled av-blog-meta-tag-disabled  '><\/div>\n","protected":false},"excerpt":{"rendered":"","protected":false},"author":1,"featured_media":16506,"comment_status":"open","ping_status":"open","sticky":false,"template":"","format":"standard","meta":{"footnotes":""},"categories":[46],"tags":[],"class_list":["post-16505","post","type-post","status-publish","format-standard","has-post-thumbnail","hentry","category-salud"],"jetpack_featured_media_url":"https:\/\/radiorevelacionfm.cl\/wp-content\/uploads\/2022\/05\/taller-inmunizaciones-1-1_optimized.jpg","_links":{"self":[{"href":"https:\/\/radiorevelacionfm.cl\/index.php?rest_route=\/wp\/v2\/posts\/16505","targetHints":{"allow":["GET"]}}],"collection":[{"href":"https:\/\/radiorevelacionfm.cl\/index.php?rest_route=\/wp\/v2\/posts"}],"about":[{"href":"https:\/\/radiorevelacionfm.cl\/index.php?rest_route=\/wp\/v2\/types\/post"}],"author":[{"embeddable":true,"href":"https:\/\/radiorevelacionfm.cl\/index.php?rest_route=\/wp\/v2\/users\/1"}],"replies":[{"embeddable":true,"href":"https:\/\/radiorevelacionfm.cl\/index.php?rest_route=%2Fwp%2Fv2%2Fcomments&post=16505"}],"version-history":[{"count":2,"href":"https:\/\/radiorevelacionfm.cl\/index.php?rest_route=\/wp\/v2\/posts\/16505\/revisions"}],"predecessor-version":[{"id":16518,"href":"https:\/\/radiorevelacionfm.cl\/index.php?rest_route=\/wp\/v2\/posts\/16505\/revisions\/16518"}],"wp:featuredmedia":[{"embeddable":true,"href":"https:\/\/radiorevelacionfm.cl\/index.php?rest_route=\/wp\/v2\/media\/16506"}],"wp:attachment":[{"href":"https:\/\/radiorevelacionfm.cl\/index.php?rest_route=%2Fwp%2Fv2%2Fmedia&parent=16505"}],"wp:term":[{"taxonomy":"category","embeddable":true,"href":"https:\/\/radiorevelacionfm.cl\/index.php?rest_route=%2Fwp%2Fv2%2Fcategories&post=16505"},{"taxonomy":"post_tag","embeddable":true,"href":"https:\/\/radiorevelacionfm.cl\/index.php?rest_route=%2Fwp%2Fv2%2Ftags&post=16505"}],"curies":[{"name":"wp","href":"https:\/\/api.w.org\/{rel}","templated":true}]}}