{"id":16502,"date":"2022-05-04T18:35:16","date_gmt":"2022-05-04T21:35:16","guid":{"rendered":"https:\/\/radiorevelacionfm.cl\/?p=16502"},"modified":"2022-05-04T18:35:16","modified_gmt":"2022-05-04T21:35:16","slug":"grupo-transversal-de-diputados-conforman-bancada-del-gas-y-piden-al-gobierno-que-presente-mecanismo-para-regular-mercado","status":"publish","type":"post","link":"https:\/\/radiorevelacionfm.cl\/?p=16502","title":{"rendered":"Grupo transversal de diputados conforman \u201cBancada del gas\u201d y piden al Gobierno que presente mecanismo para regular mercado"},"content":{"rendered":"<div class=\"flex_column av_one_full  flex_column_div av-zero-column-padding first  avia-builder-el-0  el_before_av_one_full  avia-builder-el-first  \" style='border-radius:0px; '><div  class='avia-image-container  av-styling-    avia-builder-el-1  avia-builder-el-no-sibling  avia-align-center '  itemprop=\"image\" itemscope=\"itemscope\" itemtype=\"https:\/\/schema.org\/ImageObject\"  ><div class='avia-image-container-inner'><div class='avia-image-overlay-wrap'><img decoding=\"async\" class='wp-image-16503 avia-img-lazy-loading-not-16503 avia_image' src=\"https:\/\/radiorevelacionfm.cl\/wp-content\/uploads\/2022\/05\/20220504_111633-1-1.jpg\" alt='' title='20220504_111633 (1) (1)' height=\"600\" width=\"800\"  itemprop=\"thumbnailUrl\" srcset=\"https:\/\/radiorevelacionfm.cl\/wp-content\/uploads\/2022\/05\/20220504_111633-1-1.jpg 800w, https:\/\/radiorevelacionfm.cl\/wp-content\/uploads\/2022\/05\/20220504_111633-1-1-300x225.jpg 300w, https:\/\/radiorevelacionfm.cl\/wp-content\/uploads\/2022\/05\/20220504_111633-1-1-768x576.jpg 768w, https:\/\/radiorevelacionfm.cl\/wp-content\/uploads\/2022\/05\/20220504_111633-1-1-705x529.jpg 705w, https:\/\/radiorevelacionfm.cl\/wp-content\/uploads\/2022\/05\/20220504_111633-1-1-600x450.jpg 600w\" sizes=\"(max-width: 800px) 100vw, 800px\" \/><\/div><\/div><\/div><\/div><div class=\"flex_column av_one_full  flex_column_div av-zero-column-padding first  avia-builder-el-2  el_after_av_one_full  el_before_av_one_full  column-top-margin\" style='border-radius:0px; '><section class=\"av_textblock_section \"  itemscope=\"itemscope\" itemtype=\"https:\/\/schema.org\/BlogPosting\" itemprop=\"blogPost\" ><div class='avia_textblock  '   itemprop=\"text\" ><p style=\"text-align: center;\"><span style=\"font-size: 18pt;\"><b><span lang=\"ES\">Grupo transversal de diputados conforman \u201cBancada del gas\u201d y piden al Gobierno que presente mecanismo para regular mercado<\/span><\/b><\/span><\/p>\n<div id=\"gtx-trans\" style=\"position: absolute; left: -50px; top: 4.31534px;\">\n<div class=\"gtx-trans-icon\"><\/div>\n<\/div>\n<\/div><\/section><\/div><div class=\"flex_column av_one_full  flex_column_div av-zero-column-padding first  avia-builder-el-4  el_after_av_one_full  el_before_av_hr  column-top-margin\" style='border-radius:0px; '><section class=\"av_textblock_section \"  itemscope=\"itemscope\" itemtype=\"https:\/\/schema.org\/BlogPosting\" itemprop=\"blogPost\" ><div class='avia_textblock  '   itemprop=\"text\" ><p style=\"font-weight: 400; text-align: justify;\">Ante la inminente llegada del invierno y las bajas temperaturas, un grupo de parlamentarios de distintos partidos pol\u00edticos crearon la denominada \u201c<strong>Bancada del Gas\u201d,<\/strong>\u00a0instancia que tiene como fin presionar al Gobierno para que presente medidas concretas para disminuir el precio del gas, como la implementaci\u00f3n de un mecanismo que permita regularizar el mercado de este producto.<\/p>\n<p style=\"font-weight: 400; text-align: justify;\">La\u00a0<strong>Bancada del Gas\u00a0<\/strong>est\u00e1 compuesta por los diputados<strong>\u00a0<\/strong>de la DC<strong>\u00a0Jorge Saffirio<\/strong>,\u00a0<strong>Miguel \u00c1ngel Calisto<\/strong>,\u00a0<strong>H\u00e9ctor Barr\u00eda<\/strong>,\u00a0<strong>Joanna P\u00e9rez<\/strong>\u00a0y\u00a0<strong>Felipe Caama\u00f1o<\/strong>, la diputada\u00a0<strong>Danisa Asudillo<\/strong>\u00a0del Partido Socialista,\u00a0<strong>Rub\u00e9n Oyarzo<\/strong>\u00a0del Partido de la Gente,\u00a0<strong>\u00c1lvaro Carter<\/strong>\u00a0de la UDI,\u00a0<strong>Hotuiti Teao<\/strong>\u00a0de la bancada de Ev\u00f3poli,\u00a0<strong>Ren\u00e9 Alinco<\/strong>\u00a0de la bancada PPD,\u00a0<strong>Alejandro Bernales<\/strong>\u00a0y\u00a0<strong>Luis Malla<\/strong>\u00a0del Partido Liberal.<\/p>\n<p style=\"font-weight: 400; text-align: justify;\">El diputado Miguel \u00c1ngel\u00a0Calisto, quien fue presidente de la Comisi\u00f3n Investigadora por posible colusi\u00f3n de las empresas que comercializan este elemento, \u201chemos formado esta bancada transversal de diputados para pedirle al Gobierno que agilice la implementaci\u00f3n de un mecanismo que permita regularizar el mercado del gas. La fiscal\u00eda nacional Econ\u00f3mica se\u00f1al\u00f3 que este mercado estaba viciado y que es fundamental que el Estado se incorpore en la regulaci\u00f3n\u201d.<\/p>\n<p style=\"font-weight: 400; text-align: justify;\">\u201cEstamos pidiendo que el Gobierno del Presidente Boric tome la iniciativa y se avance en un mecanismo regulatorio que permita bajar el precio del gas en Chile. En algunas localidades de las zonas extremas, los cilindros de 15 kilos est\u00e1n llegando a los 40 mil pesos. Esto es principalmente porque el mercado del gas no tiene regulaci\u00f3n\u201d, se\u00f1al\u00f3 Calisto.<\/p>\n<p style=\"font-weight: 400; text-align: justify;\">Seg\u00fan el diputado Hotuiti Teao, \u201cesto es algo que ya advirti\u00f3 la Fiscal\u00eda Nacional Econ\u00f3mica. Las familias del pa\u00eds ya se est\u00e1n viendo tremendamente afectadas con la inflaci\u00f3n como para que, adem\u00e1s, sean v\u00edctimas de empresas que se coluden y ajustan sus precios para sacar m\u00e1s ganancias. De cara al invierno para las familias y considerando que hay muchas PYMES que dependen enormemente del valor del gas para sacar adelante sus emprendimientos &#8211; en el \u00e1rea culinaria, por ejemplo &#8211; es que necesitamos que se fiscalice y se regule el precio\u201d.<\/p>\n<p style=\"font-weight: 400; text-align: justify;\">Por su parte, la diputada del Partido Socialista, Danisa Astudillo, se\u00f1al\u00f3 que \u201cpara nadie es desconocido el abuso que han cometido quienes distribuyen el gas para las familias. Como diputada siempre vamos a estar apoyando todas las iniciativas que permitan a las familias m\u00e1s vulnerables y a la clase media a superar la inflaci\u00f3n que est\u00e1 atravesando nuestro pa\u00eds. Nos sumamos a esta bancada para ir en apoyo de muchas familias que usan el gas a diario para cocinar o para la calefacci\u00f3n, como tambi\u00e9n a aquellas PYMES que trabajan en el rubro gastron\u00f3mico\u201d.<\/p>\n<p style=\"font-weight: 400; text-align: justify;\"><strong>Cr\u00edticas al plan piloto<\/strong><\/p>\n<p style=\"font-weight: 400; text-align: justify;\">El diputado \u00c1lvaro Carter afirm\u00f3 que \u201cesta bancada lo que busca es poder avanzar para que el precio del gas sea justo, y pedirle al Presidente Boric que mejore el\u00a0<strong>plan piloto<\/strong>. En un mercado de 20 millones de balones de gas, no puede creer el Presidente que con 100 mil podr\u00e1 influir en el precio. Eso es re\u00edrse de la gente y su necesidad\u201d.<\/p>\n<p style=\"font-weight: 400; text-align: justify;\">Finalmente, Carter se\u00f1al\u00f3 que \u201cel mismo prometi\u00f3 que este invierno habr\u00eda una ley, y no la hay. Es muy dif\u00edcil que con el plan que tiene ahora, lo que ha anunciado, se logre. Le quiero decir al Presidente que no enga\u00f1e al Pa\u00eds y entregue un proyecto que sea de real ayuda a las familias de Chile\u201d.<\/p>\n<\/div><\/section><\/div><div  style='height:50px' class='hr hr-invisible   avia-builder-el-6  el_after_av_one_full  el_before_av_social_share '><span class='hr-inner ' ><span class='hr-inner-style'><\/span><\/span><\/div><\/p>\n<div  class='av-social-sharing-box  avia-builder-el-7  el_after_av_hr  el_before_av_hr  '><div class='av-share-box'><h5 class='av-share-link-description av-no-toc '>Compartir esta noticia<\/h5><ul class='av-share-box-list noLightbox'><li class='av-share-link av-social-link-facebook' ><a target=\"_blank\" aria-label=\"Compartir en Facebook\" href='https:\/\/www.facebook.com\/sharer.php?u=https:\/\/radiorevelacionfm.cl\/?p=16502&#038;t=Grupo%20transversal%20de%20diputados%20conforman%20%E2%80%9CBancada%20del%20gas%E2%80%9D%20y%20piden%20al%20Gobierno%20que%20presente%20mecanismo%20para%20regular%20mercado' aria-hidden='false' data-av_icon='\ue8f3' data-av_iconfont='entypo-fontello' title='' data-avia-related-tooltip='Compartir en Facebook' rel=\"noopener\"><span class='avia_hidden_link_text'>Compartir en Facebook<\/span><\/a><\/li><li class='av-share-link av-social-link-twitter' ><a target=\"_blank\" aria-label=\"Compartir en Twitter\" href='https:\/\/twitter.com\/share?text=Grupo%20transversal%20de%20diputados%20conforman%20%E2%80%9CBancada%20del%20gas%E2%80%9D%20y%20piden%20al%20Gobierno%20que%20presente%20mecanismo%20para%20regular%20mercado&#038;url=https:\/\/radiorevelacionfm.cl\/?p=16502' aria-hidden='false' data-av_icon='\ue8f1' data-av_iconfont='entypo-fontello' title='' data-avia-related-tooltip='Compartir en Twitter' rel=\"noopener\"><span class='avia_hidden_link_text'>Compartir en Twitter<\/span><\/a><\/li><li class='av-share-link av-social-link-whatsapp' ><a target=\"_blank\" aria-label=\"Compartir en Whatsapp\" href='https:\/\/api.whatsapp.com\/send?text=https:\/\/radiorevelacionfm.cl\/?p=16502' aria-hidden='false' data-av_icon='\uf232' data-av_iconfont='entypo-fontello' title='' data-avia-related-tooltip='Compartir en Whatsapp' rel=\"noopener\"><span class='avia_hidden_link_text'>Compartir en Whatsapp<\/span><\/a><\/li><li class='av-share-link av-social-link-linkedin' ><a target=\"_blank\" aria-label=\"Compartir en LinkedIn\" href='https:\/\/linkedin.com\/shareArticle?mini=true&#038;title=Grupo%20transversal%20de%20diputados%20conforman%20%E2%80%9CBancada%20del%20gas%E2%80%9D%20y%20piden%20al%20Gobierno%20que%20presente%20mecanismo%20para%20regular%20mercado&#038;url=https:\/\/radiorevelacionfm.cl\/?p=16502' aria-hidden='false' data-av_icon='\ue8fc' data-av_iconfont='entypo-fontello' title='' data-avia-related-tooltip='Compartir en LinkedIn' rel=\"noopener\"><span class='avia_hidden_link_text'>Compartir en LinkedIn<\/span><\/a><\/li><li class='av-share-link av-social-link-mail' ><a  aria-label=\"Compartir por correo\" href='mailto:?subject=Grupo%20transversal%20de%20diputados%20conforman%20%E2%80%9CBancada%20del%20gas%E2%80%9D%20y%20piden%20al%20Gobierno%20que%20presente%20mecanismo%20para%20regular%20mercado&#038;body=https:\/\/radiorevelacionfm.cl\/?p=16502' aria-hidden='false' data-av_icon='\ue805' data-av_iconfont='entypo-fontello' title='' data-avia-related-tooltip='Compartir por correo'><span class='avia_hidden_link_text'>Compartir por correo<\/span><\/a><\/li><\/ul><\/div><\/div>\n<div  style='height:50px' class='hr hr-invisible   avia-builder-el-8  el_after_av_social_share  el_before_av_comments_list '><span class='hr-inner ' ><span class='hr-inner-style'><\/span><\/span><\/div>\n<div  class='av-buildercomment  av-blog-meta-html-info-disabled av-blog-meta-tag-disabled  '><\/div>\n","protected":false},"excerpt":{"rendered":"","protected":false},"author":1,"featured_media":16503,"comment_status":"open","ping_status":"open","sticky":false,"template":"","format":"standard","meta":{"footnotes":""},"categories":[35],"tags":[],"class_list":["post-16502","post","type-post","status-publish","format-standard","has-post-thumbnail","hentry","category-politica"],"jetpack_featured_media_url":"https:\/\/radiorevelacionfm.cl\/wp-content\/uploads\/2022\/05\/20220504_111633-1-1.jpg","_links":{"self":[{"href":"https:\/\/radiorevelacionfm.cl\/index.php?rest_route=\/wp\/v2\/posts\/16502","targetHints":{"allow":["GET"]}}],"collection":[{"href":"https:\/\/radiorevelacionfm.cl\/index.php?rest_route=\/wp\/v2\/posts"}],"about":[{"href":"https:\/\/radiorevelacionfm.cl\/index.php?rest_route=\/wp\/v2\/types\/post"}],"author":[{"embeddable":true,"href":"https:\/\/radiorevelacionfm.cl\/index.php?rest_route=\/wp\/v2\/users\/1"}],"replies":[{"embeddable":true,"href":"https:\/\/radiorevelacionfm.cl\/index.php?rest_route=%2Fwp%2Fv2%2Fcomments&post=16502"}],"version-history":[{"count":2,"href":"https:\/\/radiorevelacionfm.cl\/index.php?rest_route=\/wp\/v2\/posts\/16502\/revisions"}],"predecessor-version":[{"id":16508,"href":"https:\/\/radiorevelacionfm.cl\/index.php?rest_route=\/wp\/v2\/posts\/16502\/revisions\/16508"}],"wp:featuredmedia":[{"embeddable":true,"href":"https:\/\/radiorevelacionfm.cl\/index.php?rest_route=\/wp\/v2\/media\/16503"}],"wp:attachment":[{"href":"https:\/\/radiorevelacionfm.cl\/index.php?rest_route=%2Fwp%2Fv2%2Fmedia&parent=16502"}],"wp:term":[{"taxonomy":"category","embeddable":true,"href":"https:\/\/radiorevelacionfm.cl\/index.php?rest_route=%2Fwp%2Fv2%2Fcategories&post=16502"},{"taxonomy":"post_tag","embeddable":true,"href":"https:\/\/radiorevelacionfm.cl\/index.php?rest_route=%2Fwp%2Fv2%2Ftags&post=16502"}],"curies":[{"name":"wp","href":"https:\/\/api.w.org\/{rel}","templated":true}]}}