{"id":16498,"date":"2022-05-04T17:56:04","date_gmt":"2022-05-04T20:56:04","guid":{"rendered":"https:\/\/radiorevelacionfm.cl\/?p=16498"},"modified":"2022-05-04T17:56:04","modified_gmt":"2022-05-04T20:56:04","slug":"pdi-y-fiscalia-detienen-y-formalizan-a-dos-imputados-por-robo-en-domicilio-en-el-sector-el-claro","status":"publish","type":"post","link":"https:\/\/radiorevelacionfm.cl\/?p=16498","title":{"rendered":"PDI y Fiscal\u00eda detienen y formalizan a dos imputados por robo en domicilio en el sector El Claro"},"content":{"rendered":"<div class=\"flex_column av_one_full  flex_column_div av-zero-column-padding first  avia-builder-el-0  el_before_av_one_full  avia-builder-el-first  \" style='border-radius:0px; '><div  class='avia-image-container  av-styling-    avia-builder-el-1  avia-builder-el-no-sibling  avia-align-center '  itemprop=\"image\" itemscope=\"itemscope\" itemtype=\"https:\/\/schema.org\/ImageObject\"  ><div class='avia-image-container-inner'><div class='avia-image-overlay-wrap'><img decoding=\"async\" class='wp-image-16499 avia-img-lazy-loading-not-16499 avia_image' src=\"https:\/\/radiorevelacionfm.cl\/wp-content\/uploads\/2022\/05\/Generica-detenido-1-1.jpeg\" alt='' title='Gen\u00e9rica detenido (1) (1)' height=\"600\" width=\"904\"  itemprop=\"thumbnailUrl\" srcset=\"https:\/\/radiorevelacionfm.cl\/wp-content\/uploads\/2022\/05\/Generica-detenido-1-1.jpeg 904w, https:\/\/radiorevelacionfm.cl\/wp-content\/uploads\/2022\/05\/Generica-detenido-1-1-300x199.jpeg 300w, https:\/\/radiorevelacionfm.cl\/wp-content\/uploads\/2022\/05\/Generica-detenido-1-1-768x510.jpeg 768w, https:\/\/radiorevelacionfm.cl\/wp-content\/uploads\/2022\/05\/Generica-detenido-1-1-705x468.jpeg 705w, https:\/\/radiorevelacionfm.cl\/wp-content\/uploads\/2022\/05\/Generica-detenido-1-1-600x398.jpeg 600w\" sizes=\"(max-width: 904px) 100vw, 904px\" \/><\/div><\/div><\/div><\/div><div class=\"flex_column av_one_full  flex_column_div av-zero-column-padding first  avia-builder-el-2  el_after_av_one_full  el_before_av_one_full  column-top-margin\" style='border-radius:0px; '><section class=\"av_textblock_section \"  itemscope=\"itemscope\" itemtype=\"https:\/\/schema.org\/BlogPosting\" itemprop=\"blogPost\" ><div class='avia_textblock  '   itemprop=\"text\" ><p style=\"text-align: center;\"><span style=\"font-size: 18pt;\"><strong>PDI y Fiscal\u00eda detienen y formalizan a dos imputados por robo en domicilio en el sector El Claro<\/strong><\/span><\/p>\n<div id=\"gtx-trans\" style=\"position: absolute; left: -50px; top: 4.31534px;\">\n<div class=\"gtx-trans-icon\"><\/div>\n<\/div>\n<\/div><\/section><\/div><div class=\"flex_column av_one_full  flex_column_div av-zero-column-padding first  avia-builder-el-4  el_after_av_one_full  el_before_av_hr  column-top-margin\" style='border-radius:0px; '><section class=\"av_textblock_section \"  itemscope=\"itemscope\" itemtype=\"https:\/\/schema.org\/BlogPosting\" itemprop=\"blogPost\" ><div class='avia_textblock  '   itemprop=\"text\" ><p style=\"text-align: justify;\">En un trabajo coordinado entre la Fiscal\u00eda Local de Coyhaique y la Polic\u00eda de Investigaciones de Chile, detectives de la Brigada Investigadora de Robos (BIRO) Coyhaique detuvieron a dos imputados por el delito de robo en lugar habitado, hecho ocurrido el domingo en un domicilio particular del sector El Claro en la comuna de Coyhaique. Ambos detenidos son mayores de edad y uno de los imputados mantiene dos condenas por el delito de receptaci\u00f3n. Las diligencias del caso fueron solicitadas por el fiscal de turno, Luis Contreras, y en las audiencias compareci\u00f3 el fiscal Patricio Jory.<\/p>\n<p style=\"text-align: justify;\">Al respecto, el jefe de la BIRO Coyhaique, subprefecto V\u00edctor Toledo, se\u00f1al\u00f3 que \u201cdetectives de la Brigada Investigadora de Robos Coyhaique el pasado d\u00eda domingo tomaron conocimiento de un robo en lugar habitado que afect\u00f3 a un inmueble ubicado en el sector rural de El Claro, lugar donde se tom\u00f3 conocimiento que dos sujetos desconocidos en horas de la ma\u00f1ana hab\u00edan sustra\u00eddo diversas especies desde el interior del inmueble, fracturando parte de los accesos principales\u201d.<\/p>\n<p style=\"text-align: justify;\">\u201cEn base a un trabajo investigativo y de an\u00e1lisis criminal, apoyado por el Laboratorio de Criminal\u00edstica Regional, durante la tarde de ese d\u00eda domingo se detuvo a uno de los autores, recuperando parte de las especies sustra\u00eddas y continuando con el proceso investigativo se logr\u00f3 la detenci\u00f3n del segundo implicado en este delito, antecedentes que fueron puestos a disposici\u00f3n del Ministerio P\u00fablico\u201d.<\/p>\n<p style=\"text-align: justify;\">Las especies sustra\u00eddas, algunas joyas, una cocinilla y aparatos tecnol\u00f3gicos, fueron avaluadas en $2.900.000 por el denunciante, mientras que el aval\u00fao de las especies recuperadas asciende a $1.800.000.<\/p>\n<p style=\"text-align: justify;\">PRISI\u00d3N PREVENTIVA<\/p>\n<p style=\"text-align: justify;\">Ambos detenidos fueron puestos a disposici\u00f3n del Juzgado de Garant\u00eda de Coyhaique para su control de detenci\u00f3n y formalizaci\u00f3n por parte de la Fiscal\u00eda Local de Coyhaique.<\/p>\n<p style=\"text-align: justify;\">Sobre este caso, el fiscal Patricio Jory, explic\u00f3 que \u201cla Fiscal\u00eda despach\u00f3 una orden de investigar verbal a la PDI. Se analizaron principalmente las im\u00e1genes que entreg\u00f3 la v\u00edctima y tambi\u00e9n un local comercial cercano a la casa particular que fue afectada, como as\u00ed tambi\u00e9n im\u00e1genes e informaciones que circulaban en redes sociales\u201d.<\/p>\n<p style=\"text-align: justify;\">El persecutor penal agreg\u00f3 que \u201cse detuvo al primero de los dos involucrados y se le formaliz\u00f3 cargos el lunes, quedando en prisi\u00f3n preventiva y con un plazo de investigaci\u00f3n de 90 d\u00edas. Esa persona ten\u00eda otras condenas por delitos de robos, de manera que el Tribunal tuvo en especial consideraci\u00f3n esa circunstancia, y tambi\u00e9n el hecho que la pena asignada para el delito de robo en lugar habitado partiera en cinco a\u00f1os y un d\u00eda\u201d.<\/p>\n<p style=\"text-align: justify;\">Respecto de la segunda persona involucrada, y considerando que estaba siendo buscada por la PDI en base a diversos antecedentes que lo involucraban en el delito, esta se present\u00f3 voluntariamente e hizo entrega de una tablet que hab\u00eda sido sustra\u00edda desde la casa, la cual fue reconocida por la v\u00edctima. Este sujeto fue formalizado este martes por robo en lugar habitado. \u201cSe pidi\u00f3 su prisi\u00f3n preventiva, sin embargo, el Tribunal no accedi\u00f3 debido a que el imputado no ten\u00eda antecedentes penales, se hab\u00eda entregado y confesado el delito\u201d. En relaci\u00f3n a este imputado, la Fiscal\u00eda apel\u00f3 verbalmente en la audiencia y este mi\u00e9rcoles, tras un alegato donde particip\u00f3 la Unidad de Asesor\u00eda Jur\u00eddica del Ministerio P\u00fablico, la Ilustr\u00edsima Corte de Apelaciones orden\u00f3 su prisi\u00f3n preventiva.<\/p>\n<\/div><\/section><\/div><div  style='height:50px' class='hr hr-invisible   avia-builder-el-6  el_after_av_one_full  el_before_av_social_share '><span class='hr-inner ' ><span class='hr-inner-style'><\/span><\/span><\/div><\/p>\n<div  class='av-social-sharing-box  avia-builder-el-7  el_after_av_hr  el_before_av_hr  '><div class='av-share-box'><h5 class='av-share-link-description av-no-toc '>Compartir esta noticia<\/h5><ul class='av-share-box-list noLightbox'><li class='av-share-link av-social-link-facebook' ><a target=\"_blank\" aria-label=\"Compartir en Facebook\" href='https:\/\/www.facebook.com\/sharer.php?u=https:\/\/radiorevelacionfm.cl\/?p=16498&#038;t=PDI%20y%20Fiscal%C3%ADa%20detienen%20y%20formalizan%20a%20dos%20imputados%20por%20robo%20en%20domicilio%20en%20el%20sector%20El%20Claro' aria-hidden='false' data-av_icon='\ue8f3' data-av_iconfont='entypo-fontello' title='' data-avia-related-tooltip='Compartir en Facebook' rel=\"noopener\"><span class='avia_hidden_link_text'>Compartir en Facebook<\/span><\/a><\/li><li class='av-share-link av-social-link-twitter' ><a target=\"_blank\" aria-label=\"Compartir en Twitter\" href='https:\/\/twitter.com\/share?text=PDI%20y%20Fiscal%C3%ADa%20detienen%20y%20formalizan%20a%20dos%20imputados%20por%20robo%20en%20domicilio%20en%20el%20sector%20El%20Claro&#038;url=https:\/\/radiorevelacionfm.cl\/?p=16498' aria-hidden='false' data-av_icon='\ue8f1' data-av_iconfont='entypo-fontello' title='' data-avia-related-tooltip='Compartir en Twitter' rel=\"noopener\"><span class='avia_hidden_link_text'>Compartir en Twitter<\/span><\/a><\/li><li class='av-share-link av-social-link-whatsapp' ><a target=\"_blank\" aria-label=\"Compartir en Whatsapp\" href='https:\/\/api.whatsapp.com\/send?text=https:\/\/radiorevelacionfm.cl\/?p=16498' aria-hidden='false' data-av_icon='\uf232' data-av_iconfont='entypo-fontello' title='' data-avia-related-tooltip='Compartir en Whatsapp' rel=\"noopener\"><span class='avia_hidden_link_text'>Compartir en Whatsapp<\/span><\/a><\/li><li class='av-share-link av-social-link-linkedin' ><a target=\"_blank\" aria-label=\"Compartir en LinkedIn\" href='https:\/\/linkedin.com\/shareArticle?mini=true&#038;title=PDI%20y%20Fiscal%C3%ADa%20detienen%20y%20formalizan%20a%20dos%20imputados%20por%20robo%20en%20domicilio%20en%20el%20sector%20El%20Claro&#038;url=https:\/\/radiorevelacionfm.cl\/?p=16498' aria-hidden='false' data-av_icon='\ue8fc' data-av_iconfont='entypo-fontello' title='' data-avia-related-tooltip='Compartir en LinkedIn' rel=\"noopener\"><span class='avia_hidden_link_text'>Compartir en LinkedIn<\/span><\/a><\/li><li class='av-share-link av-social-link-mail' ><a  aria-label=\"Compartir por correo\" href='mailto:?subject=PDI%20y%20Fiscal%C3%ADa%20detienen%20y%20formalizan%20a%20dos%20imputados%20por%20robo%20en%20domicilio%20en%20el%20sector%20El%20Claro&#038;body=https:\/\/radiorevelacionfm.cl\/?p=16498' aria-hidden='false' data-av_icon='\ue805' data-av_iconfont='entypo-fontello' title='' data-avia-related-tooltip='Compartir por correo'><span class='avia_hidden_link_text'>Compartir por correo<\/span><\/a><\/li><\/ul><\/div><\/div>\n<div  style='height:50px' class='hr hr-invisible   avia-builder-el-8  el_after_av_social_share  el_before_av_comments_list '><span class='hr-inner ' ><span class='hr-inner-style'><\/span><\/span><\/div>\n<div  class='av-buildercomment  av-blog-meta-html-info-disabled av-blog-meta-tag-disabled  '><\/div>\n","protected":false},"excerpt":{"rendered":"","protected":false},"author":1,"featured_media":16499,"comment_status":"open","ping_status":"open","sticky":false,"template":"","format":"standard","meta":{"footnotes":""},"categories":[36],"tags":[],"class_list":["post-16498","post","type-post","status-publish","format-standard","has-post-thumbnail","hentry","category-policial"],"jetpack_featured_media_url":"https:\/\/radiorevelacionfm.cl\/wp-content\/uploads\/2022\/05\/Generica-detenido-1-1.jpeg","_links":{"self":[{"href":"https:\/\/radiorevelacionfm.cl\/index.php?rest_route=\/wp\/v2\/posts\/16498","targetHints":{"allow":["GET"]}}],"collection":[{"href":"https:\/\/radiorevelacionfm.cl\/index.php?rest_route=\/wp\/v2\/posts"}],"about":[{"href":"https:\/\/radiorevelacionfm.cl\/index.php?rest_route=\/wp\/v2\/types\/post"}],"author":[{"embeddable":true,"href":"https:\/\/radiorevelacionfm.cl\/index.php?rest_route=\/wp\/v2\/users\/1"}],"replies":[{"embeddable":true,"href":"https:\/\/radiorevelacionfm.cl\/index.php?rest_route=%2Fwp%2Fv2%2Fcomments&post=16498"}],"version-history":[{"count":2,"href":"https:\/\/radiorevelacionfm.cl\/index.php?rest_route=\/wp\/v2\/posts\/16498\/revisions"}],"predecessor-version":[{"id":16501,"href":"https:\/\/radiorevelacionfm.cl\/index.php?rest_route=\/wp\/v2\/posts\/16498\/revisions\/16501"}],"wp:featuredmedia":[{"embeddable":true,"href":"https:\/\/radiorevelacionfm.cl\/index.php?rest_route=\/wp\/v2\/media\/16499"}],"wp:attachment":[{"href":"https:\/\/radiorevelacionfm.cl\/index.php?rest_route=%2Fwp%2Fv2%2Fmedia&parent=16498"}],"wp:term":[{"taxonomy":"category","embeddable":true,"href":"https:\/\/radiorevelacionfm.cl\/index.php?rest_route=%2Fwp%2Fv2%2Fcategories&post=16498"},{"taxonomy":"post_tag","embeddable":true,"href":"https:\/\/radiorevelacionfm.cl\/index.php?rest_route=%2Fwp%2Fv2%2Ftags&post=16498"}],"curies":[{"name":"wp","href":"https:\/\/api.w.org\/{rel}","templated":true}]}}